{"id":10969,"date":"2023-03-13T17:40:29","date_gmt":"2023-03-13T20:40:29","guid":{"rendered":"https:\/\/www.omie.com.br\/blog\/?p=10969"},"modified":"2023-04-19T20:29:56","modified_gmt":"2023-04-19T23:29:56","slug":"omie-na-imprensa-veja-os-destaques-das-ultimas-semanas","status":"publish","type":"post","link":"https:\/\/www.omie.com.br\/blog\/omie-na-imprensa-veja-os-destaques-das-ultimas-semanas\/","title":{"rendered":"Omie na Imprensa: veja os destaques das \u00faltimas semanas!"},"content":{"rendered":"<h2><span style=\"font-weight: 400;\">Dia das Mulheres<\/span><\/h2>\n<h3><b>100 mulheres da inova\u00e7\u00e3o<\/b><\/h3>\n<p><span style=\"font-weight: 400;\">Em uma mat\u00e9ria especial, a \u00c9poca Neg\u00f3cios citou Aurora Suh, CRO da Omie, e Ingrid Barth, COO e fundadora da Linker, como dois dos principais nomes femininos da inova\u00e7\u00e3o no Brasil.<\/span><\/p>\n<blockquote><p><b>Leia mais: <\/b><a href=\"https:\/\/epocanegocios.globo.com\/personalidades\/inovadores\/noticia\/2023\/03\/as-100-mulheres-inovadoras-que-estao-reescrevendo-a-historia.ghtml\" target=\"_blank\" rel=\"noopener\"><b>\u00c9poca Neg\u00f3cios<\/b><\/a><\/p><\/blockquote>\n<h3><b>Mulheres conquistam espa\u00e7os e agregam qualidades \u00e0 contabilidade<\/b><\/h3>\n<p><span style=\"font-weight: 400;\">No Dia Internacional da Mulher, M\u00f4nica Porto, contadora e embaixadora da Omie, celebra o espa\u00e7o conquistado pelas mulheres na contabilidade e em outras profiss\u00f5es.<\/span><\/p>\n<blockquote><p><b>Leia mais: <\/b><a href=\"https:\/\/www.portalcontnews.com.br\/mulheres-conquistam-espacos-e-agregam-qualidades-a-contabilidade\/\" target=\"_blank\" rel=\"noopener\"><b>ContNews<\/b><\/a><\/p>\n<p>&nbsp;<\/p><\/blockquote>\n<h2><span style=\"font-weight: 400;\">IODE-PMEs<\/span><\/h2>\n<h3><b>Faturamento real do com\u00e9rcio cresceu 5,5%\u00a0<\/b><\/h3>\n<p><span style=\"font-weight: 400;\">O IODE-PMEs apontou crescimento de 5,5% em 2022 no faturamento real das pequenas e m\u00e9dias empresas do Com\u00e9rcio, setor favorecido pelo maior controle da covid-19 e programas como o Aux\u00edlio Brasil.<\/span><\/p>\n<blockquote><p><b>Leia mais: <\/b><a href=\"https:\/\/drive.google.com\/file\/d\/1EuJILa7QcXV15iwuzQiI-vKONyV3Bon-\/view?usp=share_link\" target=\"_blank\" rel=\"noopener\"><b>O Estado de S. Paulo<\/b><\/a><b> (impresso)<\/b><\/p><\/blockquote>\n<h3><b>\u00cdndice mostra redu\u00e7\u00e3o da movimenta\u00e7\u00e3o financeira de alguns setores<\/b><\/h3>\n<p><span style=\"font-weight: 400;\">A m\u00e9dia da movimenta\u00e7\u00e3o financeira real nos setores de Servi\u00e7os, Com\u00e9rcio, Ind\u00fastria e Agropecu\u00e1ria mostram sinais de desacelera\u00e7\u00e3o em janeiro de 2023 comparado ao mesmo per\u00edodo no ano anterior, segundo o IODE-PMEs.<\/span><\/p>\n<blockquote><p><b>Leia mais: <\/b><a href=\"https:\/\/oglobo.globo.com\/blogs\/miriam-leitao\/post\/2023\/03\/os-sinais-de-desaceleracao-das-pequenas-e-medias-empresas.ghtml\" target=\"_blank\" rel=\"noopener\"><b>O Globo<\/b><\/a><\/p>\n<p>&nbsp;<\/p><\/blockquote>\n<h2><span style=\"font-weight: 400;\">Servi\u00e7os financeiros<\/span><\/h2>\n<h3><b>Finan\u00e7as preditivas: como a uni\u00e3o de sistemas ERP e banc\u00e1rio pode revolucionar o setor<\/b><\/h3>\n<p><span style=\"font-weight: 400;\">Em entrevista, Gabriel Siqueira, diretor de Tech Ventures da Omie, e Douglas Henrique Garcia, gerente de produtos da Linker, contam como ambas empresas est\u00e3o inovando para conectar os mundos financeiro e de gest\u00e3o de neg\u00f3cios no chamado \u201cfuturo do internet banking\u201d.<\/span><\/p>\n<blockquote><p><b>Leia mais: <\/b><a href=\"https:\/\/iupana.com\/2023\/02\/27\/financas-preditivas-erp\/?lang=pt-br\" target=\"_blank\" rel=\"noopener\"><b>iupana<\/b><\/a><\/p>\n<p>&nbsp;<\/p><\/blockquote>\n<h2><span style=\"font-weight: 400;\">IR<\/span><\/h2>\n<h3><b>Como declarar venda de ve\u00edculo no Imposto de Renda? Veja 5 dicas<\/b><\/h3>\n<p><span style=\"font-weight: 400;\">Fabiano Azevedo, empres\u00e1rio cont\u00e1bil e embaixador Omie, explica todos os detalhes para tirar d\u00favidas sobre declara\u00e7\u00e3o de imposto de renda para quem possui ou at\u00e9 vendeu algum ve\u00edculo em 2022.<\/span><\/p>\n<blockquote><p><b>Leia mais: <\/b><a href=\"https:\/\/investnews.com.br\/financas\/como-declarar-venda-de-veiculo-no-imposto-de-renda\/\" target=\"_blank\" rel=\"noopener\"><b>InvestNews<\/b><\/a><\/p><\/blockquote>\n<p>&nbsp;<\/p>\n<h2><span style=\"font-weight: 400;\">Linker<\/span><\/h2>\n<h3><b>Ingrid Barth: Grandes planos sobre bases s\u00f3lidas<\/b><\/h3>\n<p><span style=\"font-weight: 400;\">Leia a entrevista completa da fundadora e COO do banco digital Linker, empresa adquirida pela Omie em 2021, para a revista Pequenas Empresas e Grandes Neg\u00f3cios.<\/span><\/p>\n<blockquote><p><b>Leia mais: <\/b><a href=\"https:\/\/drive.google.com\/file\/d\/1gQuvTD9rbRhW7BswbLUTnkMbcDErOtpJ\/view?usp=sharing\" target=\"_blank\" rel=\"noopener\"><b>PEGN<\/b><\/a><b> (impresso)<\/b><\/p><\/blockquote>\n<p>&nbsp;<\/p>\n<h3><b>Conhe\u00e7a o banco digital para PMES<\/b><\/h3>\n<p><span style=\"font-weight: 400;\">Saiba mais sobre o Linker, startup que surgiu como um banco digital robusto, pronto para atender \u00e0s in\u00fameras atividades comerciais de empresas, oferecendo diversas solu\u00e7\u00f5es importantes e destacando-se por sua facilidade de ades\u00e3o e pagamento.<\/span><\/p>\n<blockquote><p><b>Leia mais: <\/b><a href=\"https:\/\/www.tecmundo.com.br\/mercado\/260126-linker-conheca-banco-digital-pequenas-medias-empresas.htm\" target=\"_blank\" rel=\"noopener\"><b>TecMundo<\/b><\/a><\/p><\/blockquote>\n","protected":false},"excerpt":{"rendered":"<p>Confira os principais releases da Omie na imprensa nas \u00faltimas semanas,<\/p>\n","protected":false},"author":10,"featured_media":10991,"comment_status":"closed","ping_status":"closed","sticky":false,"template":"","format":"standard","meta":{"footnotes":""},"categories":[406],"tags":[],"class_list":["post-10969","post","type-post","status-publish","format-standard","has-post-thumbnail","hentry","category-imprensa"],"_links":{"self":[{"href":"https:\/\/www.omie.com.br\/blog\/wp-json\/wp\/v2\/posts\/10969","targetHints":{"allow":["GET"]}}],"collection":[{"href":"https:\/\/www.omie.com.br\/blog\/wp-json\/wp\/v2\/posts"}],"about":[{"href":"https:\/\/www.omie.com.br\/blog\/wp-json\/wp\/v2\/types\/post"}],"author":[{"embeddable":true,"href":"https:\/\/www.omie.com.br\/blog\/wp-json\/wp\/v2\/users\/10"}],"replies":[{"embeddable":true,"href":"https:\/\/www.omie.com.br\/blog\/wp-json\/wp\/v2\/comments?post=10969"}],"version-history":[{"count":0,"href":"https:\/\/www.omie.com.br\/blog\/wp-json\/wp\/v2\/posts\/10969\/revisions"}],"wp:featuredmedia":[{"embeddable":true,"href":"https:\/\/www.omie.com.br\/blog\/wp-json\/wp\/v2\/media\/10991"}],"wp:attachment":[{"href":"https:\/\/www.omie.com.br\/blog\/wp-json\/wp\/v2\/media?parent=10969"}],"wp:term":[{"taxonomy":"category","embeddable":true,"href":"https:\/\/www.omie.com.br\/blog\/wp-json\/wp\/v2\/categories?post=10969"},{"taxonomy":"post_tag","embeddable":true,"href":"https:\/\/www.omie.com.br\/blog\/wp-json\/wp\/v2\/tags?post=10969"}],"curies":[{"name":"wp","href":"https:\/\/api.w.org\/{rel}","templated":true}]}}