{"id":11435,"date":"2023-03-28T17:27:09","date_gmt":"2023-03-28T20:27:09","guid":{"rendered":"https:\/\/www.omie.com.br\/blog\/?p=11435"},"modified":"2024-06-28T16:30:16","modified_gmt":"2024-06-28T19:30:16","slug":"omie-na-imprensa-veja-os-destaques-dessa-semana-18","status":"publish","type":"post","link":"https:\/\/www.omie.com.br\/blog\/omie-na-imprensa-veja-os-destaques-dessa-semana-18\/","title":{"rendered":"Omie na Imprensa: veja os destaques dessa semana!"},"content":{"rendered":"<h2><b>Especial IR 2023<\/b><\/h2>\n<p><span style=\"font-weight: 400;\">Os contadores e influenciadores parceiros da Omie, Fabiano Azevedo e M\u00f4nica Porto, foram fontes para diversas mat\u00e9rias sobre Imposto de Renda (IR), com o objetivo de esclarecer as principais d\u00favidas dos contribuintes durante esse per\u00edodo t\u00e3o importante do ano. Confira as pautas a seguir:<\/span><\/p>\n<p><span style=\"font-weight: 400;\">&#8211; Para que serve a declara\u00e7\u00e3o de imposto de renda? &#8211; <\/span><a href=\"https:\/\/drive.google.com\/file\/d\/16Swfn9pFoc4eZVp07p_dNDc5XOsgjKDn\/view\" target=\"_blank\" rel=\"noopener\"><span style=\"font-weight: 400;\">Estado de Minas<\/span><\/a><span style=\"font-weight: 400;\"> (<\/span><a href=\"https:\/\/www.em.com.br\/app\/noticia\/opiniao\/2023\/03\/16\/interna_opiniao,1469420\/para-que-serve-a-declaracao-de-imposto-de-renda.shtml\" target=\"_blank\" rel=\"noopener\"><span style=\"font-weight: 400;\">online<\/span><\/a><span style=\"font-weight: 400;\">) | <\/span><a href=\"https:\/\/www.contadores.cnt.br\/noticias\/artigos\/2023\/03\/15\/para-que-serve-a-declaracao-de-imposto-de-renda.html\" target=\"_blank\" rel=\"noopener\"><span style=\"font-weight: 400;\">Contadores.cont.br<\/span><\/a><\/p>\n<p><span style=\"font-weight: 400;\">&#8211; Correio Braziliense: <\/span><a href=\"https:\/\/www.correiobraziliense.com.br\/economia\/2023\/03\/5081322-imposto-de-renda-2023-receita-espera-receber-ate-395-milhoes-de-declaracoes.html\" target=\"_blank\" rel=\"noopener\"><span style=\"font-weight: 400;\">Imposto de Renda 2023: Receita espera receber at\u00e9 39,5 milh\u00f5es de declara\u00e7\u00f5es<\/span><\/a><\/p>\n<p><span style=\"font-weight: 400;\">&#8211; Correio Braziliense: <\/span><a href=\"https:\/\/www.correiobraziliense.com.br\/economia\/2023\/03\/5080323-adiantar-entrega-do-ir-e-importante-para-evitar-erros-dizem-especialistas.html\" target=\"_blank\" rel=\"noopener\"><span style=\"font-weight: 400;\">Adiantar entregas \u00e9 importante para evitar erros<\/span><\/a><\/p>\n<p><span style=\"font-weight: 400;\">&#8211; iG: <\/span><a href=\"https:\/\/economia.ig.com.br\/2023-03-21\/imposto-de-renda-erros-comuns-cair-malha-fina.html.ampstories\" target=\"_blank\" rel=\"noopener\"><span style=\"font-weight: 400;\">4 erros comuns que podem te fazer cair na malha fina<\/span><\/a><\/p>\n<p><span style=\"font-weight: 400;\">&#8211; iG: <\/span><a href=\"https:\/\/economia.ig.com.br\/2023-03-22\/isentos-imposto-renda-tem-vantagem-fazer-declaracao-entenda.html\" target=\"_blank\" rel=\"noopener\"><span style=\"font-weight: 400;\">Isentos do Imposto de Renda tem alguma vantagem ao fazer declara\u00e7\u00e3o?<\/span><span style=\"font-weight: 400;\"><br \/>\n<\/span><\/a><span style=\"font-weight: 400;\">&#8211; iG: <\/span><a href=\"https:\/\/economia.ig.com.br\/2023-03-18\/imposto-de-renda-saiba-quando-declarar-investimentos.html\" target=\"_blank\" rel=\"noopener\"><span style=\"font-weight: 400;\">Saiba quando \u00e9 necess\u00e1rio declarar investimentos<\/span><\/a><\/p>\n<p><span style=\"font-weight: 400;\">&#8211; iG: <\/span><a href=\"https:\/\/economia.ig.com.br\/2023-03-17\/mei-precisa-declarar-imposto-de-renda-saiba-fazer-conta.html.ampstories\" target=\"_blank\" rel=\"noopener\"><span style=\"font-weight: 400;\">MEI precisa declarar Imposto de Renda? Saiba fazer a conta e descobrir<\/span><span style=\"font-weight: 400;\"><br \/>\n<\/span><\/a><span style=\"font-weight: 400;\">&#8211; Valor Investe: <\/span><a href=\"https:\/\/valorinveste.globo.com\/imposto-de-renda-2023\/noticia\/2023\/03\/15\/imposto-de-renda-2023-como-declarar-emprestimos.ghtml\" target=\"_blank\" rel=\"noopener\"><span style=\"font-weight: 400;\">Como declarar empr\u00e9stimos no IR 2023<\/span><\/a><\/p>\n<p><span style=\"font-weight: 400;\">&#8211; iG: <\/span><a href=\"https:\/\/economia.ig.com.br\/2023-03-23\/imposto-renda-como-declarar-emprestimos-dividas-financiamentos.html.ampstories\" target=\"_blank\" rel=\"noopener\"><span style=\"font-weight: 400;\">Imposto de Renda: como declarar empr\u00e9stimos, d\u00edvidas e financiamentos?<\/span><\/a><\/p>\n<p><span style=\"font-weight: 400;\">&#8211; Correio Braziliense:-\u00a0 <\/span><a href=\"https:\/\/www.correiobraziliense.com.br\/economia\/2023\/03\/5080323-adiantar-entrega-do-ir-e-importante-para-evitar-erros-dizem-especialistas.html\" target=\"_blank\" rel=\"noopener\"><span style=\"font-weight: 400;\">Adiantar entregas \u00e9 importante para evitar erros<\/span><span style=\"font-weight: 400;\"><br \/>\n<\/span><\/a><span style=\"font-weight: 400;\">&#8211; iG: <\/span><a href=\"https:\/\/economia.ig.com.br\/2023-03-16\/imposto-de-renda-2023-dicas-como-aumentar-restituicao.html\" target=\"_blank\" rel=\"noopener\"><span style=\"font-weight: 400;\">Dicas para aumentar a Restitui\u00e7\u00e3o<\/span><\/a><\/p>\n<p><span style=\"font-weight: 400;\">&#8211; Valor Investe: <\/span><a href=\"https:\/\/valorinveste.globo.com\/imposto-de-renda-2023\/noticia\/2023\/03\/17\/como-declarar-investimentos-em-bdrs-no-imposto-de-renda-2023.ghtml\" target=\"_blank\" rel=\"noopener\"><span style=\"font-weight: 400;\">Veja como incluir investimento em BDRs na declara\u00e7\u00e3o<\/span><\/a><\/p>\n<p><span style=\"font-weight: 400;\">&#8211; InvestNews: <\/span><a href=\"https:\/\/investnews.com.br\/economia\/espolio-o-que-e-e-como-declarar-no-ir\/\" target=\"_blank\" rel=\"noopener\"><span style=\"font-weight: 400;\">Como declarar esp\u00f3lio no Imposto de Renda? Veja 4 dicas<\/span><\/a><\/p>\n<p><span style=\"font-weight: 400;\">&#8211; InfoMoney: <\/span><a href=\"https:\/\/www.infomoney.com.br\/minhas-financas\/recebeu-pis-pasep-em-2022-veja-como-declarar-os-valores-no-imposto-de-renda-deste-ano\/\" target=\"_blank\" rel=\"noopener\"><span style=\"font-weight: 400;\">Recebeu PIS\/Pasep em 2022? Veja como declarar os valores no Imposto de Renda deste ano<\/span><\/a><\/p>\n<h2><b>Franquias<\/b><\/h2>\n<p><b>Selo de Excel\u00eancia em Franchising 2023<\/b><\/p>\n<p><span style=\"font-weight: 400;\">A Omie foi uma das marcas franqueadoras chanceladas pelo Selo de Excel\u00eancia em Franchising 2023, da Associa\u00e7\u00e3o Brasileira de Franchising (ABF), recebendo o reconhecimento pelo segundo ano consecutivo.<\/span><\/p>\n<blockquote><p><b>Lista completa: <\/b><a href=\"https:\/\/www.abf.com.br\/selo-de-excelencia-em-franchising-2023\/\" target=\"_blank\" rel=\"noopener\"><b>ABF<\/b><\/a> <b><\/b><\/p><\/blockquote>\n<h2><b>Omie.Academy<\/b><\/h2>\n<p><b><\/b><b>Plataforma de educa\u00e7\u00e3o empreendedora da Omie passa por reformula\u00e7\u00e3o<\/b><\/p>\n<p><span style=\"font-weight: 400;\">Agora, al\u00e9m dos cursos online, a Omie.Academy implementou sua comunidade que fomenta o conhecimento por troca de experi\u00eancias, eventos com especialistas, grupos de discuss\u00e3o, al\u00e9m de outros conte\u00fados para empreendedores.\u00a0<\/span><\/p>\n<blockquote><p><b>Leia mais: <\/b><a href=\"https:\/\/istoe.com.br\/omie-reformula-plataforma-de-educacao-para-conectar-empreendedores\/\" target=\"_blank\" rel=\"noopener\"><b>Isto\u00c9<\/b><\/a><b> | <\/b><a href=\"https:\/\/startupi.com.br\/omieacademy-anuncia-reposicionamento\/\" target=\"_blank\" rel=\"noopener\"><b>Startupi<\/b><\/a><\/p><\/blockquote>\n<h2><b>IODE-PMEs<\/b><\/h2>\n<p><b>Faturamento real das PMEs registrou avan\u00e7o de 5,5% em 2022, aponta estudo<\/b><\/p>\n<p><span style=\"font-weight: 400;\">Segundo Felipe Beraldi, gerente de Indicadores e Estudos Econ\u00f4micos da Omie, as PMEs foram favorecidas em 2022 pelo controle da pandemia de Covid-19. No com\u00e9rcio, o crescimento foi puxado pelo avan\u00e7o do setor varejista (+7,6%), enquanto o atacadista cresceu de forma mais modesta (+5,9%), conforme apontou o IODE-PMEs.<\/span><\/p>\n<blockquote><p><b>Leia mais: <\/b><a href=\"https:\/\/www.ecommercebrasil.com.br\/noticias\/faturamento-pmes-avanco-em-2022\" target=\"_blank\" rel=\"noopener\"><b>E-Commerce Brasil<\/b><\/a><b> | <\/b><a href=\"https:\/\/drive.google.com\/file\/d\/19__RfioAmtx2aN5nNss0mEa8mhWrsG5s\/view\" target=\"_blank\" rel=\"noopener\"><b>Jornal Novo Varejo<\/b><\/a><\/p><\/blockquote>\n","protected":false},"excerpt":{"rendered":"<p>Confira os principais releases da Omie na imprensa nas \u00faltimas semanas.<\/p>\n","protected":false},"author":10,"featured_media":11436,"comment_status":"closed","ping_status":"closed","sticky":false,"template":"","format":"standard","meta":{"footnotes":""},"categories":[406],"tags":[],"class_list":["post-11435","post","type-post","status-publish","format-standard","has-post-thumbnail","hentry","category-imprensa"],"_links":{"self":[{"href":"https:\/\/www.omie.com.br\/blog\/wp-json\/wp\/v2\/posts\/11435","targetHints":{"allow":["GET"]}}],"collection":[{"href":"https:\/\/www.omie.com.br\/blog\/wp-json\/wp\/v2\/posts"}],"about":[{"href":"https:\/\/www.omie.com.br\/blog\/wp-json\/wp\/v2\/types\/post"}],"author":[{"embeddable":true,"href":"https:\/\/www.omie.com.br\/blog\/wp-json\/wp\/v2\/users\/10"}],"replies":[{"embeddable":true,"href":"https:\/\/www.omie.com.br\/blog\/wp-json\/wp\/v2\/comments?post=11435"}],"version-history":[{"count":1,"href":"https:\/\/www.omie.com.br\/blog\/wp-json\/wp\/v2\/posts\/11435\/revisions"}],"predecessor-version":[{"id":19321,"href":"https:\/\/www.omie.com.br\/blog\/wp-json\/wp\/v2\/posts\/11435\/revisions\/19321"}],"wp:featuredmedia":[{"embeddable":true,"href":"https:\/\/www.omie.com.br\/blog\/wp-json\/wp\/v2\/media\/11436"}],"wp:attachment":[{"href":"https:\/\/www.omie.com.br\/blog\/wp-json\/wp\/v2\/media?parent=11435"}],"wp:term":[{"taxonomy":"category","embeddable":true,"href":"https:\/\/www.omie.com.br\/blog\/wp-json\/wp\/v2\/categories?post=11435"},{"taxonomy":"post_tag","embeddable":true,"href":"https:\/\/www.omie.com.br\/blog\/wp-json\/wp\/v2\/tags?post=11435"}],"curies":[{"name":"wp","href":"https:\/\/api.w.org\/{rel}","templated":true}]}}