{"id":11657,"date":"2023-04-24T11:29:39","date_gmt":"2023-04-24T14:29:39","guid":{"rendered":"https:\/\/www.omie.com.br\/blog\/?p=11657"},"modified":"2024-06-28T16:32:48","modified_gmt":"2024-06-28T19:32:48","slug":"omie-na-imprensa-veja-os-destaques-dessa-semana-20","status":"publish","type":"post","link":"https:\/\/www.omie.com.br\/blog\/omie-na-imprensa-veja-os-destaques-dessa-semana-20\/","title":{"rendered":"Omie na Imprensa: veja os destaques dessa semana!"},"content":{"rendered":"<h2><span style=\"font-weight: 400;\">Institucional<\/span><\/h2>\n<p><b>Na Omie, o novo mantra \u00e9 atingir o equil\u00edbrio financeiro (e logo)<\/b><\/p>\n<p><span style=\"font-weight: 400;\">O portal NeoFeed conversou com exclusividade com Marcelo Lombardo, CEO e cofundador da Omie, e Aurora Suh, CRO da Omie, sobre o balan\u00e7o da empresa em 2022 e os principais objetivos para 2023.<\/span><\/p>\n<blockquote><p><b>Leia mais: <\/b><a href=\"https:\/\/neofeed.com.br\/startups\/na-omie-o-novo-mantra-e-atingir-o-equilibrio-financeiro-e-logo\/\" target=\"_blank\" rel=\"noopener\"><b>NeoFeed<\/b><\/a><b> | <\/b><a href=\"https:\/\/startups.com.br\/mercado\/ainda-surfando-na-serie-c-omie-quer-breakeven-este-ano\/\" target=\"_blank\" rel=\"noopener\"><b>Startups<\/b><\/a><\/p><\/blockquote>\n<p>&nbsp;<\/p>\n<h2><span style=\"font-weight: 400;\">IODE-PMEs<\/span><\/h2>\n<p><b>Podcast: Como o empreendedor lida com o ambiente pol\u00edtico e econ\u00f4mico?<\/b><\/p>\n<p><span style=\"font-weight: 400;\">Felipe Beraldi, gerente de indicadores e estudos econ\u00f4micos da Omie, conversou com o podcast Empreendabilidade sobre os caminhos para a melhor adapta\u00e7\u00e3o dos pequenos e m\u00e9dios neg\u00f3cios ao ambiente econ\u00f4mico atual, muitas vezes ca\u00f3tico.<\/span><\/p>\n<blockquote><p><b>Veja aqui: <\/b><a href=\"https:\/\/youtu.be\/hRsEudJMp4g\" target=\"_blank\" rel=\"noopener\"><b>YouTube<\/b><\/a><b> | <\/b><a href=\"https:\/\/empreendabilidade.com.br\/como-o-empreendedor-lida-com-o-ambiente-politico-e-economico\" target=\"_blank\" rel=\"noopener\"><b>Portal Empreendabilidade<\/b><\/a><\/p><\/blockquote>\n<p>&nbsp;<\/p>\n<p><b>Faturamento de PMEs avan\u00e7a 2,5% no primeiro trimestre de 2023, aponta estudo<\/b><\/p>\n<p><span style=\"font-weight: 400;\">Segundo a an\u00e1lise do 1\u00ba trimestre de 2023 do IODE-PMEs, o dado ficou acima da expectativa e acende um sinal positivo para a sa\u00fade econ\u00f4mica do pa\u00eds. \u201cTraz reflexos positivos para a empregabilidade e tamb\u00e9m para o empreendedor, que v\u00ea incremento nos neg\u00f3cios\u201d, avalia Beraldi.<\/span><\/p>\n<blockquote><p><b>Leia mais: <\/b><a href=\"https:\/\/www.infomoney.com.br\/negocios\/faturamento-de-pmes-avanca-25-no-primeiro-trimestre-de-2023-aponta-estudo\/\" target=\"_blank\" rel=\"noopener\"><b>InfoMoney<\/b><\/a><\/p><\/blockquote>\n<p>&nbsp;<\/p>\n<h2><span style=\"font-weight: 400;\">Tecnologia<\/span><\/h2>\n<p><b>5 tend\u00eancias de gest\u00e3o para impulsionar o crescimento das PMEs<\/b><\/p>\n<p><span style=\"font-weight: 400;\">Confira as dicas de Jos\u00e9 Adriano Vendemiatti, diretor de Marketing de Produtos da Omie, para aumentar a vantagem competitiva de empreendedores em tempos de retra\u00e7\u00e3o econ\u00f4mica do setor das PMEs.<\/span><\/p>\n<blockquote><p><b>Leia mais: <\/b><a href=\"https:\/\/www.contabeis.com.br\/noticias\/55334\/5-tendencias-para-o-crescimento-de-pmes\/\" target=\"_blank\" rel=\"noopener\"><b>Cont\u00e1beis<\/b><\/a><b> | <\/b><a href=\"https:\/\/www.portalcontnews.com.br\/5-tendencias-de-gestao-para-impulsionar-o-crescimento-das-pmes\/\" target=\"_blank\" rel=\"noopener\"><b>ContNews<\/b><\/a><\/p><\/blockquote>\n<p>&nbsp;<\/p>\n<h2><span style=\"font-weight: 400;\">IR<\/span><\/h2>\n<p><b>Imposto de Renda 2023: veja como declarar bolsas de estudos<\/b><\/p>\n<p><span style=\"font-weight: 400;\">Estudantes que receberam mais de R$40 mil em bolsas de estudos, como a ligada \u00e0 Capes, em 2022, tamb\u00e9m devem declarar esse rendimento \u00e0 Receita Federal. Fabiano Azevedo, embaixador da Omie, conta mais detalhes sobre como apresentar as informa\u00e7\u00f5es corretamente.<\/span><\/p>\n<blockquote><p><b>Leia mais: <\/b><a href=\"https:\/\/valorinveste.globo.com\/imposto-de-renda-2023\/noticia\/2023\/04\/09\/imposto-de-renda-2023-como-declarar-bolsas-de-estudos.ghtml\" target=\"_blank\" rel=\"noopener\"><b>Valor Investe<\/b><\/a><\/p><\/blockquote>\n<p><b>Confira tamb\u00e9m: <\/b><a href=\"https:\/\/www.infomoney.com.br\/minhas-financas\/11-erros-comuns-do-imposto-de-renda-e-como-evita-los\/\" target=\"_blank\" rel=\"noopener\"><b>11 erros comuns do Imposto de Renda (e como evit\u00e1-los)<\/b><\/a><\/p>\n<p>&nbsp;<\/p>\n<h2><span style=\"font-weight: 400;\">Franchising<\/span><\/h2>\n<p><b>10 maiores microfranquias: formato pode ser a porta de entrada para o seu sucesso<\/b><\/p>\n<p><span style=\"font-weight: 400;\">O Portal do Franchising, da Associa\u00e7\u00e3o Brasileira de Franchising (ABF), mencionou as microfranquias da Omie entre as principais op\u00e7\u00f5es de investimento nesse setor no Brasil.<\/span><\/p>\n<blockquote><p><b>Leia mais: <\/b><a href=\"https:\/\/www.portaldofranchising.com.br\/franquias\/10-maiores-microfranquias-formato-para-o-seu-sucesso\/\" target=\"_blank\" rel=\"noopener\"><b>Portal do Franchising<\/b><\/a><\/p><\/blockquote>\n<p>&nbsp;<\/p>\n<h2><span style=\"font-weight: 400;\">RH<\/span><\/h2>\n<p><b>Omie est\u00e1 com vagas abertas<\/b><\/p>\n<p><span style=\"font-weight: 400;\">A empresa est\u00e1 com mais de 40 posi\u00e7\u00f5es abertas para vagas fixas e est\u00e1gios, para \u00e1reas como tecnologia e comercial.<\/span><\/p>\n<blockquote><p><b>Leia mais: <\/b><a href=\"https:\/\/www.estadao.com.br\/economia\/sua-carreira\/empresas-magalu-marfrig-400-vagas-abertas\/\" target=\"_blank\" rel=\"noopener\"><b>O Estado de S.Paulo<\/b><\/a><b> | <\/b><a href=\"https:\/\/www.terra.com.br\/noticias\/educacao\/carreira\/magalu-marfrig-e-outras-empresas-tem-mais-de-400-vagas-de-emprego-abertas-confira,d6a875ee2a36060f13b31bd62a588732eubajwdw.html\" target=\"_blank\" rel=\"noopener\"><b>Terra<\/b><\/a><b> | <\/b><a href=\"https:\/\/canaltech.com.br\/empregos\/vagas-em-tecnologia-oportunidade-para-mulheres-pessoas-pretas-e-pcd\/\" target=\"_blank\" rel=\"noopener\"><b>Canaltech<\/b><\/a><b> | <\/b><a href=\"https:\/\/jcconcursos.uol.com.br\/noticia\/empregos\/processo-seletivo-na-omie-oferece-40-vagas-de-emprego-e-estagio-109960\" target=\"_blank\" rel=\"noopener\"><b>JC Concursos (UOL)<\/b><\/a><\/p><\/blockquote>\n","protected":false},"excerpt":{"rendered":"<p>Confira os principais releases da Omie na imprensa nas \u00faltimas semanas.<\/p>\n","protected":false},"author":10,"featured_media":10991,"comment_status":"closed","ping_status":"closed","sticky":false,"template":"","format":"standard","meta":{"footnotes":""},"categories":[406],"tags":[],"class_list":["post-11657","post","type-post","status-publish","format-standard","has-post-thumbnail","hentry","category-imprensa"],"_links":{"self":[{"href":"https:\/\/www.omie.com.br\/blog\/wp-json\/wp\/v2\/posts\/11657","targetHints":{"allow":["GET"]}}],"collection":[{"href":"https:\/\/www.omie.com.br\/blog\/wp-json\/wp\/v2\/posts"}],"about":[{"href":"https:\/\/www.omie.com.br\/blog\/wp-json\/wp\/v2\/types\/post"}],"author":[{"embeddable":true,"href":"https:\/\/www.omie.com.br\/blog\/wp-json\/wp\/v2\/users\/10"}],"replies":[{"embeddable":true,"href":"https:\/\/www.omie.com.br\/blog\/wp-json\/wp\/v2\/comments?post=11657"}],"version-history":[{"count":1,"href":"https:\/\/www.omie.com.br\/blog\/wp-json\/wp\/v2\/posts\/11657\/revisions"}],"predecessor-version":[{"id":19323,"href":"https:\/\/www.omie.com.br\/blog\/wp-json\/wp\/v2\/posts\/11657\/revisions\/19323"}],"wp:featuredmedia":[{"embeddable":true,"href":"https:\/\/www.omie.com.br\/blog\/wp-json\/wp\/v2\/media\/10991"}],"wp:attachment":[{"href":"https:\/\/www.omie.com.br\/blog\/wp-json\/wp\/v2\/media?parent=11657"}],"wp:term":[{"taxonomy":"category","embeddable":true,"href":"https:\/\/www.omie.com.br\/blog\/wp-json\/wp\/v2\/categories?post=11657"},{"taxonomy":"post_tag","embeddable":true,"href":"https:\/\/www.omie.com.br\/blog\/wp-json\/wp\/v2\/tags?post=11657"}],"curies":[{"name":"wp","href":"https:\/\/api.w.org\/{rel}","templated":true}]}}