{"id":11944,"date":"2023-05-08T16:03:18","date_gmt":"2023-05-08T19:03:18","guid":{"rendered":"https:\/\/www.omie.com.br\/blog\/?p=11944"},"modified":"2024-06-28T16:33:42","modified_gmt":"2024-06-28T19:33:42","slug":"omie-na-imprensa-veja-os-destaques-dessa-semana-21","status":"publish","type":"post","link":"https:\/\/www.omie.com.br\/blog\/omie-na-imprensa-veja-os-destaques-dessa-semana-21\/","title":{"rendered":"Omie na Imprensa: veja os destaques dessa semana!"},"content":{"rendered":"<h2><span style=\"font-weight: 400;\">IODE-PMEs<\/span><\/h2>\n<p><b>IODE-PMEs aponta crescimento em mar\u00e7o\/23 em rela\u00e7\u00e3o a 2022<\/b><\/p>\n<p><span style=\"font-weight: 400;\">De acordo com o \u00edndice, a movimenta\u00e7\u00e3o financeira real das PMEs cresceu 3,7% no \u00faltimo m\u00eas em rela\u00e7\u00e3o a mar\u00e7o de 2022. Em compara\u00e7\u00e3o com fevereiro\/23, houve avan\u00e7o de 10,5%, com destaque para os setores de Servi\u00e7os e Infraestrutura.<\/span><\/p>\n<blockquote><p><b>Leia mais: <\/b><a href=\"https:\/\/oglobo.globo.com\/blogs\/miriam-leitao\/post\/2023\/04\/o-desempenho-das-pequenas-e-medias-empresas-no-primeiro-trimestre.ghtml\" target=\"_blank\" rel=\"noopener\"><b>O Globo &#8211; Coluna Miriam Leit\u00e3o<\/b><\/a><b> | <\/b><a href=\"https:\/\/www.ecommercebrasil.com.br\/noticias\/pmes-crescem-37-em-marco-e-diversidade-dos-setores-e-destaque\" target=\"_blank\" rel=\"noopener\"><b>E-Commerce Brasil<\/b><\/a><\/p><\/blockquote>\n<p>&nbsp;<\/p>\n<h2><span style=\"font-weight: 400;\">Empreendedorismo<\/span><\/h2>\n<p><b>10 livros que n\u00e3o podem faltar na lista de quem deseja empreender<\/b><\/p>\n<p><span style=\"font-weight: 400;\">Em comemora\u00e7\u00e3o ao Dia Mundial do Livro (23\/04), a Omie divulgou uma lista de 10 t\u00edtulos para quem busca leituras sobre empreendedorismo, lideran\u00e7a e inova\u00e7\u00e3o, feita por Marcelo Lombardo, CEO e cofundador da Omie.<\/span><\/p>\n<blockquote><p><b>Leia mais: <\/b><a href=\"https:\/\/itforum.com.br\/lideranca\/10-livros-para-empreender\/\" target=\"_blank\" rel=\"noopener\"><b>IT F\u00f3rum<\/b><\/a><b> | <\/b><a href=\"https:\/\/exame.com\/negocios\/dia-do-livro-quer-montar-uma-biblioteca-de-alto-nivel-veja-19-obras-na-cabeceira-de-c-levels\/\" target=\"_blank\" rel=\"noopener\"><b>Exame<\/b><\/a><\/p><\/blockquote>\n<p>&nbsp;<\/p>\n<h2><span style=\"font-weight: 400;\">Contabilidade<\/span><\/h2>\n<p><b>Fase da virada para o profissional da contabilidade<\/b><\/p>\n<p><span style=\"font-weight: 400;\">Em comemora\u00e7\u00e3o ao Dia do Profissional da Contabilidade (25\/04), Fabiano Azevedo, embaixador Omie, refor\u00e7a que o grande desafio desses profissionais atualmente \u00e9 a mudan\u00e7a de posicionamento para que se tornem cada vez mais consultores de neg\u00f3cios, com ajuda da tecnologia.<\/span><\/p>\n<blockquote><p><b>Leia mais: <\/b><a href=\"https:\/\/www.portalcontnews.com.br\/fase-da-virada-para-o-profissional-da-contabilidade\/\" target=\"_blank\" rel=\"noopener\"><b>ContNews<\/b><\/a><\/p><\/blockquote>\n<p>&nbsp;<\/p>\n<p><b>5 dicas valiosas para quem est\u00e1 come\u00e7ando na carreira cont\u00e1bil<\/b><\/p>\n<p><span style=\"font-weight: 400;\">Para o contador iniciante, se destacar no mercado e conquistar clientes pode ser um desafio, seja trabalhando de forma aut\u00f4noma, seja abrindo seu pr\u00f3prio escrit\u00f3rio. Confira as dicas para esse p\u00fablico, feitas pelo Blog da Omie.<\/span><\/p>\n<blockquote><p><b>Leia mais: <\/b><a href=\"https:\/\/www.contabeis.com.br\/noticias\/55303\/confira-5-dicas-para-o-contador-iniciante\" target=\"_blank\" rel=\"noopener\"><b>Portal Cont\u00e1beis<\/b><\/a><\/p><\/blockquote>\n<p>&nbsp;<\/p>\n<h2><span style=\"font-weight: 400;\">IR<\/span><\/h2>\n<p><b>N\u00e3o \u00e9 obrigado a declarar Imposto de Renda? Mesmo assim voc\u00ea pode receber a restitui\u00e7\u00e3o; veja como<\/b><\/p>\n<p><span style=\"font-weight: 400;\">\u201cO contribuinte isento pode optar por declarar os seus rendimentos para criar um comprovante de renda, o que pode gerar at\u00e9 um bom relacionamento com Receita Federal, Serasa e bancos\u201d, diz a contadora e parceira da Omie, M\u00f4nica Porto.<\/span><\/p>\n<blockquote><p><b>Leia mais: <\/b><a href=\"https:\/\/www.infomoney.com.br\/minhas-financas\/nao-e-obrigado-a-declarar-imposto-de-renda-mesmo-assim-voce-pode-receber-a-restituicao-veja-como\/\" target=\"_blank\" rel=\"noopener\"><b>InfoMoney<\/b><\/a><\/p><\/blockquote>\n<p>&nbsp;<\/p>\n<h2><span style=\"font-weight: 400;\">Marketing<\/span><\/h2>\n<p><b>Blogs n\u00e3o s\u00e3o vantajosos para as empresas? 5 pontos provam o contr\u00e1rio<\/b><\/p>\n<p><span style=\"font-weight: 400;\">O blog segue sendo relevante nas estrat\u00e9gias de marketing de conte\u00fado, gerando resultados satisfat\u00f3rios principalmente para empresas que investem em ferramentas para tr\u00e1fego org\u00e2nico e SEO, como a Omie.<\/span><\/p>\n<blockquote><p><b>Leia mais: <\/b><a href=\"https:\/\/rhpravoce.com.br\/redacao\/blogs-vantagens-empresas\/\" target=\"_blank\" rel=\"noopener\"><b>RH pra Voc\u00ea<\/b><\/a><\/p><\/blockquote>\n","protected":false},"excerpt":{"rendered":"<p>Confira os principais releases da Omie na imprensa nas \u00faltimas semanas.<\/p>\n","protected":false},"author":10,"featured_media":11436,"comment_status":"closed","ping_status":"closed","sticky":false,"template":"","format":"standard","meta":{"footnotes":""},"categories":[406],"tags":[],"class_list":["post-11944","post","type-post","status-publish","format-standard","has-post-thumbnail","hentry","category-imprensa"],"_links":{"self":[{"href":"https:\/\/www.omie.com.br\/blog\/wp-json\/wp\/v2\/posts\/11944","targetHints":{"allow":["GET"]}}],"collection":[{"href":"https:\/\/www.omie.com.br\/blog\/wp-json\/wp\/v2\/posts"}],"about":[{"href":"https:\/\/www.omie.com.br\/blog\/wp-json\/wp\/v2\/types\/post"}],"author":[{"embeddable":true,"href":"https:\/\/www.omie.com.br\/blog\/wp-json\/wp\/v2\/users\/10"}],"replies":[{"embeddable":true,"href":"https:\/\/www.omie.com.br\/blog\/wp-json\/wp\/v2\/comments?post=11944"}],"version-history":[{"count":1,"href":"https:\/\/www.omie.com.br\/blog\/wp-json\/wp\/v2\/posts\/11944\/revisions"}],"predecessor-version":[{"id":19324,"href":"https:\/\/www.omie.com.br\/blog\/wp-json\/wp\/v2\/posts\/11944\/revisions\/19324"}],"wp:featuredmedia":[{"embeddable":true,"href":"https:\/\/www.omie.com.br\/blog\/wp-json\/wp\/v2\/media\/11436"}],"wp:attachment":[{"href":"https:\/\/www.omie.com.br\/blog\/wp-json\/wp\/v2\/media?parent=11944"}],"wp:term":[{"taxonomy":"category","embeddable":true,"href":"https:\/\/www.omie.com.br\/blog\/wp-json\/wp\/v2\/categories?post=11944"},{"taxonomy":"post_tag","embeddable":true,"href":"https:\/\/www.omie.com.br\/blog\/wp-json\/wp\/v2\/tags?post=11944"}],"curies":[{"name":"wp","href":"https:\/\/api.w.org\/{rel}","templated":true}]}}