{"id":12111,"date":"2023-05-23T10:33:47","date_gmt":"2023-05-23T13:33:47","guid":{"rendered":"https:\/\/www.omie.com.br\/blog\/?p=12111"},"modified":"2024-06-28T16:34:33","modified_gmt":"2024-06-28T19:34:33","slug":"omie-na-imprensa-veja-os-destaques-dessa-semana-22","status":"publish","type":"post","link":"https:\/\/www.omie.com.br\/blog\/omie-na-imprensa-veja-os-destaques-dessa-semana-22\/","title":{"rendered":"Omie na Imprensa: veja os destaques dessa semana!"},"content":{"rendered":"<h2><span style=\"font-weight: 400;\">Institucional<\/span><\/h2>\n<p><b>Sistema de gest\u00e3o gera mais de R$1 bilh\u00e3o em ganho de efici\u00eancia para empresas<\/b><\/p>\n<p><span style=\"font-weight: 400;\">Estudo da Omie mostra os impactos econ\u00f4micos gerados pelo ganho de efici\u00eancia com otimiza\u00e7\u00e3o operacional ao utilizar seu software ERP<\/span><\/p>\n<blockquote><p><b>Leia mais: <\/b><a href=\"https:\/\/portalerp.com\/sistema-de-gestao-gera-mais-de-r1-bilhao-em-ganho-de-eficiencia-para-empresas\" target=\"_blank\" rel=\"noopener\"><span style=\"font-weight: 400;\">Portal ERP<\/span><\/a><\/p>\n<p>&nbsp;<\/p><\/blockquote>\n<p><b>Solu\u00e7\u00e3o de gest\u00e3o empresarial do Ita\u00fa em parceria com a Omie para PMES<\/b><\/p>\n<p><span style=\"font-weight: 400;\">Trilhando o caminho de fornecer solu\u00e7\u00f5es para que as PMEs alcance cada vez mais efici\u00eancia no dia a dia, veja a ferramenta de gest\u00e3o empresarial que permite integra\u00e7\u00e3o entre sistema empresarial e o ambiente banc\u00e1rio.\u00a0<\/span><\/p>\n<blockquote><p><b>Leia mais: <\/b><a href=\"https:\/\/valor.globo.com\/financas\/noticia\/2023\/05\/10\/ita-vai-oferecer-soluo-de-gesto-empresarial-da-omie-para-clientes-pj.ghtml\" target=\"_blank\" rel=\"noopener\"><span style=\"font-weight: 400;\">Valor Econ\u00f4mico<\/span><\/a><span style=\"font-weight: 400;\"> | <\/span><a href=\"https:\/\/www.portalcontnews.com.br\/itau-meu-negocio-gestao-by-omie-ajuda-clientes-pj-com-solucao-de-gestao-empresarial\/\" target=\"_blank\" rel=\"noopener\"><span style=\"font-weight: 400;\">Portal ContNews<\/span><\/a><\/p>\n<p>&nbsp;<\/p><\/blockquote>\n<p><b>5 tend\u00eancias de gest\u00e3o para impulsionar o crescimento de PMEs<\/b><\/p>\n<p><span style=\"font-weight: 400;\">Em tempos de retra\u00e7\u00e3o econ\u00f4mica no setor das PMEs, Jos\u00e9 Adriano Vendemiatti, diretor de Marketing de Produto da Omie traz dicas importantes para crescer e se destacar na gest\u00e3o de empresas.<\/span><\/p>\n<blockquote><p><b>Leia mais: <\/b><a href=\"https:\/\/startupi.com.br\/5-tendencias-de-gestao\/\" target=\"_blank\" rel=\"noopener\"><span style=\"font-weight: 400;\">Startupi<\/span><\/a><\/p>\n<p>&nbsp;<\/p><\/blockquote>\n<p><b>Selo de Excel\u00eancia em Francising tem recorde de marcas inscritas<\/b><\/p>\n<p><span style=\"font-weight: 400;\">Com recorde de marcas inscritas, Omie est\u00e1 entre as 225 marcas chanceladas do Selo de Excel\u00eancia em Franchising ABF 2023.<\/span><\/p>\n<blockquote><p><b>Leia mais: <\/b><a href=\"https:\/\/www.portaldofranchising.com.br\/noticias\/sef-2023-tem-recorde-de-marcas-inscritas\/\" target=\"_blank\" rel=\"noopener\"><span style=\"font-weight: 400;\">Portal do Franchising<\/span><\/a><\/p><\/blockquote>\n<p>&nbsp;<\/p>\n<p><b>Aumento da faixa de isen\u00e7\u00e3o do Imposto de Renda injetar\u00e1 R$6,7 bi na economia<\/b><b><br \/>\n<\/b><span style=\"font-weight: 400;\">Fabiano Azevedo, embaixador Omie, argumenta que apenas se o contribuinte escolher a declara\u00e7\u00e3o simplificada \u00e9 que ele se beneficiar\u00e1 da dedu\u00e7\u00e3o de R$528 por m\u00eas e explica que n\u00e3o \u00e9 cumulativa com outras dedu\u00e7\u00f5es que ser\u00e3o consideradas na declara\u00e7\u00e3o.<\/span><\/p>\n<blockquote><p><b>Leia mais: <\/b><a href=\"https:\/\/www.correiobraziliense.com.br\/economia\/2023\/05\/5092498-aumento-na-faixa-de-isencao-do-imposto-de-renda-injetara-rs-67-bi-na-economia.html\" target=\"_blank\" rel=\"noopener\"><span style=\"font-weight: 400;\">Correio Braziliense<\/span><\/a><\/p><\/blockquote>\n<p><span style=\"font-weight: 400;\"><br \/>\n<\/span><b>20 sites que oferecem cursos gratuitos com Certificado<\/b><\/p>\n<p><span style=\"font-weight: 400;\">O bra\u00e7o educacional do sistema de gest\u00e3o Omie, Omie.Academy est\u00e1 presente na mat\u00e9ria do Catraca Livre como uma das plataformas que oferecem cursos online, gratuito e com certifica\u00e7\u00e3o.<\/span><\/p>\n<blockquote><p><b>Leia mais: <\/b><a href=\"https:\/\/catracalivre.com.br\/educacao\/20-sites-cursos-gratuitos-com-certificado\/\" target=\"_blank\" rel=\"noopener\"><span style=\"font-weight: 400;\">Catraca Livre<\/span><\/a><\/p><\/blockquote>\n","protected":false},"excerpt":{"rendered":"<p>Confira os principais releases da Omie na imprensa nas \u00faltimas semanas. <\/p>\n","protected":false},"author":10,"featured_media":10991,"comment_status":"closed","ping_status":"closed","sticky":false,"template":"","format":"standard","meta":{"footnotes":""},"categories":[406],"tags":[],"class_list":["post-12111","post","type-post","status-publish","format-standard","has-post-thumbnail","hentry","category-imprensa"],"_links":{"self":[{"href":"https:\/\/www.omie.com.br\/blog\/wp-json\/wp\/v2\/posts\/12111","targetHints":{"allow":["GET"]}}],"collection":[{"href":"https:\/\/www.omie.com.br\/blog\/wp-json\/wp\/v2\/posts"}],"about":[{"href":"https:\/\/www.omie.com.br\/blog\/wp-json\/wp\/v2\/types\/post"}],"author":[{"embeddable":true,"href":"https:\/\/www.omie.com.br\/blog\/wp-json\/wp\/v2\/users\/10"}],"replies":[{"embeddable":true,"href":"https:\/\/www.omie.com.br\/blog\/wp-json\/wp\/v2\/comments?post=12111"}],"version-history":[{"count":1,"href":"https:\/\/www.omie.com.br\/blog\/wp-json\/wp\/v2\/posts\/12111\/revisions"}],"predecessor-version":[{"id":19325,"href":"https:\/\/www.omie.com.br\/blog\/wp-json\/wp\/v2\/posts\/12111\/revisions\/19325"}],"wp:featuredmedia":[{"embeddable":true,"href":"https:\/\/www.omie.com.br\/blog\/wp-json\/wp\/v2\/media\/10991"}],"wp:attachment":[{"href":"https:\/\/www.omie.com.br\/blog\/wp-json\/wp\/v2\/media?parent=12111"}],"wp:term":[{"taxonomy":"category","embeddable":true,"href":"https:\/\/www.omie.com.br\/blog\/wp-json\/wp\/v2\/categories?post=12111"},{"taxonomy":"post_tag","embeddable":true,"href":"https:\/\/www.omie.com.br\/blog\/wp-json\/wp\/v2\/tags?post=12111"}],"curies":[{"name":"wp","href":"https:\/\/api.w.org\/{rel}","templated":true}]}}