{"id":12233,"date":"2023-06-07T09:18:10","date_gmt":"2023-06-07T12:18:10","guid":{"rendered":"https:\/\/www.omie.com.br\/blog\/?p=12233"},"modified":"2023-08-02T16:42:19","modified_gmt":"2023-08-02T19:42:19","slug":"omie-na-imprensa-veja-os-destaques-dessa-semana-23","status":"publish","type":"post","link":"https:\/\/www.omie.com.br\/blog\/omie-na-imprensa-veja-os-destaques-dessa-semana-23\/","title":{"rendered":"Omie na Imprensa: veja os destaques dessa semana!"},"content":{"rendered":"<h2><span style=\"font-weight: 400;\">Institucional<\/span><\/h2>\n<p><b>Como a Omie revolucionou a gest\u00e3o financeira das empresas, com Marcelo Lombardo<\/b><\/p>\n<p><span style=\"font-weight: 400;\">Marcelo Lombardo, CEO e cofundador da Omie, participou do podcast Growthcast para falar sobre todos os desafios e li\u00e7\u00f5es aprendidas ao revolucionar o mercado brasileiro de gest\u00e3o financeira.<\/span><\/p>\n<blockquote><p><b>Ou\u00e7a aqui: <\/b><a href=\"https:\/\/www.youtube.com\/watch?v=OQ5JvhLVThY&amp;ab_channel=Growthcast\" target=\"_blank\" rel=\"noopener\"><b>Podcast Growthcast<\/b><\/a><\/p><\/blockquote>\n<p>&nbsp;<\/p>\n<p><b>A volta do Astella Playbook, o podcast que virou refer\u00eancia entre os empreendedores<\/b><\/p>\n<p><span style=\"font-weight: 400;\">Lombardo tamb\u00e9m foi o primeiro convidado para a edi\u00e7\u00e3o de retorno do podcast apresentado por Daniel Chalfon e Edson Rigonatti, s\u00f3cios da Astella &#8211; uma das investidoras da Omie. A nova temporada ir\u00e1 ao ar a partir de 13 de junho, no <\/span><a href=\"https:\/\/open.spotify.com\/show\/0y449BDXAK6wB8nNIZ3WQ9?si=9be75d1210d145ef\" target=\"_blank\" rel=\"noopener\"><span style=\"font-weight: 400;\">Spotify<\/span><\/a><span style=\"font-weight: 400;\">.<\/span><\/p>\n<blockquote><p><b>Leia aqui: <\/b><a href=\"https:\/\/neofeed.com.br\/startups\/a-volta-do-astella-playbook-o-podcast-que-virou-referencia-entre-os-empreendedores\/\" target=\"_blank\" rel=\"noopener\"><b>NeoFeed<\/b><\/a><\/p><\/blockquote>\n<p>&nbsp;<\/p>\n<h2><span style=\"font-weight: 400;\">IODE-PMEs<\/span><\/h2>\n<p><b>Com\u00e9rcio e infraestrutura d\u00e3o sinais de desaquecimento em abril<\/b><\/p>\n<p><span style=\"font-weight: 400;\">Segundo o IODE-PMEs, a m\u00e9dia do faturamento das PMEs cresceu 1,9% em abril\/23 em rela\u00e7\u00e3o a abril\/22. No entanto, no primeiro trimestre, encerrou com crescimento de 2,5% na compara\u00e7\u00e3o anual.<\/span><\/p>\n<blockquote><p><b>Leia aqui: <\/b><a href=\"https:\/\/oglobo.globo.com\/blogs\/miriam-leitao\/post\/2023\/05\/comercio-e-infraestrutura-dao-sinais-de-desaquecimento-em-abril.ghtml\" target=\"_blank\" rel=\"noopener\"><b>O Globo<\/b><\/a><b> | <\/b><a href=\"https:\/\/exame.com\/negocios\/faturamento-das-pequenas-e-medias-empresas-avanca-19-em-abril-mas-indica-desaceleracao\/\" target=\"_blank\" rel=\"noopener\"><b>Exame<\/b><\/a><\/p><\/blockquote>\n<p>&nbsp;<\/p>\n<p><b>Dia das M\u00e3es: varejo acelera em maio e PMEs t\u00eam alta de 11,1%<\/b><\/p>\n<p><span style=\"font-weight: 400;\">Em 2023, a celebra\u00e7\u00e3o do Dia das M\u00e3es afetou positivamente a movimenta\u00e7\u00e3o financeira real de alguns segmentos do com\u00e9rcio varejista, segundo o IODE-PMEs. Na primeira quinzena de maio\/23, a m\u00e9dia di\u00e1ria da movimenta\u00e7\u00e3o financeira real das PMEs do setor cresceu 11,1% ante abril23.<\/span><\/p>\n<blockquote><p><b>Leia aqui: <\/b><a href=\"https:\/\/www.ecommercebrasil.com.br\/noticias\/dia-das-maes-varejo-acelera-maio-pmes-alta\" target=\"_blank\" rel=\"noopener\"><b>E-commerce Brasil<\/b><\/a><\/p><\/blockquote>\n<p>&nbsp;<\/p>\n<p><b>Desvendando o IODE: O \u00edndice que revela o desempenho das PMEs no Brasil<\/b><\/p>\n<p><span style=\"font-weight: 400;\">Felipe Beraldi, gerente de Indicadores e Estudos Econ\u00f4micos da Omie, foi o convidado do \u00faltimo epis\u00f3dio do podcast Controller Cast, onde contou todos os detalhes sobre o \u00edndice criado pela Omie que mede as tend\u00eancias e o comportamento econ\u00f4mico das PMEs brasileiras.<\/span><\/p>\n<blockquote><p><b>Ou\u00e7a aqui<\/b><span style=\"font-weight: 400;\">: <\/span><a href=\"https:\/\/www.treasy.com.br\/blog\/indice-omie-de-desempenho-economico-das-pmes\/\" target=\"_blank\" rel=\"noopener\"><b>Controller Cast<\/b><\/a><\/p><\/blockquote>\n<p>&nbsp;<\/p>\n<h2><span style=\"font-weight: 400;\">RH<\/span><\/h2>\n<p><b>Carolina Rietmann \u00e9 promovida para Diretora de Jur\u00eddico e Compliance<\/b><\/p>\n<p><span style=\"font-weight: 400;\">Executiva, que j\u00e1 fazia parte do quadro de funcion\u00e1rios, refor\u00e7ar\u00e1 a estrutura jur\u00eddica e de compliance da empresa para apoiar sua estrat\u00e9gia de crescimento.<\/span><\/p>\n<blockquote><p><b>Leia aqui: <\/b><a href=\"https:\/\/www.estadao.com.br\/economia\/sua-carreira\/alto-escalao-uhg-tem-novo-comando\/\" target=\"_blank\" rel=\"noopener\"><b>Estad\u00e3o<\/b><\/a><b> | <\/b><a href=\"https:\/\/www.terra.com.br\/noticias\/educacao\/carreira\/alto-escalao-uhg-tem-novo-comando,27b73f68105bf10f6d62976f47f6aedcat9yroat.html\" target=\"_blank\" rel=\"noopener\"><b>Terra<\/b><\/a><b> | <\/b><a href=\"https:\/\/startups.com.br\/danca-das-cadeiras\/omie-promove-carolina-rietmann-a-diretora-de-juridico-e-compliance\/\" target=\"_blank\" rel=\"noopener\"><b>Startups<\/b><\/a><b> | <\/b><a href=\"https:\/\/portalerp.com\/omie-anuncia-carolina-rietmann-como-diretora-de-juridico-e-compliance\" target=\"_blank\" rel=\"noopener\"><b>Portal do ERP<\/b><\/a><b> | <\/b><a href=\"https:\/\/tiinside.com.br\/26\/05\/2023\/omie-anuncia-carolina-rietmann-como-diretora-de-juridico-e-compliance\/\" target=\"_blank\" rel=\"noopener\"><b>TI Inside<\/b><\/a><\/p><\/blockquote>\n<p>&nbsp;<\/p>\n<p><b>Novo processo seletivo da Omie oferece 34 vagas na \u00e1rea comercial<\/b><\/p>\n<p><span style=\"font-weight: 400;\">As posi\u00e7\u00f5es s\u00e3o para trabalho remoto ou presencial nas unidades franqueadas da empresa em S\u00e3o Paulo, Minas Gerais, Esp\u00edrito Santo, Mato Grosso, Goi\u00e1s, Distrito Federal, Paran\u00e1 e Santa Catarina.<\/span><\/p>\n<blockquote><p><b>Leia aqui: <\/b><a href=\"https:\/\/jcconcursos.uol.com.br\/noticia\/empregos\/novo-processo-seletivo-da-omie-oferece-34-vagas-na-area-comercial-111768\" target=\"_blank\" rel=\"noopener\"><b>JC Concursos (UOL)<\/b><\/a><\/p><\/blockquote>\n<p>&nbsp;<\/p>\n<h2><span style=\"font-weight: 400;\">Educa\u00e7\u00e3o<\/span><\/h2>\n<p><b>12 melhores sites com cursos de tecnologia gratuitos<\/b><\/p>\n<p><span style=\"font-weight: 400;\">A Omie.Academy aparece como um dos destaques da lista do Showmetech, com plataformas que oferecem cursos online e gratuitos para profissionaliza\u00e7\u00e3o.<\/span><\/p>\n<blockquote><p><b>Leia aqui: <\/b><a href=\"https:\/\/www.showmetech.com.br\/12-sites-com-cursos-de-tecnologia-gratuitos\/\" target=\"_blank\" rel=\"noopener\"><b>Showmetech<\/b><\/a><\/p><\/blockquote>\n<p>&nbsp;<\/p>\n<h2><span style=\"font-weight: 400;\">IR<\/span><\/h2>\n<p><b>O que acontece se eu n\u00e3o declarar o Imposto de Renda?<\/b><\/p>\n<p><span style=\"font-weight: 400;\">Fabiano Azevedo, empres\u00e1rio cont\u00e1bil e embaixador da Omie, conta quais podem ser as consequ\u00eancias para quem \u00e9 obrigado a declarar os rendimentos em 2023, mas n\u00e3o o faz.<\/span><\/p>\n<blockquote><p><b>Leia aqui: <\/b><a href=\"https:\/\/www.istoedinheiro.com.br\/o-que-acontece-se-eu-nao-declarar-o-imposto-de-renda\/\" target=\"_blank\" rel=\"noopener\"><b>Isto\u00c9 Dinheiro<\/b><\/a><b> | Leia mais: <\/b><a href=\"https:\/\/www.correiobraziliense.com.br\/economia\/2023\/05\/5096214-imposto-de-renda-2023-entenda-como-declarar-imoveis-e-herancas.html\" target=\"_blank\" rel=\"noopener\"><b>Imposto de Renda 2023: entenda como declarar im\u00f3veis e heran\u00e7as<\/b><\/a><\/p><\/blockquote>\n","protected":false},"excerpt":{"rendered":"<p>Confira os principais releases da Omie na imprensa nas \u00faltimas semanas! <\/p>\n","protected":false},"author":10,"featured_media":11436,"comment_status":"closed","ping_status":"closed","sticky":false,"template":"","format":"standard","meta":{"footnotes":""},"categories":[406],"tags":[],"class_list":["post-12233","post","type-post","status-publish","format-standard","has-post-thumbnail","hentry","category-imprensa"],"_links":{"self":[{"href":"https:\/\/www.omie.com.br\/blog\/wp-json\/wp\/v2\/posts\/12233","targetHints":{"allow":["GET"]}}],"collection":[{"href":"https:\/\/www.omie.com.br\/blog\/wp-json\/wp\/v2\/posts"}],"about":[{"href":"https:\/\/www.omie.com.br\/blog\/wp-json\/wp\/v2\/types\/post"}],"author":[{"embeddable":true,"href":"https:\/\/www.omie.com.br\/blog\/wp-json\/wp\/v2\/users\/10"}],"replies":[{"embeddable":true,"href":"https:\/\/www.omie.com.br\/blog\/wp-json\/wp\/v2\/comments?post=12233"}],"version-history":[{"count":0,"href":"https:\/\/www.omie.com.br\/blog\/wp-json\/wp\/v2\/posts\/12233\/revisions"}],"wp:featuredmedia":[{"embeddable":true,"href":"https:\/\/www.omie.com.br\/blog\/wp-json\/wp\/v2\/media\/11436"}],"wp:attachment":[{"href":"https:\/\/www.omie.com.br\/blog\/wp-json\/wp\/v2\/media?parent=12233"}],"wp:term":[{"taxonomy":"category","embeddable":true,"href":"https:\/\/www.omie.com.br\/blog\/wp-json\/wp\/v2\/categories?post=12233"},{"taxonomy":"post_tag","embeddable":true,"href":"https:\/\/www.omie.com.br\/blog\/wp-json\/wp\/v2\/tags?post=12233"}],"curies":[{"name":"wp","href":"https:\/\/api.w.org\/{rel}","templated":true}]}}