{"id":12544,"date":"2023-07-03T11:17:20","date_gmt":"2023-07-03T14:17:20","guid":{"rendered":"https:\/\/www.omie.com.br\/blog\/?p=12544"},"modified":"2024-06-28T16:35:58","modified_gmt":"2024-06-28T19:35:58","slug":"omie-na-imprensa-veja-os-destaques-dessa-semana-25","status":"publish","type":"post","link":"https:\/\/www.omie.com.br\/blog\/omie-na-imprensa-veja-os-destaques-dessa-semana-25\/","title":{"rendered":"Omie na Imprensa: veja os destaques dessa semana!"},"content":{"rendered":"<h2><span style=\"font-weight: 400;\">Franquias<\/span><\/h2>\n<p><b>Omie recebe novamente pr\u00eamio As Melhores Franquias do Brasil 2023, da PEGN<\/b><\/p>\n<p><span style=\"font-weight: 400;\">A empresa foi reconhecida como franquia \u201c4 estrelas\u201d pela revista, que avaliou as 406 inscritas em tr\u00eas dimens\u00f5es, com base na metodologia do Serasa Experian: desempenho da rede, qualidade da rede e satisfa\u00e7\u00e3o do franqueado.<\/span><\/p>\n<blockquote><p><b>Leia aqui:<\/b> <a href=\"https:\/\/revistapegn.globo.com\/melhores-franquias\/noticia\/2023\/06\/conheca-as-franquias-4-estrelas-do-premio-as-melhores-franquias-do-brasil-2023.ghtml\" target=\"_blank\" rel=\"noopener\"><b>PEGN<\/b><\/a><\/p><\/blockquote>\n<p><b>Omie lan\u00e7a modelo de recorr\u00eancia para franqueados<\/b><\/p>\n<p><span style=\"font-weight: 400;\">Al\u00e9m do modelo de antecipa\u00e7\u00e3o de parcelas, agora as franquias do modelo Padr\u00e3o da Omie podem funcionar com pagamentos por recorr\u00eancias mensais, enquanto os contratos estiverem ativos.<\/span><\/p>\n<blockquote><p><b>Leia aqui: <\/b><a href=\"https:\/\/guiafranquiasdesucesso.com\/noticias\/omie-lanca-recorrencia-para-franqueados\/\" target=\"_blank\" rel=\"noopener\"><b>Guia Franquias de Sucesso<\/b><\/a><\/p><\/blockquote>\n<p>&nbsp;<\/p>\n<h2><span style=\"font-weight: 400;\">IODE-PMEs<\/span><\/h2>\n<p><b>Varejo puxa diminui\u00e7\u00e3o do pequeno e m\u00e9dio com\u00e9rcio<\/b><\/p>\n<p><span style=\"font-weight: 400;\">O \u00faltimo levantamento do IODE-PMEs apontou que a movimenta\u00e7\u00e3o financeira dos pequenos e m\u00e9dios neg\u00f3cios do Com\u00e9rcio caiu 3,4% em maio, em rela\u00e7\u00e3o a 2022. No Varejo o recuo foi de 8,9%, mesmo com a sazonalidade do Dia das M\u00e3es.<\/span><\/p>\n<blockquote><p><b>Leia aqui: <\/b><a href=\"https:\/\/drive.google.com\/file\/d\/1hYkggbqOxNBBHPYPjSVDlIvi-TW5-4d8\/view\" target=\"_blank\" rel=\"noopener\"><b>Estad\u00e3o (Coluna do Broadcast)<\/b><\/a><b> | <\/b><a href=\"https:\/\/gazetadasemana.com.br\/noticia\/120983\/pequeno-e-medio-comercio-recua-3-4-em-maio\" target=\"_blank\" rel=\"noopener\"><b>Gazeta da Semana<\/b><\/a><b> | <\/b><a href=\"https:\/\/drive.google.com\/file\/d\/1vYAAiEtAWAWFKhe-LWCwIGYCH2DCL9EI\/view\" target=\"_blank\" rel=\"noopener\"><b>Di\u00e1rio da Ind\u00fastria &amp; Com\u00e9rcio<\/b><\/a><\/p><\/blockquote>\n<p>&nbsp;<\/p>\n<h2><span style=\"font-weight: 400;\">Empreendedorismo<\/span><\/h2>\n<p><b>Omie cria projeto \u2018Impulsiona Mulher\u2019 para fomentar o empreendedorismo feminino na Bahia<\/b><\/p>\n<p><span style=\"font-weight: 400;\">Para estimular o empreendedorismo feminino, a Omie lan\u00e7ou o concurso \u201cImpulsiona Mulher\u201d, que ir\u00e1 mentorar gratuitamente 15 selecionadas, moradoras de Salvador (BA) e regi\u00e3o metropolitana, durante seis meses para ajud\u00e1-las a destravar seu crescimento.<\/span><\/p>\n<blockquote><p><b>Leia aqui: <\/b><a href=\"https:\/\/badevalor.com.br\/omie-cria-projeto-impulsiona-mulher-para-fomentar-o-empreendedorismo-feminino\/\" target=\"_blank\" rel=\"noopener\"><b>Bahia de Valor<\/b><\/a><b> | <\/b><a href=\"https:\/\/aloalobahia.com\/notas\/projeto-fomentara-o-empreendedorismo-feminino-em-salvador-saiba-como-participar\" target=\"_blank\" rel=\"noopener\"><b>Al\u00f4 Al\u00f4 Bahia<\/b><\/a><\/p><\/blockquote>\n<p>&nbsp;<\/p>\n<h2><span style=\"font-weight: 400;\">ERPs<\/span><\/h2>\n<p><b>A import\u00e2ncia do software de gest\u00e3o para pequenas empresas: uma conversa com Marcelo Lombardo<\/b><\/p>\n<p><span style=\"font-weight: 400;\">Segundo Marcelo Lombardo, CEO e cofundador da Omie, um software de gest\u00e3o \u00e9 uma necessidade b\u00e1sica para qualquer neg\u00f3cio que deseja crescer, apesar de muitos empreendedores ainda n\u00e3o entenderem sobre a import\u00e2ncia do uso dessa tecnologia.<\/span><\/p>\n<blockquote><p><b>Leia aqui: <\/b><a href=\"https:\/\/www.robertodiasduarte.com.br\/a-importancia-do-software-de-gestao-para-pequenas-empresas-uma-conversa-com-marcelo-lombardo\/\" target=\"_blank\" rel=\"noopener\"><b>Blog Roberto Dias Duarte<\/b><\/a><\/p><\/blockquote>\n<p>&nbsp;<\/p>\n<h2><span style=\"font-weight: 400;\">Omie.Academy<\/span><\/h2>\n<p><b>15 sites que oferecem cursos gratuitos para melhorar o curr\u00edculo<\/b><\/p>\n<p><span style=\"font-weight: 400;\">A Omie.Academy foi citada como uma das plataformas de educa\u00e7\u00e3o gratuita que ajudam o p\u00fablico a se profissionalizar em diversos assuntos, como E-commerce, Comunica\u00e7\u00e3o e Marketing, Administra\u00e7\u00e3o e Finan\u00e7as.<\/span><\/p>\n<blockquote><p><b>Leia aqui: <\/b><a href=\"https:\/\/www.terra.com.br\/comunidade\/visao-do-corre\/15-sites-que-oferecem-cursos-gratuitos-para-quem-esta-no-corre-do-primeiro-emprego,85cd7908b513580e07da01d573c4c8b0hxgfw022.html\" target=\"_blank\" rel=\"noopener\"><b>Terra (Blog Vis\u00e3o do Corre)<\/b><\/a><\/p><\/blockquote>\n<p>&nbsp;<\/p>\n<h2><span style=\"font-weight: 400;\">Mercado<\/span><\/h2>\n<p><b>Brasil tem 12,7 mil startups; entenda quando empresas perdem esse status<\/b><\/p>\n<p><span style=\"font-weight: 400;\">A Omie \u00e9 citada como uma das pr\u00f3ximas candidatas a alcan\u00e7ar o status de \u201cempresa Unic\u00f3rnio\u201d &#8211; organiza\u00e7\u00f5es que alcan\u00e7am um valor de mercado superior a 1 bilh\u00e3o de d\u00f3lares.<\/span><\/p>\n<blockquote><p><b>Leia aqui: <\/b><a href=\"https:\/\/www.infomoney.com.br\/negocios\/brasil-tem-127-mil-startups-entenda-quando-empresas-perdem-esse-status\/\" target=\"_blank\" rel=\"noopener\"><b>Infomoney<\/b><\/a><\/p><\/blockquote>\n","protected":false},"excerpt":{"rendered":"<p>Confira os principais releases da Omie na imprensa das \u00faltimas semanas.<\/p>\n","protected":false},"author":10,"featured_media":11436,"comment_status":"closed","ping_status":"closed","sticky":false,"template":"","format":"standard","meta":{"footnotes":""},"categories":[406],"tags":[],"class_list":["post-12544","post","type-post","status-publish","format-standard","has-post-thumbnail","hentry","category-imprensa"],"_links":{"self":[{"href":"https:\/\/www.omie.com.br\/blog\/wp-json\/wp\/v2\/posts\/12544","targetHints":{"allow":["GET"]}}],"collection":[{"href":"https:\/\/www.omie.com.br\/blog\/wp-json\/wp\/v2\/posts"}],"about":[{"href":"https:\/\/www.omie.com.br\/blog\/wp-json\/wp\/v2\/types\/post"}],"author":[{"embeddable":true,"href":"https:\/\/www.omie.com.br\/blog\/wp-json\/wp\/v2\/users\/10"}],"replies":[{"embeddable":true,"href":"https:\/\/www.omie.com.br\/blog\/wp-json\/wp\/v2\/comments?post=12544"}],"version-history":[{"count":1,"href":"https:\/\/www.omie.com.br\/blog\/wp-json\/wp\/v2\/posts\/12544\/revisions"}],"predecessor-version":[{"id":19327,"href":"https:\/\/www.omie.com.br\/blog\/wp-json\/wp\/v2\/posts\/12544\/revisions\/19327"}],"wp:featuredmedia":[{"embeddable":true,"href":"https:\/\/www.omie.com.br\/blog\/wp-json\/wp\/v2\/media\/11436"}],"wp:attachment":[{"href":"https:\/\/www.omie.com.br\/blog\/wp-json\/wp\/v2\/media?parent=12544"}],"wp:term":[{"taxonomy":"category","embeddable":true,"href":"https:\/\/www.omie.com.br\/blog\/wp-json\/wp\/v2\/categories?post=12544"},{"taxonomy":"post_tag","embeddable":true,"href":"https:\/\/www.omie.com.br\/blog\/wp-json\/wp\/v2\/tags?post=12544"}],"curies":[{"name":"wp","href":"https:\/\/api.w.org\/{rel}","templated":true}]}}