{"id":12824,"date":"2023-08-14T08:41:14","date_gmt":"2023-08-14T11:41:14","guid":{"rendered":"https:\/\/www.omie.com.br\/blog\/?p=12824"},"modified":"2024-06-28T16:38:29","modified_gmt":"2024-06-28T19:38:29","slug":"omie-na-imprensa-veja-os-destaques-dessa-semana-28","status":"publish","type":"post","link":"https:\/\/www.omie.com.br\/blog\/omie-na-imprensa-veja-os-destaques-dessa-semana-28\/","title":{"rendered":"Omie na Imprensa: veja os destaques dessa semana!"},"content":{"rendered":"<h2><span style=\"font-weight: 400;\">Publicidade &amp; Propaganda<\/span><\/h2>\n<p><b>Omie lan\u00e7a campanha com \u201cinimigo invis\u00edvel\u201d do empreendedor<\/b><\/p>\n<p><span style=\"font-weight: 400;\">J\u00e1 est\u00e1 no ar a campanha &#8220;Libere seu crescimento&#8221;, da Omie, criada internamente e que traz em v\u00eddeos publicit\u00e1rios a persona de um boneco infl\u00e1vel que representa o \u2018atraso\u2019 e a \u2018aus\u00eancia\u2019 como fatores inerentes ao empreendedorismo.<\/span><\/p>\n<blockquote><p><b>Leia aqui: <\/b><a href=\"https:\/\/empreendedor.com.br\/noticia\/omie-lanca-campanha-com-inimigo-invisivel-do-empreendedor\/\" target=\"_blank\" rel=\"noopener\"><b>Empreendedor<\/b><\/a><b> | <\/b><a href=\"https:\/\/revistalivemarketing.com.br\/omie-lanca-campanha-com-personagem-que-materializa-um-inimigo-invisivel-do-empreendedor\/\" target=\"_blank\" rel=\"noopener\"><b>Revista Live Marketing<\/b><\/a><b> | <\/b><a href=\"https:\/\/www.promoview.com.br\/blog\/redacao\/publicidade\/omie-campanha-empreendedor.html\" target=\"_blank\" rel=\"noopener\"><b>Promoview<\/b><\/a><\/p><\/blockquote>\n<p>&nbsp;<\/p>\n<h2><span style=\"font-weight: 400;\">IODE-PMEs<\/span><\/h2>\n<p><b>PMEs registram crescimento de 3,1% no 2\u00ba trimestre de 2023<\/b><\/p>\n<p><span style=\"font-weight: 400;\">Segundo o IODE-PMEs, o n\u00famero refere-se a uma compara\u00e7\u00e3o anual, ap\u00f3s +2,5% no 1\u00ba trimestre. No acumulado do 1\u00ba semestre do ano, o \u00edndice revela crescimento de 2,8% frente ao mesmo per\u00edodo do ano anterior..<\/span><\/p>\n<blockquote><p><b>Leia aqui: <\/b><a href=\"https:\/\/www.ecommercebrasil.com.br\/noticias\/pequenos-e-medios-negocios-registram-crescimento-de-31-no-2o-trimestre-de-2023\" target=\"_blank\" rel=\"noopener\"><b>E-commerce Brasil<\/b><\/a><b> | <\/b><a href=\"https:\/\/drive.google.com\/file\/d\/1DS1N4jWDh7LuR1zswxAVDv_mvygRTgoy\/view\" target=\"_blank\" rel=\"noopener\"><b>Di\u00e1rio do Com\u00e9rcio<\/b><\/a><b> | <\/b><a href=\"https:\/\/guiadafarmacia.com.br\/pequenos-e-medios-negocios-registram-crescimento-de-31-no-2o-trimestre-de-2023\/\" target=\"_blank\" rel=\"noopener\"><b>Guia da Farm\u00e1cia<\/b><\/a><\/p><\/blockquote>\n<p>&nbsp;<\/p>\n<h2><span style=\"font-weight: 400;\">Omie.Academy<\/span><\/h2>\n<p><b>Omie.Academy lan\u00e7a primeiro curso definido por comunidade empreendedora<\/b><\/p>\n<p><span style=\"font-weight: 400;\">Para ajudar empresas a estruturar uma \u00e1rea comercial eficiente e potencializar resultados, a Omie.Academy divulgou o curso gratuito \u201cT\u00e9cnicas de vendas e atendimento presencial\u201d, ap\u00f3s insights gerados pelo grupo de empreendedores gerenciado pela frente educacional da Omie.<\/span><\/p>\n<blockquote><p><b>Leia aqui: <\/b><a href=\"https:\/\/gazetadasemana.com.br\/noticia\/126712\/plataforma-de-educacao-da-omie-lanca-primeiro-curso-definido-por-comunidade-empreendedora\" target=\"_blank\" rel=\"noopener\"><b>Gazeta da Semana<\/b><\/a><\/p><\/blockquote>\n<p>&nbsp;<\/p>\n<h2><span style=\"font-weight: 400;\">Servi\u00e7os financeiros<\/span><\/h2>\n<p><b>Omie refor\u00e7a atua\u00e7\u00e3o no Open Finance e amplia parceria com bancos<\/b><\/p>\n<p><span style=\"font-weight: 400;\">A tecnologia oferece diversos benef\u00edcios para a organiza\u00e7\u00e3o financeira de uma empresa, como o ganho de produtividade decorrente do Open Finance. Neste cen\u00e1rio, a Omie ampliou sua parceria com bancos para oferecer ainda mais praticidade e autonomia aos clientes \u2013 o software de gest\u00e3o se integra ao Banco do Brasil, Santander e Ita\u00fa.<\/span><\/p>\n<blockquote><p><b>Leia aqui: <\/b><a href=\"https:\/\/portalerp.com\/omie-reforca-atuacao-no-open-finance-e-amplia-parceria-com-bancos\" target=\"_blank\" rel=\"noopener\"><b>Portal ERP<\/b><\/a><b> | <\/b><a href=\"https:\/\/gazetadasemana.com.br\/noticia\/125700\/omie-reforca-atuacao-no-open-finance-e-amplia-parceria-com-bancos\" target=\"_blank\" rel=\"noopener\"><b>Gazeta da Semana<\/b><\/a><\/p><\/blockquote>\n<p>&nbsp;<\/p>\n<h2><span style=\"font-weight: 400;\">Ita\u00fa Meu Neg\u00f3cio Gest\u00e3o by Omie<\/span><\/h2>\n<p><b>Apoio na gest\u00e3o d\u00e1 al\u00edvio ao neg\u00f3cio<\/b><\/p>\n<p><span style=\"font-weight: 400;\">Ecossistemas oferecidos por institui\u00e7\u00f5es financeiras, como a plataforma Ita\u00fa Meu Neg\u00f3cio, que possui parceria com a Omie no produto Ita\u00fa Meu Neg\u00f3cio Gest\u00e3o by Omie, \u201cdesenrolam\u201d a vida do empreendedor.<\/span><\/p>\n<blockquote><p><b>Leia aqui: <\/b><a href=\"https:\/\/drive.google.com\/drive\/u\/0\/folders\/1OIq0lRfuuAV6UxaCr5Guz_eSycBpW-4A\" target=\"_blank\" rel=\"noopener\"><b>PEGN<\/b><\/a><\/p><\/blockquote>\n","protected":false},"excerpt":{"rendered":"<p>Confira os principais releases da Omie na imprensa nas \u00faltimas semanas<\/p>\n","protected":false},"author":10,"featured_media":10991,"comment_status":"closed","ping_status":"closed","sticky":false,"template":"","format":"standard","meta":{"footnotes":""},"categories":[406],"tags":[],"class_list":["post-12824","post","type-post","status-publish","format-standard","has-post-thumbnail","hentry","category-imprensa"],"_links":{"self":[{"href":"https:\/\/www.omie.com.br\/blog\/wp-json\/wp\/v2\/posts\/12824","targetHints":{"allow":["GET"]}}],"collection":[{"href":"https:\/\/www.omie.com.br\/blog\/wp-json\/wp\/v2\/posts"}],"about":[{"href":"https:\/\/www.omie.com.br\/blog\/wp-json\/wp\/v2\/types\/post"}],"author":[{"embeddable":true,"href":"https:\/\/www.omie.com.br\/blog\/wp-json\/wp\/v2\/users\/10"}],"replies":[{"embeddable":true,"href":"https:\/\/www.omie.com.br\/blog\/wp-json\/wp\/v2\/comments?post=12824"}],"version-history":[{"count":1,"href":"https:\/\/www.omie.com.br\/blog\/wp-json\/wp\/v2\/posts\/12824\/revisions"}],"predecessor-version":[{"id":19330,"href":"https:\/\/www.omie.com.br\/blog\/wp-json\/wp\/v2\/posts\/12824\/revisions\/19330"}],"wp:featuredmedia":[{"embeddable":true,"href":"https:\/\/www.omie.com.br\/blog\/wp-json\/wp\/v2\/media\/10991"}],"wp:attachment":[{"href":"https:\/\/www.omie.com.br\/blog\/wp-json\/wp\/v2\/media?parent=12824"}],"wp:term":[{"taxonomy":"category","embeddable":true,"href":"https:\/\/www.omie.com.br\/blog\/wp-json\/wp\/v2\/categories?post=12824"},{"taxonomy":"post_tag","embeddable":true,"href":"https:\/\/www.omie.com.br\/blog\/wp-json\/wp\/v2\/tags?post=12824"}],"curies":[{"name":"wp","href":"https:\/\/api.w.org\/{rel}","templated":true}]}}