{"id":13345,"date":"2023-09-13T11:50:35","date_gmt":"2023-09-13T14:50:35","guid":{"rendered":"https:\/\/www.omie.com.br\/blog\/?p=13345"},"modified":"2024-06-28T16:40:56","modified_gmt":"2024-06-28T19:40:56","slug":"omie-na-imprensa-veja-os-destaques-dessa-semana-30","status":"publish","type":"post","link":"https:\/\/www.omie.com.br\/blog\/omie-na-imprensa-veja-os-destaques-dessa-semana-30\/","title":{"rendered":"Omie na Imprensa: veja os destaques dessa semana!"},"content":{"rendered":"<h2><span style=\"font-weight: 400;\">IODE-PMEs<\/span><\/h2>\n<p><b>Faturamento das pequenas e m\u00e9dias empresas cresce 2,9% em julho<\/b><\/p>\n<p><span style=\"font-weight: 400;\">Segundo o IODE-PMEs, o crescimento da movimenta\u00e7\u00e3o financeira real m\u00e9dia no in\u00edcio do segundo semestre reflete a melhora do ambiente econ\u00f4mico nacional.<\/span><\/p>\n<blockquote><p><b>Leia aqui: <\/b><a href=\"https:\/\/oglobo.globo.com\/blogs\/miriam-leitao\/post\/2023\/08\/faturamento-das-pequenas-e-medias-empresas-cresce-29percent.ghtml\" target=\"_blank\" rel=\"noopener\"><b>Coluna M\u00edriam Leit\u00e3o (O Globo)<\/b><\/a><b> | <\/b><a href=\"https:\/\/drive.google.com\/file\/d\/1GhKdG6UEM5Ak_v0OiXfeWUjC3DGUACsC\/view\" target=\"_blank\" rel=\"noopener\"><b>Coluna do Broadcast (Estad\u00e3o)<\/b><\/a><b> | <\/b><a href=\"https:\/\/exame.com\/negocios\/pequenos-e-medios-negocios-crescem-29-em-julho\/\" target=\"_blank\" rel=\"noopener\"><b>Exame<\/b><\/a><b> | <\/b><a href=\"https:\/\/www.ecommercebrasil.com.br\/noticias\/pmes-comecam-segundo-semestre-bem-mas-comercio-ainda-patina-indica-estudo-da-omie\" target=\"_blank\" rel=\"noopener\"><b>E-commerce Brasil<\/b><\/a><\/p><\/blockquote>\n<p>&nbsp;<\/p>\n<h2><span style=\"font-weight: 400;\">IR 2024<\/span><\/h2>\n<p><b>Enquanto espera o quinto lote de restitui\u00e7\u00e3o, entenda novas regras para a declara\u00e7\u00e3o do IR<\/b><\/p>\n<p><span style=\"font-weight: 400;\">Fabiano Azevedo e M\u00f4nica Porto, contadores parceiros da Omie, explicam as novas normas da lei, v\u00e1lidas para as declara\u00e7\u00f5es do IR de 2024. \u201cA amplia\u00e7\u00e3o da isen\u00e7\u00e3o visa beneficiar faixas menores de renda, aliviando o peso dos impostos. Mas, tamb\u00e9m ser\u00e1 positivo para as maiores faixas, pois o imposto vai considerar apenas a quantia que excede o valor base\u201d, afirmam.<\/span><\/p>\n<blockquote><p><b>Leia aqui: <\/b><a href=\"https:\/\/valorinveste.globo.com\/imposto-de-renda-2023\/noticia\/2023\/09\/02\/quinto-lote-de-restituicao-entenda-novas-regras-para-a-declaracao-do-imposto-de-renda.ghtml\" target=\"_blank\" rel=\"noopener\"><b>Valor Investe<\/b><\/a><\/p><\/blockquote>\n<p>&nbsp;<\/p>\n<h2><span style=\"font-weight: 400;\">Servi\u00e7os Financeiros<\/span><\/h2>\n<p><b>Omie se torna primeira empresa de ERP a receber aprova\u00e7\u00e3o para ser iniciadora de pagamentos<\/b><\/p>\n<p><span style=\"font-weight: 400;\">A Omie recebeu recentemente a autoriza\u00e7\u00e3o do Banco Central (BC) para operar como Institui\u00e7\u00e3o de Pagamento (IP), na modalidade Iniciador de Transa\u00e7\u00e3o de Pagamento (ITP). A licen\u00e7a possibilita a entrada da scale-up ao ecossistema do Open Finance.<\/span><\/p>\n<p><b>Leia aqui: <\/b><a href=\"https:\/\/www.blog.fincatch.com.br\/post\/omie-se-torna-primeira-empresa-de-erp-a-receber-aprovacao-para-ser-iniciadora-de-pagamentos\" target=\"_blank\" rel=\"noopener\"><b>Fincatch<\/b><\/a><span style=\"font-weight: 400;\"> | <\/span><a href=\"https:\/\/gazetadasemana.com.br\/noticia\/130492\/omie-se-torna-primeira-empresa-de-erp-a-receber-aprovacao-para-ser-iniciadora-de-pagamentos\" target=\"_blank\" rel=\"noopener\"><b>Gazeta da Semana<\/b><\/a><b> | <\/b><a href=\"https:\/\/www.channel360.com.br\/omie-iniciadora-pagamentos\/\" target=\"_blank\" rel=\"noopener\"><b>Channel 360<\/b><\/a><\/p>\n<p>&nbsp;<\/p>\n<h2><span style=\"font-weight: 400;\">Omie.Academy<\/span><\/h2>\n<p><b>Omie.Academy lan\u00e7a primeiro curso definido por comunidade empreendedora<\/b><\/p>\n<p><span style=\"font-weight: 400;\">Para ajudar empresas a estruturar uma \u00e1rea comercial eficiente e potencializar resultados, a Omie.Academy divulga o curso online e gratuito \u201cT\u00e9cnicas de vendas e atendimento presencial\u201d, com insights sobre o processo de vendas e como potencializar resultados.<\/span><\/p>\n<blockquote><p><b>Leia aqui: <\/b><a href=\"https:\/\/jornaldobelem.com.br\/noticia\/11853\/plataforma-de-educacao-da-omie-lanca-primeiro-curso-definido-por-comunidade-empreendedora\" target=\"_blank\" rel=\"noopener\"><b>Jornal do Bel\u00e9m<\/b><\/a><\/p><\/blockquote>\n<p>&nbsp;<\/p>\n<h2><span style=\"font-weight: 400;\">Franquias<\/span><\/h2>\n<p><b>Jovens lideran\u00e7as<\/b><\/p>\n<p><span style=\"font-weight: 400;\">A franqueada Omie, Tatiane Martins, respons\u00e1vel pela unidade Santos (SP), ganhou destaque no jornal A Tribuna de Santos por participar do 1\u00ba Encontro Jovens Lideran\u00e7as, realizado pelo ve\u00edculo, onde os participantes puderam trocar experi\u00eancias em empreendedorismo e lideran\u00e7a na regi\u00e3o.<\/span><\/p>\n<blockquote><p><b>Leia aqui: <\/b><a href=\"https:\/\/drive.google.com\/file\/d\/1b0c-taemyNvHLXvyAkLyr3hDRsXPSk9U\/view\" target=\"_blank\" rel=\"noopener\"><b>A Tribuna (Santos)<\/b><\/a><\/p><\/blockquote>\n","protected":false},"excerpt":{"rendered":"<p>Confira os principais releases da Omie na imprensa nas \u00faltimas semanas.<\/p>\n","protected":false},"author":10,"featured_media":10991,"comment_status":"closed","ping_status":"closed","sticky":false,"template":"","format":"standard","meta":{"footnotes":""},"categories":[406],"tags":[],"class_list":["post-13345","post","type-post","status-publish","format-standard","has-post-thumbnail","hentry","category-imprensa"],"_links":{"self":[{"href":"https:\/\/www.omie.com.br\/blog\/wp-json\/wp\/v2\/posts\/13345","targetHints":{"allow":["GET"]}}],"collection":[{"href":"https:\/\/www.omie.com.br\/blog\/wp-json\/wp\/v2\/posts"}],"about":[{"href":"https:\/\/www.omie.com.br\/blog\/wp-json\/wp\/v2\/types\/post"}],"author":[{"embeddable":true,"href":"https:\/\/www.omie.com.br\/blog\/wp-json\/wp\/v2\/users\/10"}],"replies":[{"embeddable":true,"href":"https:\/\/www.omie.com.br\/blog\/wp-json\/wp\/v2\/comments?post=13345"}],"version-history":[{"count":2,"href":"https:\/\/www.omie.com.br\/blog\/wp-json\/wp\/v2\/posts\/13345\/revisions"}],"predecessor-version":[{"id":13347,"href":"https:\/\/www.omie.com.br\/blog\/wp-json\/wp\/v2\/posts\/13345\/revisions\/13347"}],"wp:featuredmedia":[{"embeddable":true,"href":"https:\/\/www.omie.com.br\/blog\/wp-json\/wp\/v2\/media\/10991"}],"wp:attachment":[{"href":"https:\/\/www.omie.com.br\/blog\/wp-json\/wp\/v2\/media?parent=13345"}],"wp:term":[{"taxonomy":"category","embeddable":true,"href":"https:\/\/www.omie.com.br\/blog\/wp-json\/wp\/v2\/categories?post=13345"},{"taxonomy":"post_tag","embeddable":true,"href":"https:\/\/www.omie.com.br\/blog\/wp-json\/wp\/v2\/tags?post=13345"}],"curies":[{"name":"wp","href":"https:\/\/api.w.org\/{rel}","templated":true}]}}