{"id":13378,"date":"2023-09-13T18:07:53","date_gmt":"2023-09-13T21:07:53","guid":{"rendered":"https:\/\/www.omie.com.br\/blog\/?p=13378"},"modified":"2023-09-14T10:18:07","modified_gmt":"2023-09-14T13:18:07","slug":"pesquisa-realizada-pela-omie-identifica-otimismo-das-pequenas-empresas-com-o-ambiente-de-negocios","status":"publish","type":"post","link":"https:\/\/www.omie.com.br\/blog\/pesquisa-realizada-pela-omie-identifica-otimismo-das-pequenas-empresas-com-o-ambiente-de-negocios\/","title":{"rendered":"Pesquisa realizada pela Omie identifica otimismo das pequenas empresas com o ambiente de neg\u00f3cios"},"content":{"rendered":"<p><span style=\"font-weight: 400;\">Empreender \u00e9 uma tarefa complexa e desafiadora que exige um planejamento aprimorado. O mercado se encontra em constante evolu\u00e7\u00e3o, de modo que as empresas necessitam de rapidez para se ajustar \u00e0s novas realidades, se adaptar \u00e0s novas tecnologias e demandas e descobrir formas mais eficientes de realizar rotinas b\u00e1sicas para seu funcionamento.<\/span><\/p>\n<p><span style=\"font-weight: 400;\">Quando falamos sobre oscila\u00e7\u00f5es de mercado que podem afetar o desenvolvimento de um neg\u00f3cio, conseguir se antecipar \u00e0s tend\u00eancias e entender seus impactos, torna-se fundamental para enfrentar\u00a0 cen\u00e1rios mais desafiadores no futuro, especialmente quando falamos das pequenas e m\u00e9dias empresas, que s\u00e3o respons\u00e1veis por 70% dos empregos gerados no Brasil e tamb\u00e9m s\u00e3o a parcela da economia mais afetada com tais mudan\u00e7as.<\/span><\/p>\n<p><span style=\"font-weight: 400;\">Foi pensando nisso que a Omie decidiu realizar uma sondagem com o objetivo de compreender o momento atual e as expectativas para os pr\u00f3ximos meses das pequenas empresas brasileiras. Nosso estudo traz alguns pontos muito interessantes e importantes para an\u00e1lise do panorama futuro do mercado, trazendo informa\u00e7\u00f5es valiosas para os empreendedores.\u00a0<\/span><\/p>\n<h2><span style=\"font-weight: 400;\">Desenvolvimento e estrutura da pesquisa\u00a0<\/span><\/h2>\n<p><span style=\"font-weight: 400;\">A sondagem foi feita por meio de um question\u00e1rio online direcionado aos clientes da Omie optantes pelo Simples Nacional, ou seja, com foco nas pequenas empresas. Foram coletadas as percep\u00e7\u00f5es de 280 respondentes<\/span><span style=\"font-weight: 400;\">*<\/span><span style=\"font-weight: 400;\">, sobretudo, tomadores de decis\u00e3o dentro das pequenas empresas (como CEOs, diretores, s\u00f3cios e gerentes). O per\u00edodo de coleta das respostas foi de 26 de julho a 15 de agosto de 2023.\u00a0<\/span><\/p>\n<p><span style=\"font-weight: 400;\">A pesquisa contou com sete perguntas distribu\u00eddas da seguinte forma:\u00a0<\/span><\/p>\n<ul>\n<li style=\"font-weight: 400;\" aria-level=\"1\"><span style=\"font-weight: 400;\">Tr\u00eas perguntas relacionadas ao momento presente enfrentado pelas pequenas empresas;<\/span><\/li>\n<li style=\"font-weight: 400;\" aria-level=\"1\"><span style=\"font-weight: 400;\">Tr\u00eas perguntas sobre expectativas das pequenas empresas em rela\u00e7\u00e3o ao ambiente de neg\u00f3cios nos pr\u00f3ximos meses;<\/span><\/li>\n<li style=\"font-weight: 400;\" aria-level=\"1\"><span style=\"font-weight: 400;\">A \u00faltima pergunta tinha como objetivo entender as principais dificuldades que as pequenas empresas enfrentam no mercado para conseguirem crescer.\u00a0<\/span><\/li>\n<\/ul>\n<h2><span style=\"font-weight: 400;\">Os resultados encontrados<\/span><\/h2>\n<ul>\n<li style=\"font-weight: 400;\" aria-level=\"1\"><span style=\"font-weight: 400;\">Metade dos respondentes observou crescimento do faturamento da empresa nos \u00faltimos meses e apenas 18% identificaram retra\u00e7\u00e3o;<\/span><\/li>\n<li style=\"font-weight: 400;\" aria-level=\"1\"><span style=\"font-weight: 400;\">54% das empresas indicam que houve contrata\u00e7\u00f5es no per\u00edodo recente, ainda que apenas 30% representaram efetivamente a abertura de novas vagas de trabalho, enquanto 24% correspondem a vagas destinadas \u00e0 reposi\u00e7\u00e3o de equipe.<\/span><\/li>\n<li style=\"font-weight: 400;\" aria-level=\"1\"><span style=\"font-weight: 400;\">72% das respostas apontaram um aumento de custos e despesas nas pequenas empresas nos \u00faltimos seis meses. Apenas 7% dos respondentes mencionaram redu\u00e7\u00e3o de custos e despesas no per\u00edodo.<\/span><\/li>\n<li style=\"font-weight: 400;\" aria-level=\"1\"><span style=\"font-weight: 400;\">78% dos participantes antecipam que o faturamento da empresa ir\u00e1 crescer no curto prazo. Apenas 2% destacaram expectativas negativas sobre esta quest\u00e3o.<\/span><\/li>\n<li style=\"font-weight: 400;\" aria-level=\"1\"><span style=\"font-weight: 400;\">38% dos respondentes sinalizaram que projetam abertura de novas vagas de trabalho nos pr\u00f3ximos meses e outros 27% se mostraram propensos a acionar o mercado de trabalho apenas em caso de necessidade de reposi\u00e7\u00e3o da equipe atual.<\/span><\/li>\n<li style=\"font-weight: 400;\" aria-level=\"1\"><span style=\"font-weight: 400;\">36% dos dos empreendedores e gestores das pequenas empresas sinalizaram que esperam melhora na evolu\u00e7\u00e3o da economia brasileira nos pr\u00f3ximos meses.<\/span><\/li>\n<\/ul>\n<h3><span style=\"font-weight: 400;\">Principais dificuldades que as pequenas empresas enfrentam no mercado<\/span><\/h3>\n<p><img fetchpriority=\"high\" decoding=\"async\" class=\"aligncenter size-full wp-image-13383\" src=\"https:\/\/www.omie.com.br\/blog\/wp-content\/uploads\/2023\/09\/grafico.png\" alt=\"sondagem PMEs\" width=\"843\" height=\"432\" title=\"\"><\/p>\n<h2><span style=\"font-weight: 400;\">Principal ponto identificado na sondagem<\/span><\/h2>\n<p><span style=\"font-weight: 400;\">O grande nome por tr\u00e1s do desenvolvimento da pesquisa, Felipe Beraldi, economista e gerente de Indicadores e Estudos Econ\u00f4micos da Omie, identificou nos resultados que as pequenas empresas se mostraram otimistas com o ambiente de neg\u00f3cios no pa\u00eds, tanto por elementos j\u00e1 vivenciados no momento presente, quanto por conta de perspectivas positivas para o curto prazo.<\/span><\/p>\n<p><span style=\"font-weight: 400;\">Por fim, ele tamb\u00e9m destacou a import\u00e2ncia de acompanhar o setor de PMEs e porque os levantamentos da sondagem s\u00e3o t\u00e3o relevantes para os pequenos empreendedores do Brasil: <\/span><i><span style=\"font-weight: 400;\">\u201cEstamos falando de um segmento de grande impacto na economia e na sociedade. Compreender este mercado, seu desempenho e suas expectativas \u00e9 fundamental para que os empreendedores possam avaliar o cen\u00e1rio no qual est\u00e3o inseridos, al\u00e9m de ajud\u00e1-los na tomada de decis\u00e3o\u201d<\/span><\/i><\/p>\n<h2><span style=\"font-weight: 400;\">Saiba mais sobre o comportamento do mercado de PMEs\u00a0<\/span><\/h2>\n<p><span style=\"font-weight: 400;\">Com o intuito de ajudar seus clientes e parceiros a compreender melhor os movimentos do mercado e, a partir deles, planejar seus pr\u00f3ximos passos, a Omie criou o \u00cdndice Omie de Desempenho Econ\u00f4mico das PMEs, tamb\u00e9m conhecido como IODE-PMEs.<\/span><\/p>\n<p><span style=\"font-weight: 400;\">O \u00edndice traz informa\u00e7\u00f5es relevantes sobre o cen\u00e1rio dos neg\u00f3cios no pa\u00eds e funciona como um term\u00f4metro econ\u00f4mico para empresas que faturam at\u00e9 R$ 50 milh\u00f5es anualmente. A an\u00e1lise engloba quatro setores da economia: Servi\u00e7os, Com\u00e9rcio, Ind\u00fastria e Infraestrutura.<\/span><\/p>\n<p><span style=\"font-weight: 400;\">Acesse <\/span><a href=\"https:\/\/www.omie.com.br\/indice-economico\/?utm_campaign=sondagem-pmes&amp;utm_source=blog-post&amp;utm_term=awareness&amp;utm_medium=clique&amp;utm_content=\"><span style=\"font-weight: 400;\">aqui<\/span><\/a><span style=\"font-weight: 400;\"> nosso \u00faltimo boletim da IODE-PMEs e fique ainda mais por dentro dos acontecimentos do mercado nos principais setores da economia.\u00a0<\/span><\/p>\n<p><i><span style=\"font-weight: 400;\">* Considerando o tamanho da amostra obtida e um n\u00edvel de confian\u00e7a de 95%, a margem de erro da sondagem \u00e9 de aproximadamente 6%.<\/span><\/i><\/p>\n","protected":false},"excerpt":{"rendered":"<p>Sondagem feita com empreendedores mostra o cen\u00e1rio atual das pequenas empresas no Brasil e quais suas expectativas para o mercado nos pr\u00f3ximos meses.<\/p>\n","protected":false},"author":10,"featured_media":13381,"comment_status":"closed","ping_status":"closed","sticky":false,"template":"","format":"standard","meta":{"footnotes":""},"categories":[418],"tags":[],"class_list":["post-13378","post","type-post","status-publish","format-standard","has-post-thumbnail","hentry","category-relatorio-iode"],"_links":{"self":[{"href":"https:\/\/www.omie.com.br\/blog\/wp-json\/wp\/v2\/posts\/13378","targetHints":{"allow":["GET"]}}],"collection":[{"href":"https:\/\/www.omie.com.br\/blog\/wp-json\/wp\/v2\/posts"}],"about":[{"href":"https:\/\/www.omie.com.br\/blog\/wp-json\/wp\/v2\/types\/post"}],"author":[{"embeddable":true,"href":"https:\/\/www.omie.com.br\/blog\/wp-json\/wp\/v2\/users\/10"}],"replies":[{"embeddable":true,"href":"https:\/\/www.omie.com.br\/blog\/wp-json\/wp\/v2\/comments?post=13378"}],"version-history":[{"count":2,"href":"https:\/\/www.omie.com.br\/blog\/wp-json\/wp\/v2\/posts\/13378\/revisions"}],"predecessor-version":[{"id":13384,"href":"https:\/\/www.omie.com.br\/blog\/wp-json\/wp\/v2\/posts\/13378\/revisions\/13384"}],"wp:featuredmedia":[{"embeddable":true,"href":"https:\/\/www.omie.com.br\/blog\/wp-json\/wp\/v2\/media\/13381"}],"wp:attachment":[{"href":"https:\/\/www.omie.com.br\/blog\/wp-json\/wp\/v2\/media?parent=13378"}],"wp:term":[{"taxonomy":"category","embeddable":true,"href":"https:\/\/www.omie.com.br\/blog\/wp-json\/wp\/v2\/categories?post=13378"},{"taxonomy":"post_tag","embeddable":true,"href":"https:\/\/www.omie.com.br\/blog\/wp-json\/wp\/v2\/tags?post=13378"}],"curies":[{"name":"wp","href":"https:\/\/api.w.org\/{rel}","templated":true}]}}