{"id":13619,"date":"2023-09-25T16:15:01","date_gmt":"2023-09-25T19:15:01","guid":{"rendered":"https:\/\/www.omie.com.br\/blog\/?p=13619"},"modified":"2024-06-28T16:42:45","modified_gmt":"2024-06-28T19:42:45","slug":"omie-na-imprensa-veja-os-destaques-dessa-semana-31","status":"publish","type":"post","link":"https:\/\/www.omie.com.br\/blog\/omie-na-imprensa-veja-os-destaques-dessa-semana-31\/","title":{"rendered":"Omie na Imprensa: veja os destaques dessa semana!"},"content":{"rendered":"<h2><span style=\"font-weight: 400;\">Portal Omie<\/span><\/h2>\n<p><b>Omie aposta em nova frente para crescer: e-commerce B2B<\/b><\/p>\n<p><span style=\"font-weight: 400;\">A Omie anuncia o lan\u00e7amento do primeiro e-commerce B2B do mercado, por meio do Portal Omie. A ferramenta \u00e9 um espa\u00e7o online de vendas integrado ao ERP sem custos adicionais e de f\u00e1cil compartilhamento entre fornecedores e seus clientes.<\/span><\/p>\n<blockquote><p><b>Leia aqui: <\/b><a href=\"https:\/\/startups.com.br\/ecommerce\/omie-aposta-em-nova-frente-para-crescer-e-commerce-b2b\/\" target=\"_blank\" rel=\"noopener\"><b>Startups<\/b><\/a><b> | <\/b><a href=\"https:\/\/www.terra.com.br\/economia\/dinheiro-em-dia\/meu-negocio\/omie-aposta-em-nova-frente-para-crescer-e-commerce-b2b,1771a1062560bd88431252e65e7134316nka7uki.html\" target=\"_blank\" rel=\"noopener\"><b>Terra<\/b><\/a><b> | <\/b><a href=\"https:\/\/tibahia.com\/servicos\/omie-lanca-o-primeiro-e-commerce-b2b-do-mercado\/\" target=\"_blank\" rel=\"noopener\"><b>TI Bahia<\/b><\/a><\/p><\/blockquote>\n<h2><\/h2>\n<h2><span style=\"font-weight: 400;\">Dia do Contador<\/span><\/h2>\n<p><b>Nova Era Cont\u00e1bil: como as tecnologias habilitadoras t\u00eam redefinido o papel do Contador<\/b><\/p>\n<p><span style=\"font-weight: 400;\">Para celebrar o Dia do Contador (22\/09), o ContNews trouxe uma reflex\u00e3o sobre o novo papel do profissional cont\u00e1bil diante do surgimento das tecnologias habilitadoras, como computa\u00e7\u00e3o em nuvem, intelig\u00eancia artificial, entre outras, com uma entrevista com Fabiano Azevedo, empres\u00e1rio cont\u00e1bil e embaixador Omie.<\/span><\/p>\n<blockquote><p><b>Leia aqui: <\/b><a href=\"https:\/\/www.portalcontnews.com.br\/nova-era-contabil-como-as-tecnologias-habilitadoras-tem-redefinido-o-papel-do-contador\/\" target=\"_blank\" rel=\"noopener\"><b>ContNews<\/b><\/a><\/p><\/blockquote>\n<p><b>Dia do Contador: confira cursos gratuitos e MBAs para profissionais da \u00e1rea<\/b><\/p>\n<p><span style=\"font-weight: 400;\">Ainda em comemora\u00e7\u00e3o ao Dia do Contador, o ContNews tamb\u00e9m publicou uma lista com os principais cursos online e gratuitos da Omie.Academy voltados para contadores, al\u00e9m de ressaltar os MBAs de contabilidade da Trevisan Escola de Neg\u00f3cios, parceira Omie.<\/span><\/p>\n<blockquote><p><b>Leia aqui: <\/b><a href=\"https:\/\/www.portalcontnews.com.br\/dia-do-contador-confira-cursos-gratuitos-e-mbas-para-profissionais-da-area\/\" target=\"_blank\" rel=\"noopener\"><b>ContNews<\/b><\/a><\/p><\/blockquote>\n<p>&nbsp;<\/p>\n<h2><span style=\"font-weight: 400;\">Institucional<\/span><\/h2>\n<p><b>Omie une sistema ERP, servi\u00e7os financeiros, educa\u00e7\u00e3o empreendedora e comunidade digital<\/b><\/p>\n<p><span style=\"font-weight: 400;\">E-commerce Brasil destaca mensagens institucionais da Omie, com detalhes sobre os pilares da empresa, principais produtos e solu\u00e7\u00f5es para o mercado empreendedor brasileiro.<\/span><\/p>\n<blockquote><p><b>Leia aqui: <\/b><a href=\"https:\/\/www.ecommercebrasil.com.br\/noticias\/omie-une-sistema-erp-servicos-financeiros-educacao-empreendedora-e-comunidade-digital\" target=\"_blank\" rel=\"noopener\"><b>E-commerce Brasil<\/b><\/a><\/p><\/blockquote>\n<p>&nbsp;<\/p>\n<h2><span style=\"font-weight: 400;\">IODE-PMEs<\/span><\/h2>\n<p><b>Crescimento das PMEs<\/b><\/p>\n<p><span style=\"font-weight: 400;\">A revista deu destaque ao \u00cdndice Omie de Desempenho Econ\u00f4mico das PMEs feito em maio de 2023, apontando crescimento de 4,9% no m\u00eas, em compara\u00e7\u00e3o com o mesmo per\u00edodo do ano anterior.<\/span><\/p>\n<blockquote><p><b>Leia aqui: <\/b><a href=\"https:\/\/drive.google.com\/file\/d\/1sqpUab-wvrOpg8HVd3x5SBiTIwOZwoWp\/view\" target=\"_blank\" rel=\"noopener\"><b>Revista Gest\u00e3o &amp; Neg\u00f3cios<\/b><\/a><\/p><\/blockquote>\n<p>&nbsp;<\/p>\n<h2><span style=\"font-weight: 400;\">Omie.Academy<\/span><\/h2>\n<p><b>20 sites com cursos gratuitos para melhorar o curr\u00edculo<\/b><\/p>\n<p><span style=\"font-weight: 400;\">A Omie.Academy foi destaque mais uma vez em lista de sites gratuitos para profissionaliza\u00e7\u00e3o online e com certificado, ressaltando suas op\u00e7\u00f5es de cursos sobre finan\u00e7as, marketing, lideran\u00e7a entre outros.<\/span><\/p>\n<blockquote><p><b>Leia aqui: <\/b><a href=\"https:\/\/catracalivre.com.br\/educacao\/20-sites-com-cursos-gratuitos-para-melhorar-o-curriculo\/\" target=\"_blank\" rel=\"noopener\"><b>Catraca Livre<\/b><\/a><\/p><\/blockquote>\n<p>&nbsp;<\/p>\n<h2><span style=\"font-weight: 400;\">IR 2024<\/span><\/h2>\n<p><b>O que muda no Imposto de Renda 2024 com os novos limites de isen\u00e7\u00e3o<\/b><\/p>\n<p><span style=\"font-weight: 400;\">Fabiano Azevedo e M\u00f4nica Porto, contadores parceiros Omie, explicam quais s\u00e3o as altera\u00e7\u00f5es j\u00e1 anunciadas para o IR 2024, incluindo a amplia\u00e7\u00e3o da faixa de isen\u00e7\u00e3o para as declara\u00e7\u00f5es, al\u00e9m de mudan\u00e7as na reten\u00e7\u00e3o na fonte.<\/span><\/p>\n<blockquote><p><b>Leia aqui: <\/b><a href=\"https:\/\/www.correiobraziliense.com.br\/economia\/2023\/09\/5125011-o-que-muda-no-imposto-de-renda-2024-com-os-novos-limites-de-isencao.html\" target=\"_blank\" rel=\"noopener\"><b>Correio Braziliense<\/b><\/a> <b>| <\/b><a href=\"https:\/\/www.em.com.br\/app\/noticia\/economia\/2023\/09\/13\/internas_economia,1561120\/imposto-de-renda-o-que-muda-em-2024-com-os-novos-limites-de-isencao.shtml\" target=\"_blank\" rel=\"noopener\"><b>Estado de Minas<\/b><\/a><\/p><\/blockquote>\n<p>&nbsp;<\/p>\n<h2><span style=\"font-weight: 400;\">Dia do Cliente<\/span><\/h2>\n<p><b>Dia do Cliente nas franquias: conhe\u00e7a a\u00e7\u00f5es especiais para o dia 15\/9<\/b><\/p>\n<p><span style=\"font-weight: 400;\">A Omie est\u00e1 com promo\u00e7\u00f5es na sua loja de aplicativos com solu\u00e7\u00f5es B2B, Omie.Store, que incluem desde 1\u00aa mensalidade gr\u00e1tis at\u00e9 descontos nos valores de instala\u00e7\u00e3o e mensais de diversos aplicativos parceiros, dispon\u00edveis at\u00e9 o fim de outubro.<\/span><\/p>\n<blockquote><p><b>Leia aqui: <\/b><a href=\"https:\/\/creativosbr.com.br\/dia-do-cliente-nas-franquias-conheca-acoes-especiais-para-o-dia-15-9\" target=\"_blank\" rel=\"noopener\"><b>Creativos BR<\/b><\/a><\/p><\/blockquote>\n","protected":false},"excerpt":{"rendered":"<p>Confira os principais releases da Omie na imprensa nas \u00faltimas semanas.<\/p>\n","protected":false},"author":10,"featured_media":11436,"comment_status":"closed","ping_status":"closed","sticky":false,"template":"","format":"standard","meta":{"footnotes":""},"categories":[406],"tags":[],"class_list":["post-13619","post","type-post","status-publish","format-standard","has-post-thumbnail","hentry","category-imprensa"],"_links":{"self":[{"href":"https:\/\/www.omie.com.br\/blog\/wp-json\/wp\/v2\/posts\/13619","targetHints":{"allow":["GET"]}}],"collection":[{"href":"https:\/\/www.omie.com.br\/blog\/wp-json\/wp\/v2\/posts"}],"about":[{"href":"https:\/\/www.omie.com.br\/blog\/wp-json\/wp\/v2\/types\/post"}],"author":[{"embeddable":true,"href":"https:\/\/www.omie.com.br\/blog\/wp-json\/wp\/v2\/users\/10"}],"replies":[{"embeddable":true,"href":"https:\/\/www.omie.com.br\/blog\/wp-json\/wp\/v2\/comments?post=13619"}],"version-history":[{"count":1,"href":"https:\/\/www.omie.com.br\/blog\/wp-json\/wp\/v2\/posts\/13619\/revisions"}],"predecessor-version":[{"id":13620,"href":"https:\/\/www.omie.com.br\/blog\/wp-json\/wp\/v2\/posts\/13619\/revisions\/13620"}],"wp:featuredmedia":[{"embeddable":true,"href":"https:\/\/www.omie.com.br\/blog\/wp-json\/wp\/v2\/media\/11436"}],"wp:attachment":[{"href":"https:\/\/www.omie.com.br\/blog\/wp-json\/wp\/v2\/media?parent=13619"}],"wp:term":[{"taxonomy":"category","embeddable":true,"href":"https:\/\/www.omie.com.br\/blog\/wp-json\/wp\/v2\/categories?post=13619"},{"taxonomy":"post_tag","embeddable":true,"href":"https:\/\/www.omie.com.br\/blog\/wp-json\/wp\/v2\/tags?post=13619"}],"curies":[{"name":"wp","href":"https:\/\/api.w.org\/{rel}","templated":true}]}}