{"id":13918,"date":"2023-10-09T16:03:45","date_gmt":"2023-10-09T19:03:45","guid":{"rendered":"https:\/\/www.omie.com.br\/blog\/?p=13918"},"modified":"2024-06-28T16:43:25","modified_gmt":"2024-06-28T19:43:25","slug":"omie-na-imprensa-veja-os-destaques-dessa-semana-32","status":"publish","type":"post","link":"https:\/\/www.omie.com.br\/blog\/omie-na-imprensa-veja-os-destaques-dessa-semana-32\/","title":{"rendered":"Omie na Imprensa: veja os destaques dessa semana!"},"content":{"rendered":"<h2><span style=\"font-weight: 400;\">Sondagem Pequenas e Micro Empresas<\/span><\/h2>\n<p><b>Pequenas empresas se mostram otimistas com o ambiente de neg\u00f3cios<\/b><\/p>\n<p><span style=\"font-weight: 400;\">Segundo levantamento in\u00e9dito da Omie, \u201cSondagem Omie das PMEs\u201d, que compreende o momento atual e expectativas do setor, 78% dos respondentes adiantaram que seus faturamentos devem crescer no curto prazo e apenas 18% identificaram retra\u00e7\u00e3o nos ganhos.<\/span><\/p>\n<blockquote><p><b>Leia aqui: <\/b><a href=\"https:\/\/oglobo.globo.com\/blogs\/miriam-leitao\/post\/2023\/09\/pequenas-empresas-se-mostram-otimistas-com-o-ambiente-de-negocios.ghtml\" target=\"_blank\" rel=\"noopener\"><b>Blog M\u00edriam Leit\u00e3o (O Globo)<\/b><\/a><\/p><\/blockquote>\n<p>&nbsp;<\/p>\n<h2><span style=\"font-weight: 400;\">IODE-PMEs<\/span><\/h2>\n<p><b>Servi\u00e7os e Ind\u00fastria sustentam crescimento de 4,2% do mercado de PMEs em agosto<\/b><\/p>\n<p><span style=\"font-weight: 400;\">Segundo o boletim de agosto\/23 do IODE-PMEs, o desempenho das pequenas e m\u00e9dias empresas segue condicionado pelo avan\u00e7o da Ind\u00fastria (+8,3%) e Servi\u00e7os (+1,2%).<\/span><\/p>\n<blockquote><p><b>Leia aqui: <\/b><a href=\"https:\/\/exame.com\/negocios\/servicos-e-industria-sustentam-crescimento-de-42-do-mercado-de-pmes-em-agosto\/\" target=\"_blank\" rel=\"noopener\"><b>Exame<\/b><\/a><\/p><\/blockquote>\n<p>&nbsp;<\/p>\n<p><b>Servi\u00e7os de contabilidade ganharam destaque<\/b><\/p>\n<p><span style=\"font-weight: 400;\">No setor de Servi\u00e7os, as PMEs voltaram a mostrar crescimento em agosto, ap\u00f3s alta de 1% em julho, puxado pelo avan\u00e7o de \u2018Atividades de servi\u00e7os pessoais\u2019 e \u2018Atividades profissionais, cient\u00edficas e t\u00e9cnicas\u2019 (que englobam, por exemplo, \u2018atividades jur\u00eddicas, de contabilidade e de auditoria\u2019).<\/span><\/p>\n<blockquote><p><b>Leia aqui: <\/b><a href=\"https:\/\/www.portalcontnews.com.br\/servicos-e-industria-sustentam-crescimento-do-mercado-de-pmes-em-agosto\/\" target=\"_blank\" rel=\"noopener\"><b>Portal ContNews<\/b><\/a><\/p><\/blockquote>\n<p>&nbsp;<\/p>\n<h2><span style=\"font-weight: 400;\">Portal Omie<\/span><\/h2>\n<p><b>Omie lan\u00e7a o primeiro e-commerce B2B do mercado<\/b><\/p>\n<p><span style=\"font-weight: 400;\">Nova funcionalidade do Portal Omie permite criar um cat\u00e1logo privado online sem custos adicionais, para que empreendedores ampliem possibilidades de vendas.<\/span><\/p>\n<blockquote><p><b>Leia aqui: <\/b><a href=\"https:\/\/www.channel360.com.br\/omie-e-commerce-b2b\/\" target=\"_blank\" rel=\"noopener\"><b>Channel 360<\/b><\/a><\/p><\/blockquote>\n","protected":false},"excerpt":{"rendered":"<p>Confira os principais releases da Omie na imprensa nas \u00faltimas semanas<\/p>\n","protected":false},"author":10,"featured_media":10991,"comment_status":"closed","ping_status":"closed","sticky":false,"template":"","format":"standard","meta":{"footnotes":""},"categories":[406],"tags":[],"class_list":["post-13918","post","type-post","status-publish","format-standard","has-post-thumbnail","hentry","category-imprensa"],"_links":{"self":[{"href":"https:\/\/www.omie.com.br\/blog\/wp-json\/wp\/v2\/posts\/13918","targetHints":{"allow":["GET"]}}],"collection":[{"href":"https:\/\/www.omie.com.br\/blog\/wp-json\/wp\/v2\/posts"}],"about":[{"href":"https:\/\/www.omie.com.br\/blog\/wp-json\/wp\/v2\/types\/post"}],"author":[{"embeddable":true,"href":"https:\/\/www.omie.com.br\/blog\/wp-json\/wp\/v2\/users\/10"}],"replies":[{"embeddable":true,"href":"https:\/\/www.omie.com.br\/blog\/wp-json\/wp\/v2\/comments?post=13918"}],"version-history":[{"count":1,"href":"https:\/\/www.omie.com.br\/blog\/wp-json\/wp\/v2\/posts\/13918\/revisions"}],"predecessor-version":[{"id":13919,"href":"https:\/\/www.omie.com.br\/blog\/wp-json\/wp\/v2\/posts\/13918\/revisions\/13919"}],"wp:featuredmedia":[{"embeddable":true,"href":"https:\/\/www.omie.com.br\/blog\/wp-json\/wp\/v2\/media\/10991"}],"wp:attachment":[{"href":"https:\/\/www.omie.com.br\/blog\/wp-json\/wp\/v2\/media?parent=13918"}],"wp:term":[{"taxonomy":"category","embeddable":true,"href":"https:\/\/www.omie.com.br\/blog\/wp-json\/wp\/v2\/categories?post=13918"},{"taxonomy":"post_tag","embeddable":true,"href":"https:\/\/www.omie.com.br\/blog\/wp-json\/wp\/v2\/tags?post=13918"}],"curies":[{"name":"wp","href":"https:\/\/api.w.org\/{rel}","templated":true}]}}