{"id":14203,"date":"2023-10-24T14:40:20","date_gmt":"2023-10-24T17:40:20","guid":{"rendered":"https:\/\/www.omie.com.br\/blog\/?p=14203"},"modified":"2024-06-28T16:44:03","modified_gmt":"2024-06-28T19:44:03","slug":"omie-na-imprensa-veja-os-destaques-dessa-semana-33","status":"publish","type":"post","link":"https:\/\/www.omie.com.br\/blog\/omie-na-imprensa-veja-os-destaques-dessa-semana-33\/","title":{"rendered":"Omie na Imprensa: veja os destaques dessa semana!"},"content":{"rendered":"<h2><span style=\"font-weight: 400;\">IODE-PMEs<\/span><\/h2>\n<p><b>Servi\u00e7os e Ind\u00fastria sustentam crescimento do mercado de PMEs em agosto<\/b><\/p>\n<p><span style=\"font-weight: 400;\">No setor de Servi\u00e7os, as PMEs voltaram a mostrar crescimento em agosto, ap\u00f3s alta de 1% em julho, puxado pelo avan\u00e7o de \u2018Atividades de servi\u00e7os pessoais\u2019 e \u2018Atividades profissionais, cient\u00edficas e t\u00e9cnicas\u2019 (que englobam, por exemplo, \u2018atividades jur\u00eddicas, de contabilidade e de auditoria\u2019).<\/span><\/p>\n<blockquote><p><b>Leia aqui: <\/b><a href=\"https:\/\/dinellycontabilidade.com.br\/servicos-e-industria-sustentam-crescimento-do-mercado-de-pmes-em-agosto\/\" target=\"_blank\" rel=\"noopener\"><b>Dinelly Contabilidade<\/b><\/a><\/p><\/blockquote>\n<p><b>Fala Economia: Como a tecnologia abre portas para a ascens\u00e3o no Brasil<\/b><\/p>\n<p><span style=\"font-weight: 400;\">Em sua quarta edi\u00e7\u00e3o, desta vez em colabora\u00e7\u00e3o com a Amazon Web Services (AWS), o evento trimestral \u201cFala, Economia!\u201d, realizado pela Omie, reuniu grandes executivos do mercado para falar sobre tend\u00eancias e o cen\u00e1rio atual da economia e da tecnologia voltada para as pequenas e m\u00e9dias empresas (PMEs).<\/span><\/p>\n<blockquote><p><b>Leia e veja aqui: <\/b><a href=\"https:\/\/www.portalcontnews.com.br\/fala-economia-como-a-tecnologia-abre-portas-para-a-ascensao-no-brasil\/\" target=\"_blank\" rel=\"noopener\"><b>ContNews<\/b><\/a><b> | <\/b><a href=\"https:\/\/www.youtube.com\/watch?v=wABawS3UtAw&amp;ab_channel=Omie\" target=\"_blank\" rel=\"noopener\"><b>YouTube<\/b><\/a><\/p>\n<p>&nbsp;<\/p><\/blockquote>\n<h2><span style=\"font-weight: 400;\">RH<\/span><\/h2>\n<p><b>Confira as vagas abertas na Omie<\/b><\/p>\n<p><span style=\"font-weight: 400;\">Atualmente, a Omie possui cerca de 40 vagas abertas para \u00e1reas como tecnologia, marketing, comercial, experi\u00eancia do cliente e financeiro, tanto para a franqueadora, quanto para as franqueadas. Para visualizar as oportunidades, basta acessar nosso perfil na <\/span><a href=\"https:\/\/www.omie.com.br\/carreiras\/\"><span style=\"font-weight: 400;\">P\u00e1gina de Carreiras<\/span><\/a><span style=\"font-weight: 400;\">.<\/span><\/p>\n<blockquote><p><b>Leia aqui: <\/b><a href=\"https:\/\/valorinveste.globo.com\/objetivo\/empreenda-se\/noticia\/2023\/10\/09\/marketing-tecnologia-ou-financeiro-veja-vagas-abertas-pelo-brasil.ghtml\" target=\"_blank\" rel=\"noopener\"><b>Valor Investe<\/b><\/a><b> | <\/b><a href=\"https:\/\/jcconcursos.uol.com.br\/noticia\/empregos\/processo-seletivo-da-omie-oferece-mais-de-40-vagas-de-emprego-confira-117422\" target=\"_blank\" rel=\"noopener\"><b>JC Concursos<\/b><\/a><\/p><\/blockquote>\n<p>&nbsp;<\/p>\n<h2><span style=\"font-weight: 400;\">Campanha Institucional<\/span><\/h2>\n<p><b>Supere a aus\u00eancia<\/b><\/p>\n<p><span style=\"font-weight: 400;\">A campanha institucional da Omie, &#8220;Libere seu crescimento&#8221;, criada internamente e que traz em v\u00eddeos publicit\u00e1rios a persona de um boneco infl\u00e1vel que representa o \u2018atraso\u2019 e a \u2018aus\u00eancia\u2019 como fatores inerentes ao empreendedorismo, segue repercutindo na m\u00eddia.<\/span><\/p>\n<blockquote><p><b>Leia aqui: <\/b><a href=\"https:\/\/drive.google.com\/file\/d\/1dwaAhNo-mVKIq2yKdJrhm-Jg8_LJGT1C\/view\" target=\"_blank\" rel=\"noopener\"><b>Revista Gest\u00e3o &amp; Neg\u00f3cios<\/b><\/a><\/p><\/blockquote>\n<p>&nbsp;<\/p>\n<h2><span style=\"font-weight: 400;\">ERP<\/span><\/h2>\n<p><b>Diferen\u00e7as entre CRM e ERP: Escolha a melhor solu\u00e7\u00e3o para sua empresa<\/b><\/p>\n<p><span style=\"font-weight: 400;\">Na medida em que um empreendimento vai crescendo, adotar estrat\u00e9gias para torn\u00e1-lo mais profissional \u00e9 um passo importante, o que pode envolver a ado\u00e7\u00e3o de tecnologias qualificadas, como sistemas ERP e CRM. Leia mais sobre essas tecnologias no artigo do JNO.<\/span><\/p>\n<blockquote><p><b>Leia aqui: <\/b><a href=\"https:\/\/jornalnoticiaonline.com.br\/negocios\/diferencas-entre-crm-e-erp\/\" target=\"_blank\" rel=\"noopener\"><b>Jornal Not\u00edcia Online<\/b><\/a><\/p><\/blockquote>\n","protected":false},"excerpt":{"rendered":"<p>Confira os principais releases da Omie na imprensa nas \u00faltimas semanas<\/p>\n","protected":false},"author":10,"featured_media":11436,"comment_status":"closed","ping_status":"closed","sticky":false,"template":"","format":"standard","meta":{"footnotes":""},"categories":[406],"tags":[],"class_list":["post-14203","post","type-post","status-publish","format-standard","has-post-thumbnail","hentry","category-imprensa"],"_links":{"self":[{"href":"https:\/\/www.omie.com.br\/blog\/wp-json\/wp\/v2\/posts\/14203","targetHints":{"allow":["GET"]}}],"collection":[{"href":"https:\/\/www.omie.com.br\/blog\/wp-json\/wp\/v2\/posts"}],"about":[{"href":"https:\/\/www.omie.com.br\/blog\/wp-json\/wp\/v2\/types\/post"}],"author":[{"embeddable":true,"href":"https:\/\/www.omie.com.br\/blog\/wp-json\/wp\/v2\/users\/10"}],"replies":[{"embeddable":true,"href":"https:\/\/www.omie.com.br\/blog\/wp-json\/wp\/v2\/comments?post=14203"}],"version-history":[{"count":1,"href":"https:\/\/www.omie.com.br\/blog\/wp-json\/wp\/v2\/posts\/14203\/revisions"}],"predecessor-version":[{"id":14204,"href":"https:\/\/www.omie.com.br\/blog\/wp-json\/wp\/v2\/posts\/14203\/revisions\/14204"}],"wp:featuredmedia":[{"embeddable":true,"href":"https:\/\/www.omie.com.br\/blog\/wp-json\/wp\/v2\/media\/11436"}],"wp:attachment":[{"href":"https:\/\/www.omie.com.br\/blog\/wp-json\/wp\/v2\/media?parent=14203"}],"wp:term":[{"taxonomy":"category","embeddable":true,"href":"https:\/\/www.omie.com.br\/blog\/wp-json\/wp\/v2\/categories?post=14203"},{"taxonomy":"post_tag","embeddable":true,"href":"https:\/\/www.omie.com.br\/blog\/wp-json\/wp\/v2\/tags?post=14203"}],"curies":[{"name":"wp","href":"https:\/\/api.w.org\/{rel}","templated":true}]}}