{"id":14554,"date":"2023-11-07T16:43:01","date_gmt":"2023-11-07T19:43:01","guid":{"rendered":"https:\/\/www.omie.com.br\/blog\/?p=14554"},"modified":"2024-06-28T16:44:44","modified_gmt":"2024-06-28T19:44:44","slug":"omie-na-imprensa-veja-os-destaques-dessa-semana-34","status":"publish","type":"post","link":"https:\/\/www.omie.com.br\/blog\/omie-na-imprensa-veja-os-destaques-dessa-semana-34\/","title":{"rendered":"Omie na Imprensa: veja os destaques dessa semana!"},"content":{"rendered":"<h2><span style=\"font-weight: 400;\">IODE-PMEs<\/span><\/h2>\n<p><b>Pequenas e m\u00e9dias empresas crescem 9,4% no terceiro trimestre<\/b><\/p>\n<p><span style=\"font-weight: 400;\">Boletim de setembro do IODE-PMEs tamb\u00e9m aponta que, no acumulado do ano at\u00e9 setembro, o \u00edndice mostra crescimento de 5,1% frente ao mesmo per\u00edodo do ano anterior.<\/span><\/p>\n<blockquote><p><b>Leia aqui: <\/b><a href=\"https:\/\/exame.com\/negocios\/pequenas-e-medias-empresas-crescem-94-no-terceiro-trimestre\/\" target=\"_blank\" rel=\"noopener\"><b>Exame<\/b><\/a><\/p><\/blockquote>\n<p><b>Pequeno e m\u00e9dio com\u00e9rcio movimenta 6,9% menos setembro de 2022<\/b><\/p>\n<p><span style=\"font-weight: 400;\">IODE-PMEs tamb\u00e9m aponta uma retra\u00e7\u00e3o em setembro de 2023 no Com\u00e9rcio, em compara\u00e7\u00e3o ao mesmo m\u00eas no ano passado, puxado por categorias como equipamentos de escrit\u00f3rio, cal\u00e7ados e tintas e materiais para pintura.<\/span><\/p>\n<blockquote><p><b>Leia aqui: <\/b><a href=\"https:\/\/drive.google.com\/file\/d\/1-1A-oliFcTcQ0-xSXrwRjF42IoPskSU3\/view\" target=\"_blank\" rel=\"noopener\"><b>Estad\u00e3o (Coluna do Broadcast)<\/b><\/a><\/p><\/blockquote>\n<p>&nbsp;<\/p>\n<h2><span style=\"font-weight: 400;\">Omie.Multivarejo<\/span><\/h2>\n<p><b>Omie.Multivarejo integra ERP, e-commerces, marketplaces e PDV em uma \u00fanica solu\u00e7\u00e3o<\/b><\/p>\n<p><span style=\"font-weight: 400;\">Saiba mais sobre como funciona o Omie.Multivarejo, solu\u00e7\u00e3o que conecta informa\u00e7\u00f5es do ERP, frente de caixa, e-commerces e marketplaces, pensado para quem deseja alavancar as vendas tanto em lojas f\u00edsicas quanto virtuais.<\/span><\/p>\n<blockquote><p><b>Leia aqui: <\/b><a href=\"https:\/\/www.ecommercebrasil.com.br\/noticias\/omie-integra-erp-e-commerces-marketplaces-e-pdv-em-unica-solucao\" target=\"_blank\" rel=\"noopener\"><b>E-Commerce Brasil<\/b><\/a><\/p><\/blockquote>\n<p>&nbsp;<\/p>\n<h2><span style=\"font-weight: 400;\">Marketing<\/span><\/h2>\n<p><b>Do anonimato ao sucesso: como fortalecer uma marca B2B<\/b><\/p>\n<p><span style=\"font-weight: 400;\">Em artigo opinativo, Felipe Ribeiro, diretor de Marketing da Omie, explica como as marcas B2B podem fortalecer e ampliar o conhecimento de suas marcas de forma estrat\u00e9gica, inclusive com o aproveitamento de times internos.<\/span><\/p>\n<blockquote><p><b>Leia aqui: <\/b><a href=\"https:\/\/www.metropoles.com\/colunas\/m-buzz\/do-anonimato-ao-sucesso-como-fortalecer-uma-marca-b2b\" target=\"_blank\" rel=\"noopener\"><b>Metr\u00f3poles<\/b><\/a><\/p><\/blockquote>\n<p>&nbsp;<\/p>\n<h2><span style=\"font-weight: 400;\">Franquias<\/span><\/h2>\n<p><b>Microfranquias de servi\u00e7os que valem a pena<\/b><\/p>\n<p><span style=\"font-weight: 400;\">A op\u00e7\u00e3o de microfranquia da Omie ganhou destaque em lista do portal Guia Franquias de Sucesso, uma op\u00e7\u00e3o que, segundo a Associa\u00e7\u00e3o Brasileira de Franchising (ABF), por muitas vezes \u00e9 a porta de entrada para os neg\u00f3cios nesse setor.<\/span><\/p>\n<blockquote><p><b>Leia aqui: <\/b><a href=\"https:\/\/guiafranquiasdesucesso.com\/noticias\/microfranquias-de-servicos\/\" target=\"_blank\" rel=\"noopener\"><b>Guia Franquias de Sucesso<\/b><\/a><\/p><\/blockquote>\n<p>&nbsp;<\/p>\n<h2><span style=\"font-weight: 400;\">Contabilidade<\/span><\/h2>\n<p><b>ABS Con 2023: Omie aborda intelig\u00eancia artificial e novidades de neg\u00f3cios na contabilidade<\/b><\/p>\n<p><span style=\"font-weight: 400;\">Entre os dias 30 e 31 de outubro, a Omie marcou presen\u00e7a no maior evento de transforma\u00e7\u00e3o cont\u00e1bil da Am\u00e9rica Latina, a ABS Con, com exposi\u00e7\u00f5es de produtos e solu\u00e7\u00f5es, al\u00e9m de palestras com executivos e parceiros de neg\u00f3cios.<\/span><\/p>\n<blockquote><p><b>Leia aqui: <\/b><a href=\"https:\/\/gazetadasemana.com.br\/noticia\/140238\/abs-con-2023-omie-aborda-inteligencia-artificial-e-novidades-de-negocios-na-contabilidade\" target=\"_blank\" rel=\"noopener\"><b>Gazeta da Semana<\/b><\/a><\/p><\/blockquote>\n","protected":false},"excerpt":{"rendered":"<p>Confira os principais releases da Omie na imprensa nas \u00faltimas semanas.<\/p>\n","protected":false},"author":10,"featured_media":10991,"comment_status":"closed","ping_status":"closed","sticky":false,"template":"","format":"standard","meta":{"footnotes":""},"categories":[406],"tags":[],"class_list":["post-14554","post","type-post","status-publish","format-standard","has-post-thumbnail","hentry","category-imprensa"],"_links":{"self":[{"href":"https:\/\/www.omie.com.br\/blog\/wp-json\/wp\/v2\/posts\/14554","targetHints":{"allow":["GET"]}}],"collection":[{"href":"https:\/\/www.omie.com.br\/blog\/wp-json\/wp\/v2\/posts"}],"about":[{"href":"https:\/\/www.omie.com.br\/blog\/wp-json\/wp\/v2\/types\/post"}],"author":[{"embeddable":true,"href":"https:\/\/www.omie.com.br\/blog\/wp-json\/wp\/v2\/users\/10"}],"replies":[{"embeddable":true,"href":"https:\/\/www.omie.com.br\/blog\/wp-json\/wp\/v2\/comments?post=14554"}],"version-history":[{"count":2,"href":"https:\/\/www.omie.com.br\/blog\/wp-json\/wp\/v2\/posts\/14554\/revisions"}],"predecessor-version":[{"id":14556,"href":"https:\/\/www.omie.com.br\/blog\/wp-json\/wp\/v2\/posts\/14554\/revisions\/14556"}],"wp:featuredmedia":[{"embeddable":true,"href":"https:\/\/www.omie.com.br\/blog\/wp-json\/wp\/v2\/media\/10991"}],"wp:attachment":[{"href":"https:\/\/www.omie.com.br\/blog\/wp-json\/wp\/v2\/media?parent=14554"}],"wp:term":[{"taxonomy":"category","embeddable":true,"href":"https:\/\/www.omie.com.br\/blog\/wp-json\/wp\/v2\/categories?post=14554"},{"taxonomy":"post_tag","embeddable":true,"href":"https:\/\/www.omie.com.br\/blog\/wp-json\/wp\/v2\/tags?post=14554"}],"curies":[{"name":"wp","href":"https:\/\/api.w.org\/{rel}","templated":true}]}}