{"id":14972,"date":"2023-11-22T13:55:05","date_gmt":"2023-11-22T16:55:05","guid":{"rendered":"https:\/\/www.omie.com.br\/blog\/?p=14972"},"modified":"2024-06-28T16:45:34","modified_gmt":"2024-06-28T19:45:34","slug":"omie-na-imprensa-veja-os-destaques-dessa-semana-35","status":"publish","type":"post","link":"https:\/\/www.omie.com.br\/blog\/omie-na-imprensa-veja-os-destaques-dessa-semana-35\/","title":{"rendered":"Omie na Imprensa: veja os destaques dessa semana!"},"content":{"rendered":"<h2><span style=\"font-weight: 400;\">IODE-PMEs<\/span><\/h2>\n<p><b>Vendas nas pequenas e m\u00e9dias empresas<\/b><\/p>\n<p><span style=\"font-weight: 400;\">Segundo o boletim de setembro do IODE-PMEs, a movimenta\u00e7\u00e3o financeira m\u00e9dia das PMEs cresceu 6,9% em compara\u00e7\u00e3o ao mesmo m\u00eas em 2022. Com o resultado, o setor fechou o 3\u00ba trimestre com alta de 9,4% em rela\u00e7\u00e3o ao ano anterior.<\/span><\/p>\n<blockquote><p><b>Leia aqui: <\/b><a href=\"https:\/\/drive.google.com\/file\/d\/199B-xChWNfYOn5_0GVIWiJpDVnSrT_sY\/view\" target=\"_blank\" rel=\"noopener\"><b>Di\u00e1rio Ind\u00fastria &amp; Com\u00e9rcio<\/b><\/a><b> | <\/b><a href=\"https:\/\/drive.google.com\/file\/d\/1B5EvD_cYTSmAaJZtcouvu4-gA5KKY7bj\/view\" target=\"_blank\" rel=\"noopener\"><b>Jornal do Comm\u00e9rcio (AM)<\/b><\/a><\/p><\/blockquote>\n<p><b>Transforma\u00e7\u00e3o digital \u00e9 trunfo para o crescimento das PMEs<\/b><\/p>\n<p><span style=\"font-weight: 400;\">A \u00faltima edi\u00e7\u00e3o do \u201cFala, Economia!\u201d discutiu temas relevantes para o mercado atual das PMEs, como a transforma\u00e7\u00e3o digital, evolu\u00e7\u00e3o da intelig\u00eancia artificial e computa\u00e7\u00e3o em nuvem.<\/span><\/p>\n<blockquote><p><b>Leia aqui: <\/b><a href=\"https:\/\/noticias.gs1br.org\/transformacao-digital-para-crescimento-pmes\/\" target=\"_blank\" rel=\"noopener\"><b>GS1<\/b><\/a><\/p><\/blockquote>\n<h2><span style=\"font-weight: 400;\">ERP<\/span><\/h2>\n<p><b>Podcast | ERP Banking: A evolu\u00e7\u00e3o da experi\u00eancia financeira PJ<\/b><\/p>\n<p><span style=\"font-weight: 400;\">Aurora Suh, CRO da Omie, participou do podcast Fintech Talks para falar sobre as novidades dentro do mercado de ERP Banking, que vem evoluindo cada vez mais nos \u00faltimos anos.<\/span><\/p>\n<blockquote><p><b>Ou\u00e7a aqui: <\/b><a href=\"https:\/\/open.spotify.com\/episode\/3y3mSJLzLJCbPYZPgsWdXt\" target=\"_blank\" rel=\"noopener\"><b>Podcast Fintech Talks<\/b><\/a><\/p><\/blockquote>\n<p><b>Cinco tecnologias para impulsionar as vendas no \u00faltimo trimestre do ano<\/b><\/p>\n<p><span style=\"font-weight: 400;\">Confira as principais dicas da Omie para ajudar a potencializar as vendas via e-commerce neste \u00faltimo trimestre do ano, considerando os per\u00edodos pr\u00e9-Black Friday e Natal, per\u00edodos importantes para o com\u00e9rcio varejista.<\/span><\/p>\n<blockquote><p><b>Leia aqui: <\/b><a href=\"https:\/\/gazetadasemana.com.br\/noticia\/143659\/cinco-tecnologias-para-impulsionar-as-vendas-no-ultimo-trimestre-do-ano\" target=\"_blank\" rel=\"noopener\"><b>Gazeta da Semana<\/b><\/a><b> | <\/b><a href=\"https:\/\/www.ecommercebrasil.com.br\/noticias\/vendas-de-final-de-ano-erp-pode-ajudar\" target=\"_blank\" rel=\"noopener\"><b>E-Commerce Brasil<\/b><\/a><\/p><\/blockquote>\n<p><b>Empresas que utilizam o Omie crescem 50% acima da m\u00e9dia do mercado<\/b><\/p>\n<p><span style=\"font-weight: 400;\">Segundo an\u00e1lise feita pela Omie, o crescimento m\u00e9dio mensal das empresas que mais acessam o sistema de gest\u00e3o da empresa \u00e9 superior ao que foi observado no mercado como um todo.<\/span><\/p>\n<blockquote><p><b>Leia aqui: <\/b><a href=\"https:\/\/www.portalcontnews.com.br\/empresas-que-utilizam-o-omie-crescem-50-acima-da-media-do-mercado\/\" target=\"_blank\" rel=\"noopener\"><b>ContNews<\/b><\/a><\/p><\/blockquote>\n<h2><span style=\"font-weight: 400;\">Eventos<\/span><\/h2>\n<p><b>ABS Con 23: confira os melhores momentos do evento<\/b><\/p>\n<p><span style=\"font-weight: 400;\">A Omie marcou presen\u00e7a durante a ABS Con 2023, um dos maiores eventos do setor cont\u00e1bil nacional, apresentando seus produtos e solu\u00e7\u00f5es, al\u00e9m de realizar uma palestra com Marcelo Lombardo, CEO e cofundador da <\/span><i><span style=\"font-weight: 400;\">scale-up<\/span><\/i><span style=\"font-weight: 400;\">.<\/span><\/p>\n<blockquote><p><b>Leia aqui<\/b><span style=\"font-weight: 400;\">:<\/span> <a href=\"https:\/\/www.contabeis.com.br\/noticias\/62139\/abs-con-23-confira-os-melhores-momentos-do-evento\/\" target=\"_blank\" rel=\"noopener\"><b>Portal Cont\u00e1beis<\/b><\/a><\/p><\/blockquote>\n","protected":false},"excerpt":{"rendered":"<p>Confira os principais releases da Omie na imprensa nas \u00faltimas semanas<\/p>\n","protected":false},"author":10,"featured_media":11436,"comment_status":"closed","ping_status":"closed","sticky":false,"template":"","format":"standard","meta":{"footnotes":""},"categories":[406],"tags":[],"class_list":["post-14972","post","type-post","status-publish","format-standard","has-post-thumbnail","hentry","category-imprensa"],"_links":{"self":[{"href":"https:\/\/www.omie.com.br\/blog\/wp-json\/wp\/v2\/posts\/14972","targetHints":{"allow":["GET"]}}],"collection":[{"href":"https:\/\/www.omie.com.br\/blog\/wp-json\/wp\/v2\/posts"}],"about":[{"href":"https:\/\/www.omie.com.br\/blog\/wp-json\/wp\/v2\/types\/post"}],"author":[{"embeddable":true,"href":"https:\/\/www.omie.com.br\/blog\/wp-json\/wp\/v2\/users\/10"}],"replies":[{"embeddable":true,"href":"https:\/\/www.omie.com.br\/blog\/wp-json\/wp\/v2\/comments?post=14972"}],"version-history":[{"count":5,"href":"https:\/\/www.omie.com.br\/blog\/wp-json\/wp\/v2\/posts\/14972\/revisions"}],"predecessor-version":[{"id":15641,"href":"https:\/\/www.omie.com.br\/blog\/wp-json\/wp\/v2\/posts\/14972\/revisions\/15641"}],"wp:featuredmedia":[{"embeddable":true,"href":"https:\/\/www.omie.com.br\/blog\/wp-json\/wp\/v2\/media\/11436"}],"wp:attachment":[{"href":"https:\/\/www.omie.com.br\/blog\/wp-json\/wp\/v2\/media?parent=14972"}],"wp:term":[{"taxonomy":"category","embeddable":true,"href":"https:\/\/www.omie.com.br\/blog\/wp-json\/wp\/v2\/categories?post=14972"},{"taxonomy":"post_tag","embeddable":true,"href":"https:\/\/www.omie.com.br\/blog\/wp-json\/wp\/v2\/tags?post=14972"}],"curies":[{"name":"wp","href":"https:\/\/api.w.org\/{rel}","templated":true}]}}