{"id":15497,"date":"2023-12-06T11:18:44","date_gmt":"2023-12-06T14:18:44","guid":{"rendered":"https:\/\/www.omie.com.br\/blog\/?p=15497"},"modified":"2024-06-28T16:46:34","modified_gmt":"2024-06-28T19:46:34","slug":"omie-na-imprensa-veja-os-destaques-dessa-semana-36","status":"publish","type":"post","link":"https:\/\/www.omie.com.br\/blog\/omie-na-imprensa-veja-os-destaques-dessa-semana-36\/","title":{"rendered":"Omie na Imprensa: veja os destaques dessa semana!"},"content":{"rendered":"<h2><span style=\"font-weight: 400;\">IODE-PMEs<\/span><\/h2>\n<p><b>Desempenho do pequeno e m\u00e9dio com\u00e9rcio volta a cair<\/b><\/p>\n<p><span style=\"font-weight: 400;\">Segundo o IODE-PMEs, o setor recuou 0,5% em outubro, em compara\u00e7\u00e3o com o mesmo m\u00eas em 2022. Apesar da queda, o segmento atacadista avan\u00e7ou 5,5% no per\u00edodo.<\/span><\/p>\n<blockquote><p><b>Leia aqui: <\/b><a href=\"https:\/\/drive.google.com\/file\/d\/1ZT0hVEm_aC8KxBQ7eYzJJ3j38dGm40fP\/view\" target=\"_blank\" rel=\"noopener\"><b>Estad\u00e3o<\/b><\/a><\/p><\/blockquote>\n<p><b>Faturamento das PMEs cresce 9,4% no terceiro trimestre; ind\u00fastria e servi\u00e7os se destacam<\/b><\/p>\n<p><span style=\"font-weight: 400;\">No segundo semestre, a alta foi de 6%. No acumulado do ano at\u00e9 setembro, o \u00edndice registra crescimento de 5,1% frente ao mesmo per\u00edodo do ano anterior.<\/span><\/p>\n<blockquote><p><b>Leia aqui: <\/b><a href=\"https:\/\/mercadoeconsumo.com.br\/25\/11\/2023\/economia\/faturamento-das-pmes-cresce-94-no-terceiro-trimestre-industria-e-servicos-se-destacam\/\" target=\"_blank\" rel=\"noopener\"><b>Mercado &amp; Consumo<\/b><\/a><b> | <\/b><a href=\"https:\/\/drive.google.com\/file\/d\/1TcrOhnEcQo5o73GwbMSHBlyCZd57PQwF\/view\" target=\"_blank\" rel=\"noopener\"><b>Jornal do Comm\u00e9rcio<\/b><\/a><\/p><\/blockquote>\n<p>&nbsp;<\/p>\n<h2><span style=\"font-weight: 400;\">E-commerce<\/span><\/h2>\n<p><b>Entrevista | Os primeiros passos para vender na internet<\/b><\/p>\n<p><span style=\"font-weight: 400;\">Em entrevista ao programa Fica a Dica, S\u00e9rgio Perez, especialista em E-commerce da Omie, compartilhou suas recomenda\u00e7\u00f5es para quem quer evoluir no e-commerce com ajuda da tecnologia, aumentando suas vendas e a produtividade no dia a dia.<\/span><\/p>\n<blockquote><p><b>Veja aqui: <\/b><a href=\"https:\/\/www.youtube.com\/watch?v=BVHzeH_s8-4&amp;ab_channel=CanalEmpreender\" target=\"_blank\" rel=\"noopener\"><b>Canal Empreender<\/b><\/a><\/p><\/blockquote>\n<p><b>Omie lan\u00e7a e-commerce B2B<\/b><\/p>\n<p><span style=\"font-weight: 400;\">Nova funcionalidade do Portal Omie permite criar um cat\u00e1logo privado online sem custos adicionais, para que empreendedores ampliem possibilidades de vendas.<\/span><\/p>\n<blockquote><p><b>Leia aqui: <\/b><a href=\"https:\/\/drive.google.com\/file\/d\/15YpN1rfB-u20_p_ufPl0O9pcmhc-jbnp\/view\" target=\"_blank\" rel=\"noopener\"><b>Revista Gest\u00e3o &amp; Neg\u00f3cios<\/b><\/a><\/p><\/blockquote>\n<p>&nbsp;<\/p>\n<h2><span style=\"font-weight: 400;\">Franchising<\/span><\/h2>\n<p><b>Franchising virou segmento de oportunidade para mulheres<\/b><\/p>\n<p><span style=\"font-weight: 400;\">Em comemora\u00e7\u00e3o ao Dia do Empreendedorismo Feminino (19\/11), o portal trouxe o foco para mulheres que escolheram o mercado de franchising para investir, incluindo a hist\u00f3ria de Andr\u00e9a Jacoto, franqueada Omie da unidade Jardins-SP.<\/span><\/p>\n<blockquote><p><b>Leia aqui: <\/b><a href=\"https:\/\/empreendedor.com.br\/noticia\/152896\/\" target=\"_blank\" rel=\"noopener\"><b>Revista Empreendedor &#8211; Neg\u00f3cios &amp; Gest\u00e3o<\/b><\/a><\/p><\/blockquote>\n<p>&nbsp;<\/p>\n<h2><span style=\"font-weight: 400;\">Omie.Academy<\/span><\/h2>\n<p><b>Confira cursos gratuitos e MBAs para profissionais de contabilidade<\/b><\/p>\n<p><span style=\"font-weight: 400;\">A Omie.Academy, comunidade de empreendedores da Omie, e a Trevisan Escola de Neg\u00f3cios listaram op\u00e7\u00f5es de cursos gratuitos e MBAs, todos online e com certificado, para contadores que desejam se aprimorar e se atualizar na reta final do ano.<\/span><\/p>\n<blockquote><p><b>Leia aqui: <\/b><a href=\"https:\/\/www.correio24horas.com.br\/economia\/empregos\/confira-cursos-gratuitos-e-mbas-para-profissionais-de-contabilidade-1123\" target=\"_blank\" rel=\"noopener\"><b>Correio 24 Horas<\/b><\/a><\/p><\/blockquote>\n","protected":false},"excerpt":{"rendered":"<p>Confira os principais releases da Omie na imprensa nas \u00faltimas semanas. <\/p>\n","protected":false},"author":10,"featured_media":10991,"comment_status":"closed","ping_status":"closed","sticky":false,"template":"","format":"standard","meta":{"footnotes":""},"categories":[406],"tags":[],"class_list":["post-15497","post","type-post","status-publish","format-standard","has-post-thumbnail","hentry","category-imprensa"],"_links":{"self":[{"href":"https:\/\/www.omie.com.br\/blog\/wp-json\/wp\/v2\/posts\/15497","targetHints":{"allow":["GET"]}}],"collection":[{"href":"https:\/\/www.omie.com.br\/blog\/wp-json\/wp\/v2\/posts"}],"about":[{"href":"https:\/\/www.omie.com.br\/blog\/wp-json\/wp\/v2\/types\/post"}],"author":[{"embeddable":true,"href":"https:\/\/www.omie.com.br\/blog\/wp-json\/wp\/v2\/users\/10"}],"replies":[{"embeddable":true,"href":"https:\/\/www.omie.com.br\/blog\/wp-json\/wp\/v2\/comments?post=15497"}],"version-history":[{"count":3,"href":"https:\/\/www.omie.com.br\/blog\/wp-json\/wp\/v2\/posts\/15497\/revisions"}],"predecessor-version":[{"id":17955,"href":"https:\/\/www.omie.com.br\/blog\/wp-json\/wp\/v2\/posts\/15497\/revisions\/17955"}],"wp:featuredmedia":[{"embeddable":true,"href":"https:\/\/www.omie.com.br\/blog\/wp-json\/wp\/v2\/media\/10991"}],"wp:attachment":[{"href":"https:\/\/www.omie.com.br\/blog\/wp-json\/wp\/v2\/media?parent=15497"}],"wp:term":[{"taxonomy":"category","embeddable":true,"href":"https:\/\/www.omie.com.br\/blog\/wp-json\/wp\/v2\/categories?post=15497"},{"taxonomy":"post_tag","embeddable":true,"href":"https:\/\/www.omie.com.br\/blog\/wp-json\/wp\/v2\/tags?post=15497"}],"curies":[{"name":"wp","href":"https:\/\/api.w.org\/{rel}","templated":true}]}}