{"id":16313,"date":"2024-01-04T16:19:25","date_gmt":"2024-01-04T19:19:25","guid":{"rendered":"https:\/\/www.omie.com.br\/blog\/?p=16313"},"modified":"2024-01-04T16:19:25","modified_gmt":"2024-01-04T19:19:25","slug":"plataforma-de-educacao-da-omie-lanca-primeiro-curso-definido-por-comunidade-empreendedora","status":"publish","type":"post","link":"https:\/\/www.omie.com.br\/blog\/plataforma-de-educacao-da-omie-lanca-primeiro-curso-definido-por-comunidade-empreendedora\/","title":{"rendered":"Plataforma de educa\u00e7\u00e3o da Omie lan\u00e7a primeiro curso definido por comunidade empreendedora"},"content":{"rendered":"<p><span style=\"font-weight: 400;\">Ter um processo comercial bem estruturado pode ser um desafio para muitos empreendedores brasileiros, \u00e9 o que revela a pesquisa Panorama de Vendas, realizada com 1.600 profissionais. Os dados mostram ainda que apenas 11% dos neg\u00f3cios t\u00eam uma \u00e1rea dedicada a oferecer treinamentos para a equipe de vendas. Pensando nisso, para ajudar empresas a estruturar uma \u00e1rea comercial eficiente e potencializar resultados, seguindo o objetivo de transformar o empreendedorismo brasileiro por meio da educa\u00e7\u00e3o empreendedora, a <\/span><a href=\"https:\/\/academy.omie.com.br\/\" target=\"_blank\" rel=\"noopener\"><span style=\"font-weight: 400;\">Omie.Academy<\/span><\/a><span style=\"font-weight: 400;\">, divulga o curso online e gratuito \u201c<\/span><a href=\"https:\/\/academy.omie.com.br\/app\/vendas-e-fidelizacao\/tecnicas-de-vendas-e-atendimento-presencial1\" target=\"_blank\" rel=\"noopener\"><span style=\"font-weight: 400;\">T\u00e9cnicas de vendas e atendimento presencial<\/span><\/a><span style=\"font-weight: 400;\">\u201d, com insights sobre o processo de vendas e como potencializar resultados.<\/span><\/p>\n<p><span style=\"font-weight: 400;\">Ao fim do curso de 12 horas, ministrado por Altamir Chastinet, especialista em vendas com mais de 25 anos de experi\u00eancia, os alunos conhecer\u00e3o os principais elementos vinculados a uma venda de sucesso, as diversas t\u00e9cnicas de vendas e como devem ser usadas, al\u00e9m de reconhecer os passos da venda, seu fluxo e entender o que fazer em cada uma das etapas. Esta \u00e9 a primeira capacita\u00e7\u00e3o do canal ap\u00f3s seu reposicionamento de marca, com tema definido em conjunto pela comunidade de empreendedores guiada pela Omie, que j\u00e1 re\u00fane mais de 580 participantes.<\/span><\/p>\n<p><span style=\"font-weight: 400;\">Para Kaleu Florio, coordenador pedag\u00f3gico da Omie.Academy, as intera\u00e7\u00f5es na comunidade s\u00e3o fundamentais para definir temas que atendam \u00e0s necessidades reais dos empreendedores brasileiros. \u201cO <\/span><a href=\"https:\/\/chat.whatsapp.com\/JXFdOR9EdDh1y58lEeZjh0\" target=\"_blank\" rel=\"noopener\"><span style=\"font-weight: 400;\">grupo exclusivo, via WhatsApp<\/span><\/a><span style=\"font-weight: 400;\">, os f\u00f3runs e <\/span><a href=\"https:\/\/www.youtube.com\/watch?v=cWbnD_7rEQs&amp;ab_channel=Omie\" target=\"_blank\" rel=\"noopener\"><span style=\"font-weight: 400;\">eventos online<\/span><\/a><span style=\"font-weight: 400;\"> permitem entendermos ainda mais o que o nosso p\u00fablico gostaria de ver e aprender nos cursos, al\u00e9m de conectar empreendedores para fomentar o conhecimento e discutir temas relevantes, al\u00e9m do networking entre eles\u201d, diz. \u201cAl\u00e9m disso, \u00e9 importante ressaltar que acreditamos na educa\u00e7\u00e3o empreendedora como um dos principais caminhos da Omie para desenvolver e ajudar o mercado a explorar o seu pleno potencial, crescer e sobreviver\u201d, complementa Kaleu.<\/span><\/p>\n<p><i><span style=\"font-weight: 400;\">Para assistir ao conte\u00fado, basta se inscrever na Omie.Academy e acessar o link <\/span><\/i><a href=\"https:\/\/academy.omie.com.br\/app\/vendas-e-fidelizacao\/tecnicas-de-vendas-e-atendimento-presencial1\" target=\"_blank\" rel=\"noopener\"><i><span style=\"font-weight: 400;\">academy.omie.com.br\/app\/vendas-e-fidelizacao\/tecnicas-de-vendas-e-atendimento-presencial1<\/span><\/i><\/a><\/p>\n<h2><b>Novo posicionamento<\/b><\/h2>\n<p><span style=\"font-weight: 400;\">Em mar\u00e7o de 2023, a marca passou a atuar como uma <\/span><a href=\"https:\/\/www.omie.com.br\/imprensa\/omie-reformula-plataforma-de-educacao--para-conectar-empreendedores\/\"><b>comunidade de empreendedores<\/b><\/a><span style=\"font-weight: 400;\"> que t\u00eam como objetivo aprender e se atualizar para superar os desafios e crescer seus neg\u00f3cios, por meio da troca de experi\u00eancias. Agora, os pr\u00f3prios integrantes ajudam a direcionar e criar os conte\u00fados nas \u00e1reas nas quais querem se desenvolver, al\u00e9m de ter acesso a eventos online guiados por especialistas de diversas \u00e1reas e as mais de 700 horas de cursos online e gratuitos preparados pela Omie.Academy.<\/span><\/p>\n<p><span style=\"font-weight: 400;\">\u201cCom o novo posicionamento, estamos criando e fortalecendo essa comunidade, e, para isso, precisamos que os empreendedores estejam conosco, compreendendo os desafios de como uma gest\u00e3o eficiente pode potencializar o crescimento e o sucesso das empresas\u201d, afirmou Marcelo Lombardo, CEO da Omie, durante a divulga\u00e7\u00e3o do reposicionamento da marca.<\/span><\/p>\n<p><span style=\"font-weight: 400;\">Em 2022, a plataforma atingiu <\/span><a href=\"https:\/\/www.omie.com.br\/blog\/omie-academy-comemora-a-marca-de-100-000-alunos-inscritos\/\"><span style=\"font-weight: 400;\">a marca de 100 mil alunos<\/span><\/a><span style=\"font-weight: 400;\">, e hoje possui mais de 120 mil inscritos na plataforma, com cursos e treinamentos nas \u00e1reas de <\/span><a href=\"https:\/\/academy.omie.com.br\/app\/gestao-e-negocios\" target=\"_blank\" rel=\"noopener\"><span style=\"font-weight: 400;\">gest\u00e3o e neg\u00f3cios<\/span><\/a><span style=\"font-weight: 400;\">, <\/span><a href=\"https:\/\/academy.omie.com.br\/app\/comunicacao-e-marketing\" target=\"_blank\" rel=\"noopener\"><span style=\"font-weight: 400;\">marketing<\/span><\/a><span style=\"font-weight: 400;\">, <\/span><a href=\"https:\/\/academy.omie.com.br\/app\/empreendedor-contabil\" target=\"_blank\" rel=\"noopener\"><span style=\"font-weight: 400;\">contabilidade<\/span><\/a><span style=\"font-weight: 400;\">, <\/span><a href=\"https:\/\/academy.omie.com.br\/app\/administracao-e-financas\" target=\"_blank\" rel=\"noopener\"><span style=\"font-weight: 400;\">administra\u00e7\u00e3o e finan\u00e7as<\/span><\/a><span style=\"font-weight: 400;\">, <\/span><a href=\"https:\/\/academy.omie.com.br\/app\/comunicacao-e-marketing\" target=\"_blank\" rel=\"noopener\"><span style=\"font-weight: 400;\">comunica\u00e7\u00e3o<\/span><\/a><span style=\"font-weight: 400;\"> e <\/span><a href=\"https:\/\/academy.omie.com.br\/app\/vendas-e-fidelizacao\" target=\"_blank\" rel=\"noopener\"><span style=\"font-weight: 400;\">vendas<\/span><\/a><span style=\"font-weight: 400;\"> para apoiar empreendedores e contadores nos seus neg\u00f3cios. \u201cQueremos democratizar o acesso a conte\u00fados de qualidade e apoiar os empreendedores brasileiros por meio da capacita\u00e7\u00e3o e da troca de experi\u00eancias entre os participantes\u201d, ressalta Kaleu.<\/span><\/p>\n","protected":false},"excerpt":{"rendered":"<p>Omie.Academy re\u00fane mais de 580 empreendedores em comunidade e f\u00f3runs que fomentam conhecimento e troca de experi\u00eancias, al\u00e9m de guiar a escolha de cursos e eventos online.<\/p>\n","protected":false},"author":10,"featured_media":16316,"comment_status":"closed","ping_status":"closed","sticky":false,"template":"","format":"standard","meta":{"footnotes":""},"categories":[406],"tags":[],"class_list":["post-16313","post","type-post","status-publish","format-standard","has-post-thumbnail","hentry","category-imprensa"],"_links":{"self":[{"href":"https:\/\/www.omie.com.br\/blog\/wp-json\/wp\/v2\/posts\/16313","targetHints":{"allow":["GET"]}}],"collection":[{"href":"https:\/\/www.omie.com.br\/blog\/wp-json\/wp\/v2\/posts"}],"about":[{"href":"https:\/\/www.omie.com.br\/blog\/wp-json\/wp\/v2\/types\/post"}],"author":[{"embeddable":true,"href":"https:\/\/www.omie.com.br\/blog\/wp-json\/wp\/v2\/users\/10"}],"replies":[{"embeddable":true,"href":"https:\/\/www.omie.com.br\/blog\/wp-json\/wp\/v2\/comments?post=16313"}],"version-history":[{"count":1,"href":"https:\/\/www.omie.com.br\/blog\/wp-json\/wp\/v2\/posts\/16313\/revisions"}],"predecessor-version":[{"id":16318,"href":"https:\/\/www.omie.com.br\/blog\/wp-json\/wp\/v2\/posts\/16313\/revisions\/16318"}],"wp:featuredmedia":[{"embeddable":true,"href":"https:\/\/www.omie.com.br\/blog\/wp-json\/wp\/v2\/media\/16316"}],"wp:attachment":[{"href":"https:\/\/www.omie.com.br\/blog\/wp-json\/wp\/v2\/media?parent=16313"}],"wp:term":[{"taxonomy":"category","embeddable":true,"href":"https:\/\/www.omie.com.br\/blog\/wp-json\/wp\/v2\/categories?post=16313"},{"taxonomy":"post_tag","embeddable":true,"href":"https:\/\/www.omie.com.br\/blog\/wp-json\/wp\/v2\/tags?post=16313"}],"curies":[{"name":"wp","href":"https:\/\/api.w.org\/{rel}","templated":true}]}}