{"id":16487,"date":"2024-01-12T12:26:20","date_gmt":"2024-01-12T15:26:20","guid":{"rendered":"https:\/\/www.omie.com.br\/blog\/?p=16487"},"modified":"2024-01-12T12:27:02","modified_gmt":"2024-01-12T15:27:02","slug":"omie-lanca-campanha-com-personagem-que-materializa-um-inimigo-invisivel-do-empreendedor-ocupando-seu-lugar-em-sua-ausencia","status":"publish","type":"post","link":"https:\/\/www.omie.com.br\/blog\/omie-lanca-campanha-com-personagem-que-materializa-um-inimigo-invisivel-do-empreendedor-ocupando-seu-lugar-em-sua-ausencia\/","title":{"rendered":"Omie lan\u00e7a campanha com personagem que materializa um inimigo invis\u00edvel do empreendedor, ocupando seu lugar em sua aus\u00eancia"},"content":{"rendered":"<figure id=\"attachment_16488\" aria-describedby=\"caption-attachment-16488\" style=\"width: 674px\" class=\"wp-caption aligncenter\"><img fetchpriority=\"high\" decoding=\"async\" class=\" wp-image-16488\" src=\"https:\/\/www.omie.com.br\/blog\/wp-content\/uploads\/2024\/01\/Anuncio-responsivos_Imagem-1.200-x-628.png\" alt=\"An\u00fancio campanha\" width=\"674\" height=\"360\" title=\"\"><figcaption id=\"caption-attachment-16488\" class=\"wp-caption-text\">Imagem de divulga\u00e7\u00e3o da campanha<\/figcaption><\/figure>\n<p><span style=\"font-weight: 400;\">A <\/span><a href=\"http:\/\/www.omie.com.br\"><span style=\"font-weight: 400;\">Omie<\/span><\/a><span style=\"font-weight: 400;\">, plataforma de gest\u00e3o (ERP) na nuvem, est\u00e1 lan\u00e7ando uma campanha institucional voltada a empreendedores, principalmente aqueles que ainda n\u00e3o digitalizaram processos burocr\u00e1ticos e que perdem um tempo valioso e que deveria ser dedicado a atividades mais nobres. A campanha \u00e9 ilustrada por um boneco infl\u00e1vel, com ar \u201ccanastr\u00e3o\u201d, que representa a \u201caus\u00eancia\u201d e substitui o empreendedor em momentos importantes de sua vida.<\/span><\/p>\n<p><span style=\"font-weight: 400;\">A campanha da Omie tem como objetivo sensibilizar empreendedores que ainda n\u00e3o conhe\u00e7am a marca ou n\u00e3o estejam considerando um software de gest\u00e3o, de que existe uma ferramenta, baseada em tecnologia, que pode mudar a rotina e a realidade do empreendedor. Com isso, trazendo um controle muito mais eficiente e automatizado, liberando o empreendedor para se dedicar a atividades estrat\u00e9gicas como investir no crescimento do neg\u00f3cio, se dedicar aos clientes ou mesmo aos momentos mais importantes de sua vida e ao lazer.<\/span><\/p>\n<p><span style=\"font-weight: 400;\">A estrat\u00e9gia da campanha \u00e9 retratar a \u2018aus\u00eancia\u2019 e o \u2018atraso\u2019, e a solu\u00e7\u00e3o desses problemas por meio da tecnologia fornecida pelo software de gest\u00e3o, ERP (<\/span><i><span style=\"font-weight: 400;\">Enterprise Resource Planning<\/span><\/i><span style=\"font-weight: 400;\">), de forma leve e descontra\u00edda. \u201cMuitos encaram o \u2018atraso\u2019 e a \u2018aus\u00eancia\u2019 como fatores inerentes ao empreendedorismo, como se fossem dores naturais do crescimento ou mesmo da vida de empres\u00e1rios j\u00e1 estabelecidos. Nossa inten\u00e7\u00e3o foi personificar essa aus\u00eancia, nem sempre percebida, pois acreditamos que por meio da tecnologia \u00e9 poss\u00edvel acabar com esse inimigo abstrato, muitas vezes normalizado pelo empreendedor, e liberar o seu crescimento\u201d, <\/span><span style=\"font-weight: 400;\">diz Felipe Ferrazoli Ribeiro, diretor de Marketing da Omie.<\/span><\/p>\n<p><span style=\"font-weight: 400;\">\u201cMesmo sendo uma marca B2B, nossa inten\u00e7\u00e3o foi falar diretamente com o empreendedor\/empres\u00e1rio e retratar aspectos e emo\u00e7\u00f5es de sua vida pessoal. A campanha personifica tais express\u00f5es em tom descontra\u00eddo, sempre com mensagens como \u2018\u2018voc\u00ea ia adorar\u2019 e \u2018ia ser incr\u00edvel se voc\u00ea estivesse com a gente&#8221;, afirma o executivo. Todas as pe\u00e7as terminam enfatizando que um sistema de gest\u00e3o Omie pode destravar o crescimento dos neg\u00f3cios e a vida do empreendedor.<\/span><\/p>\n<figure id=\"attachment_16489\" aria-describedby=\"caption-attachment-16489\" style=\"width: 610px\" class=\"wp-caption aligncenter\"><img decoding=\"async\" class=\" wp-image-16489\" src=\"https:\/\/www.omie.com.br\/blog\/wp-content\/uploads\/2024\/01\/fugura-5.jpeg\" alt=\"Frame mulher com celular \" width=\"610\" height=\"359\" title=\"\"><figcaption id=\"caption-attachment-16489\" class=\"wp-caption-text\">Frame<\/figcaption><\/figure>\n<p><span style=\"font-weight: 400;\">Criada pelo pr\u00f3prio time de cria\u00e7\u00e3o e marketing da Omie, com produ\u00e7\u00e3o da <\/span><a href=\"https:\/\/surrealhotelarts.com\/\" target=\"_blank\" rel=\"noopener\"><span style=\"font-weight: 400;\">Surreal Hotel Arts<\/span><\/a><span style=\"font-weight: 400;\"> e dire\u00e7\u00e3o de <\/span><span style=\"font-weight: 400;\">Luigi Parisi<\/span><span style=\"font-weight: 400;\">, a campanha ter\u00e1 dois filmes, em diversos formatos, com foco nas m\u00eddias digitais, <\/span><a href=\"https:\/\/www.youtube.com\/watch?v=PpSvF_Gz6z4&amp;ab_channel=Omie\" target=\"_blank\" rel=\"noopener\"><span style=\"font-weight: 400;\">com o primeiro j\u00e1 no ar<\/span><\/a><span style=\"font-weight: 400;\">. Segundo Cintia Magri, gerente de Cria\u00e7\u00e3o da Omie, \u201cconseguimos enxergar a solu\u00e7\u00e3o para o planejamento e cria\u00e7\u00e3o desta campanha totalmente <\/span><i><span style=\"font-weight: 400;\">in house<\/span><\/i><span style=\"font-weight: 400;\">, apostando na criatividade e compet\u00eancias do pr\u00f3prio time de marketing e cria\u00e7\u00e3o da Omie\u201d.<\/span><\/p>\n<p><span style=\"font-weight: 400;\">Al\u00e9m dos v\u00eddeos, a empresa realizou ativa\u00e7\u00f5es com a identidade visual da campanha, como um boneco infl\u00e1vel instalado no <\/span><i><span style=\"font-weight: 400;\">rooftop<\/span><\/i><span style=\"font-weight: 400;\"> de sua sede, na regi\u00e3o da Av. Berrini, ao lado da Ponte Estaiada, em S\u00e3o Paulo (SP), al\u00e9m do envelopamento do pr\u00e9dio &#8211; recep\u00e7\u00e3o, espa\u00e7os de trabalho pelos andares e elevadores. A a\u00e7\u00e3o tem como objetivo gerar <\/span><i><span style=\"font-weight: 400;\">buzz<\/span><\/i><span style=\"font-weight: 400;\"> e curiosidade sobre a marca. Desde abril, a empresa tamb\u00e9m investe em an\u00fancios di\u00e1rios na R\u00e1dio CBN, como forma de ampliar o conhecimento da marca, al\u00e9m de refor\u00e7ar o alcance dos v\u00eddeos e artes est\u00e1ticas por meio de ferramentas de publicidade digital. Todas as informa\u00e7\u00f5es da campanha est\u00e3o reunidas em um site dedicado &#8211; <\/span><i><span style=\"font-weight: 400;\">omie.com.br\/libereseucrescimento\/<\/span><\/i><\/p>\n<h2><b>Ficha t\u00e9cnica<\/b><\/h2>\n<p><span style=\"font-weight: 400;\">Campanha \u201cLibere seu crescimento\u201d \u2013 Omie<\/span><\/p>\n<p><span style=\"font-weight: 400;\">Ag\u00eancia: Omie<\/span><\/p>\n<p><span style=\"font-weight: 400;\">Anunciante: Omie<\/span><\/p>\n<p><span style=\"font-weight: 400;\">T\u00edtulo: Libere seu crescimento<\/span><\/p>\n<p><span style=\"font-weight: 400;\">Produto: Sistema de Gest\u00e3o, ERP, Omie<\/span><\/p>\n<p><span style=\"font-weight: 400;\">Presidente e CEO (Omie): Marcelo Lombardo<\/span><\/p>\n<p><span style=\"font-weight: 400;\">CRO (Omie): <\/span><a href=\"mailto:aurora@omie.com.br\"><span style=\"font-weight: 400;\" data-rich-links=\"{&quot;per_n&quot;:&quot;Aurora Suh&quot;,&quot;per_e&quot;:&quot;aurora@omie.com.br&quot;,&quot;type&quot;:&quot;person&quot;}\">Aurora Suh<\/span><\/a><\/p>\n<p><span style=\"font-weight: 400;\">Diretor de Marketing: Felipe Ferrazoli Ribeiro<\/span><\/p>\n<p><span style=\"font-weight: 400;\">Gerente de Cria\u00e7\u00e3o: Cintia Magri<\/span><\/p>\n<p><span style=\"font-weight: 400;\">Analista de Branding: Maria (Malu) Matos<\/span><\/p>\n<p><span style=\"font-weight: 400;\">Redator convidado: <\/span><a href=\"mailto:henriques.robson@gmail.com\"><span style=\"font-weight: 400;\" data-rich-links=\"{&quot;per_n&quot;:&quot;Robson Henriques&quot;,&quot;per_e&quot;:&quot;henriques.robson@gmail.com&quot;,&quot;type&quot;:&quot;person&quot;}\">Robson Henriques<\/span><\/a><\/p>\n<p><span style=\"font-weight: 400;\">PR e Influ\u00eancia: Omie e NovaPR<\/span><\/p>\n<p><span style=\"font-weight: 400;\">Designer 3D: Andrey Costa<\/span><\/p>\n<p><span style=\"font-weight: 400;\">Design gr\u00e1fico: Valter Kobayashi<\/span><\/p>\n<p><span style=\"font-weight: 400;\">Analistas de conte\u00fado: Rafaela Trevezani e Marcela Paduano\u00a0<\/span><\/p>\n<p><span style=\"font-weight: 400;\">Produ\u00e7\u00e3o audiovisual: Surreal Hotel Arts<\/span><\/p>\n<p><span style=\"font-weight: 400;\">Dire\u00e7\u00e3o: Luigi Parisi<\/span><\/p>\n<p><span style=\"font-weight: 400;\">COO: Cris Chacon<\/span><\/p>\n<p><span style=\"font-weight: 400;\">Head de Produ\u00e7\u00e3o Executiva: Milena Trindade<\/span><\/p>\n<p><span style=\"font-weight: 400;\">Produ\u00e7\u00e3o Executiva: Ale Borzani<\/span><\/p>\n<p><span style=\"font-weight: 400;\">Head de Produ\u00e7\u00e3o: Lu Martins<\/span><\/p>\n<p><span style=\"font-weight: 400;\">CCO: Carl\u00e3o Busato<\/span><\/p>\n<p><span style=\"font-weight: 400;\">Dire\u00e7\u00e3o Criativa: Bruno Cerqueira<\/span><\/p>\n<p><span style=\"font-weight: 400;\">Desenvolvimento Criativo: Alex Ulhoa, Vitor Matheus, Vict\u00f3ria Isabela da Silva, Sol \u00d4migra<\/span><\/p>\n<p><span style=\"font-weight: 400;\">e Luis Michelazzo<\/span><\/p>\n<p><span style=\"font-weight: 400;\">Line Producer: Michele Pav\u00e3o<\/span><\/p>\n<p><span style=\"font-weight: 400;\">Line Producer Jr: Matheus Monteiro<\/span><\/p>\n<p><span style=\"font-weight: 400;\">Assistente Executiva: Rafaella Gicsan<\/span><\/p>\n<p><span style=\"font-weight: 400;\">Assistente de Comunica\u00e7\u00e3o: Buba Kore<\/span><\/p>\n<p><span style=\"font-weight: 400;\">Coordena\u00e7\u00e3o Jr: Ana Alegretti<\/span><\/p>\n<p><span style=\"font-weight: 400;\">Assistentes de Coordena\u00e7\u00e3o: Bruna Brito e Beatriz Prado<\/span><\/p>\n<p><span style=\"font-weight: 400;\">Diretora de Fotografia: Daniel Belinky<\/span><\/p>\n<p><span style=\"font-weight: 400;\">Diretora de arte: Camila Kogut<\/span><\/p>\n<p><span style=\"font-weight: 400;\">Diretora de produ\u00e7\u00e3o: Nani Matias<\/span><\/p>\n<p><span style=\"font-weight: 400;\">Produtoras: Kayane Cabral, Kayelle Cabral e Adriana Assis<\/span><\/p>\n<p><span style=\"font-weight: 400;\">Estagi\u00e1ria de produ\u00e7\u00e3o: Eduarda Alves<\/span><\/p>\n<p><span style=\"font-weight: 400;\">1 Assistente de Dire\u00e7\u00e3o: Kelly Bill<\/span><\/p>\n<p><span style=\"font-weight: 400;\">2 Assistente de Dire\u00e7\u00e3o: Vinicius Pecine<\/span><\/p>\n<p><span style=\"font-weight: 400;\">Assistente de Dire\u00e7\u00e3o de arte: Guilherme Almeida<\/span><\/p>\n<p><span style=\"font-weight: 400;\">Estagi\u00e1ria de arte: Regiane Pimentel<\/span><\/p>\n<p><span style=\"font-weight: 400;\">Produtor de Objetos: Gislaine Leal<\/span><\/p>\n<p><span style=\"font-weight: 400;\">Assistente de objeto: Artur Miller<\/span><\/p>\n<p><span style=\"font-weight: 400;\">Produtores de Elenco: Gui Koch e Kadije Fran\u00e7a<\/span><\/p>\n<p><span style=\"font-weight: 400;\">Produtor de loca\u00e7\u00e3o: Dudu Castello Branco<\/span><\/p>\n<p><span style=\"font-weight: 400;\">Assistentes de loca\u00e7\u00e3o: Daniane Almeida, Enzo Sim\u00f5es e Bruna Danielle<\/span><\/p>\n<p><span style=\"font-weight: 400;\">Figurinista: Paula Barp<\/span><\/p>\n<p><span style=\"font-weight: 400;\">Assistente de figurinista: Taciane Duarte<\/span><\/p>\n<p><span style=\"font-weight: 400;\">Maquiadora: Eliane Aptz<\/span><\/p>\n<p><span style=\"font-weight: 400;\">Assistente de Maquiadora: Kenia Ramos<\/span><\/p>\n<p><span style=\"font-weight: 400;\">Making of: Murilo Ruocco<\/span><\/p>\n<p><span style=\"font-weight: 400;\">Coordenador de P\u00f3s Produ\u00e7\u00e3o: Bruno Melo<\/span><\/p>\n<p><span style=\"font-weight: 400;\">Assistente de coordena\u00e7\u00e3o de p\u00f3s: Cinthia De Vette e Leandro Ferreira<\/span><\/p>\n<p><span style=\"font-weight: 400;\">Finalizador: Rafael Supliano<\/span><\/p>\n<p><span style=\"font-weight: 400;\">Montagem: Lucas Cain\u00e3<\/span><\/p>\n<p><span style=\"font-weight: 400;\">Casa de p\u00f3s-produ\u00e7\u00e3o: Warriors VFX<\/span><\/p>\n<p><span style=\"font-weight: 400;\">Corre\u00e7\u00e3o de Cor: Caio Dezideiro<\/span><\/p>\n<p><span style=\"font-weight: 400;\">Prod de \u00e1udio: Pegrande.pro<\/span><\/p>\n","protected":false},"excerpt":{"rendered":"<p>Os filmes publicit\u00e1rios s\u00e3o ilustrados por um boneco infl\u00e1vel que atua como um impostor, tomando o lugar do empres\u00e1rio em momentos importantes da sua vida, deixados de lado por conta de imprevistos que poderiam ser evitados ou para cumprir tarefas que poderiam ser automatizadas<\/p>\n","protected":false},"author":10,"featured_media":16490,"comment_status":"closed","ping_status":"closed","sticky":false,"template":"","format":"standard","meta":{"footnotes":""},"categories":[406],"tags":[],"class_list":["post-16487","post","type-post","status-publish","format-standard","has-post-thumbnail","hentry","category-imprensa"],"_links":{"self":[{"href":"https:\/\/www.omie.com.br\/blog\/wp-json\/wp\/v2\/posts\/16487","targetHints":{"allow":["GET"]}}],"collection":[{"href":"https:\/\/www.omie.com.br\/blog\/wp-json\/wp\/v2\/posts"}],"about":[{"href":"https:\/\/www.omie.com.br\/blog\/wp-json\/wp\/v2\/types\/post"}],"author":[{"embeddable":true,"href":"https:\/\/www.omie.com.br\/blog\/wp-json\/wp\/v2\/users\/10"}],"replies":[{"embeddable":true,"href":"https:\/\/www.omie.com.br\/blog\/wp-json\/wp\/v2\/comments?post=16487"}],"version-history":[{"count":2,"href":"https:\/\/www.omie.com.br\/blog\/wp-json\/wp\/v2\/posts\/16487\/revisions"}],"predecessor-version":[{"id":16493,"href":"https:\/\/www.omie.com.br\/blog\/wp-json\/wp\/v2\/posts\/16487\/revisions\/16493"}],"wp:featuredmedia":[{"embeddable":true,"href":"https:\/\/www.omie.com.br\/blog\/wp-json\/wp\/v2\/media\/16490"}],"wp:attachment":[{"href":"https:\/\/www.omie.com.br\/blog\/wp-json\/wp\/v2\/media?parent=16487"}],"wp:term":[{"taxonomy":"category","embeddable":true,"href":"https:\/\/www.omie.com.br\/blog\/wp-json\/wp\/v2\/categories?post=16487"},{"taxonomy":"post_tag","embeddable":true,"href":"https:\/\/www.omie.com.br\/blog\/wp-json\/wp\/v2\/tags?post=16487"}],"curies":[{"name":"wp","href":"https:\/\/api.w.org\/{rel}","templated":true}]}}