{"id":16660,"date":"2024-01-23T15:10:25","date_gmt":"2024-01-23T18:10:25","guid":{"rendered":"https:\/\/www.omie.com.br\/blog\/?p=16660"},"modified":"2024-06-28T16:47:27","modified_gmt":"2024-06-28T19:47:27","slug":"omie-na-imprensa-veja-os-destaques-dessa-semana-37","status":"publish","type":"post","link":"https:\/\/www.omie.com.br\/blog\/omie-na-imprensa-veja-os-destaques-dessa-semana-37\/","title":{"rendered":"Omie na Imprensa: veja os destaques dessa semana!"},"content":{"rendered":"<h2><span style=\"font-weight: 400;\">Institucional<\/span><\/h2>\n<p><b>Omie atinge breakeven e prev\u00ea fechar o ano com aumento de 70% na receita<\/b><\/p>\n<p><span style=\"font-weight: 400;\">Em entrevista exclusiva, Marcelo Lombardo, CEO e cofundador da Omie, conta os detalhes sobre a estrat\u00e9gia para atingir esse marco e as metas para os pr\u00f3ximos anos.<\/span><\/p>\n<blockquote><p><b>Leia aqui:<\/b> <a href=\"https:\/\/revistapegn.globo.com\/startups\/noticia\/2023\/12\/omie-atinge-breakeven-e-preve-fechar-o-ano-com-aumento-de-70percent-na-receita.ghtml\" target=\"_blank\" rel=\"noopener\"><b>PEGN<\/b><\/a><span style=\"font-weight: 400;\"> | <\/span><a href=\"https:\/\/www.portalcontnews.com.br\/omie-atinge-breakeven-e-deve-fechar-2023-ainda-com-recursos-da-serie-c-em-caixa\/\" target=\"_blank\" rel=\"noopener\"><b>ContNews<\/b><\/a><span style=\"font-weight: 400;\"> | <\/span><a href=\"https:\/\/tibahia.com\/negocios\/omie-atinge-breakeven-e-deve-fechar-2023-ainda-com-recursos-da-serie-c-em-caixa\/\" target=\"_blank\" rel=\"noopener\"><b>TI Bahia<\/b><\/a><\/p><\/blockquote>\n<p><b>Entrevista | Marcelo Lombardo | Programa \u201cGente que Faz\u201d<\/b><\/p>\n<p><span style=\"font-weight: 400;\">Marcelo Lombardo, CEO e cofundador da Omie, conta a hist\u00f3ria da scale-up e sobre sua experi\u00eancia em anos de empreendedorismo no programa Gente que Faz, do Canal Empreender.<\/span><\/p>\n<blockquote><p><b>Assista aqui: <\/b><a href=\"https:\/\/www.youtube.com\/watch?v=5IggR10KmA8&amp;ab_channel=CanalEmpreender\" target=\"_blank\" rel=\"noopener\"><b>Canal Empreender<\/b><\/a><\/p><\/blockquote>\n<p>&nbsp;<\/p>\n<h2><span style=\"font-weight: 400;\">Franquias<\/span><\/h2>\n<p><b>Microfranquias Omie: Tecnologia no on e no off<\/b><\/p>\n<p><span style=\"font-weight: 400;\">A op\u00e7\u00e3o de microfranquia da Omie foi destaque em mat\u00e9ria da Revista Gest\u00e3o &amp; Neg\u00f3cios sobre as possibilidades de investimento nesse setor, ressaltando seus benef\u00edcios e vantagens para os empreendedores.<\/span><\/p>\n<blockquote><p><b>Leia aqui: <\/b><a href=\"https:\/\/drive.google.com\/file\/d\/1FhpMcRN8UQiVtlLCnZh_vKkE7o1xQqap\/view\" target=\"_blank\" rel=\"noopener\"><b>Revista Gest\u00e3o &amp; Neg\u00f3cios<\/b><\/a><\/p><\/blockquote>\n<p><b>Conhe\u00e7a a Omie e seus modelos de franquias<\/b><\/p>\n<p><span style=\"font-weight: 400;\">O setor de tecnologia apresenta muitas possibilidades interessantes para quem quer empreender, inclusive no mercado de franquias, e uma delas \u00e9 a Omie, rede de solu\u00e7\u00f5es em sistemas de gest\u00e3o para empresas. Conhe\u00e7a mais sobre os modelos de neg\u00f3cios da <\/span><i><span style=\"font-weight: 400;\">scale-up<\/span><\/i><span style=\"font-weight: 400;\">.<\/span><\/p>\n<blockquote><p><b>Leia aqui: <\/b><a href=\"https:\/\/guiafranquiasdesucesso.com\/noticias\/conheca-a-omie\/\" target=\"_blank\" rel=\"noopener\"><b>Guia Franquias de Sucesso<\/b><\/a><\/p><\/blockquote>\n<p>&nbsp;<\/p>\n<h2><span style=\"font-weight: 400;\">IODE-PMEs<\/span><\/h2>\n<p><b>Empresas que faturam at\u00e9 R$ 50 mi continuaram crescendo no trimestre<\/b><\/p>\n<p><span style=\"font-weight: 400;\">Segundo o boletim do IODE-PMEs com dados de novembro\/23, o m\u00eas registrou alta de 10% em rela\u00e7\u00e3o ao mesmo m\u00eas de 2022. Ind\u00fastria e Servi\u00e7os ganharam destaque.<\/span><\/p>\n<blockquote><p><b>Leia aqui: <\/b><a href=\"https:\/\/www.estadao.com.br\/economia\/coluna-do-broad\/empresas-que-faturam-ate-r-50-mi-continuaram-crescendo-no-trimestre\/\" target=\"_blank\" rel=\"noopener\"><b>O Estado de S.Paulo (Coluna do Broadcast)<\/b><\/a><\/p><\/blockquote>\n<p><b>Black Friday deste ano foi mais fraca para o pequeno com\u00e9rcio<\/b><\/p>\n<p><span style=\"font-weight: 400;\">O pequeno e m\u00e9dio varejista se deparou com uma retra\u00e7\u00e3o de 18% nos ganhos em novembro deste ano, em compara\u00e7\u00e3o com 2022, segundo levantamento do IODE-PMEs.<\/span><\/p>\n<blockquote><p><b>Leia aqui: <\/b><a href=\"https:\/\/oglobo.globo.com\/blogs\/miriam-leitao\/post\/2023\/12\/black-friday-deste-ano-foi-mais-fraca-para-o-pequeno-comercio.ghtml\" target=\"_blank\" rel=\"noopener\"><b>O Globo (Blog M\u00edriam Leit\u00e3o)<\/b><\/a><b> | <\/b><a href=\"https:\/\/drive.google.com\/file\/d\/1bLZl-Fvk4AAAi6NuOhCz9s-HBpOmK_o0\/view\" target=\"_blank\" rel=\"noopener\"><b>O Estado (Cear\u00e1)<\/b><\/a><\/p><\/blockquote>\n<p><b>Pequenas e m\u00e9dias empresas crescem 14,6% em outubro; veja resultado por segmento<\/b><\/p>\n<p><span style=\"font-weight: 400;\">Segundo o boletim de outubro do IODE-PMEs, o resultado do m\u00eas reflete a manuten\u00e7\u00e3o da recupera\u00e7\u00e3o financeira real de contas a receber das PMEs da Ind\u00fastria e acelera\u00e7\u00e3o do setor de Servi\u00e7os.<\/span><\/p>\n<blockquote><p><b>Leia aqui: <\/b><a href=\"https:\/\/exame.com\/negocios\/pequenas-e-medias-empresas-crescem-146-em-outubro-veja-resultado-por-segmento\/\" target=\"_blank\" rel=\"noopener\"><b>Exame<\/b><\/a><\/p><\/blockquote>\n<p>&nbsp;<\/p>\n<h2><span style=\"font-weight: 400;\">Vagas<\/span><\/h2>\n<p><b>Oportunidades em tecnologia: Omie est\u00e1 com 60 vagas abertas<\/b><\/p>\n<p><span style=\"font-weight: 400;\">As oportunidades abertas se dividem entre est\u00e1gio e efetivas, para a franqueadora e unidades franqueadas espalhadas pelo Brasil, em \u00e1reas como experi\u00eancia do cliente (CX), sucesso do cliente (CS), financeiro, marketing, entre outras.<\/span><\/p>\n<blockquote><p><b>Leia aqui: <\/b><a href=\"https:\/\/valorinveste.globo.com\/objetivo\/empreenda-se\/noticia\/2024\/01\/13\/estagio-trainee-e-efetivo-vagas-estao-abertas-em-todo-o-brasil-confira-a-lista.ghtml\" target=\"_blank\" rel=\"noopener\"><b>Valor Investe<\/b><\/a><b> | <\/b><a href=\"https:\/\/exame.com\/carreira\/quer-trabalhar-de-outra-cidade-ou-ate-pais-veja-as-vagas-de-home-office-disponiveis-nesta-semana\/\" target=\"_blank\" rel=\"noopener\"><b>Exame<\/b><\/a><b> | <\/b><a href=\"https:\/\/startups.com.br\/vagas\/alerta-de-vagas-veja-30-startups-que-estao-contratando\/\" target=\"_blank\" rel=\"noopener\"><b>Startups.com<\/b><\/a><b> | <\/b><a href=\"https:\/\/www.mundorh.com.br\/oportunidades-em-tecnologia-omie-esta-com-60-vagas-abertas\/\" target=\"_blank\" rel=\"noopener\"><b>Mundo RH<\/b><\/a><\/p><\/blockquote>\n<p>&nbsp;<\/p>\n<h2><span style=\"font-weight: 400;\">Omie.Academy<\/span><\/h2>\n<p><b>20 sites com cursos gratuitos para voc\u00ea turbinar o curr\u00edculo<\/b><\/p>\n<p><span style=\"font-weight: 400;\">A Omie.Academy tamb\u00e9m ganhou destaque em lista feita pelo Catraca Livre sobre plataformas gratuitas de ensino para quem deseja se profissionalizar em diversas \u00e1reas.<\/span><\/p>\n<blockquote><p><b>Leia aqui: <\/b><a href=\"https:\/\/catracalivre.com.br\/educacao\/20-sites-com-cursos-gratuitos-para-voce-turbinar-o-curriculo\/\" target=\"_blank\" rel=\"noopener\"><b>Catraca Livre<\/b><\/a><b> (1) | <\/b><a href=\"https:\/\/catracalivre.com.br\/educacao\/omie-academy-oferece-cursos-gratuitos-com-certificados\/\" target=\"_blank\" rel=\"noopener\"><b>Catraca Livre<\/b><\/a><b> (2)<\/b><\/p><\/blockquote>\n<p>&nbsp;<\/p>\n<h2><span style=\"font-weight: 400;\">Reforma Tribut\u00e1ria<\/span><\/h2>\n<p><b>Reforma promulgada com altera\u00e7\u00e3o mant\u00e9m tributa\u00e7\u00e3o em cascata? Veja o que dizem especialistas<\/b><\/p>\n<p><span style=\"font-weight: 400;\">M\u00f4nica Porto, contadora e parceira Omie, explica quest\u00f5es tribut\u00e1rias aprovadas de \u00faltima hora na vota\u00e7\u00e3o da Reforma Tribut\u00e1ria na C\u00e2mara dos Deputados, que ocorreu na semana passada.<\/span><\/p>\n<blockquote><p><b>Leia aqui: <\/b><a href=\"https:\/\/oglobo.globo.com\/economia\/noticia\/2023\/12\/21\/reforma-tributaria-promulgada-com-alteracao-de-ultima-hora-mantem-tributacao-em-cascata-veja-o-que-dizem-especialistas.ghtml\" target=\"_blank\" rel=\"noopener\"><b>O Globo<\/b><\/a><\/p><\/blockquote>\n<p>&nbsp;<\/p>\n<h2><span style=\"font-weight: 400;\">Empreendedorismo<\/span><\/h2>\n<p><b>Cinco dicas de prepara\u00e7\u00e3o para PMEs em 2024<\/b><\/p>\n<p><span style=\"font-weight: 400;\">David Mour\u00e3o, CEO e cofundador do banco digital Linker, empresa adquirida pela Omie em 2021, ressalta que a resili\u00eancia e a capacidade de adapta\u00e7\u00e3o das PMEs em 2023 ajudou o setor a crescer economicamente e deve auxiliar ainda mais no pr\u00f3ximo ano, al\u00e9m de dar dicas de como os empreendedores devem se preparar para os pr\u00f3ximos meses.<\/span><\/p>\n<blockquote><p><b>Leia aqui: <\/b><a href=\"https:\/\/drive.google.com\/file\/d\/1F1wCUr1zvEJydBy2CQTAGL0eIPAWjbX-\/view\" target=\"_blank\" rel=\"noopener\"><b>Revista Empresas &amp; Neg\u00f3cios<\/b><\/a><\/p><\/blockquote>\n","protected":false},"excerpt":{"rendered":"<p>Confira os principais releases da Omie na imprensa nas \u00faltimas semanas<\/p>\n","protected":false},"author":10,"featured_media":11436,"comment_status":"closed","ping_status":"closed","sticky":false,"template":"","format":"standard","meta":{"footnotes":""},"categories":[406],"tags":[],"class_list":["post-16660","post","type-post","status-publish","format-standard","has-post-thumbnail","hentry","category-imprensa"],"_links":{"self":[{"href":"https:\/\/www.omie.com.br\/blog\/wp-json\/wp\/v2\/posts\/16660","targetHints":{"allow":["GET"]}}],"collection":[{"href":"https:\/\/www.omie.com.br\/blog\/wp-json\/wp\/v2\/posts"}],"about":[{"href":"https:\/\/www.omie.com.br\/blog\/wp-json\/wp\/v2\/types\/post"}],"author":[{"embeddable":true,"href":"https:\/\/www.omie.com.br\/blog\/wp-json\/wp\/v2\/users\/10"}],"replies":[{"embeddable":true,"href":"https:\/\/www.omie.com.br\/blog\/wp-json\/wp\/v2\/comments?post=16660"}],"version-history":[{"count":2,"href":"https:\/\/www.omie.com.br\/blog\/wp-json\/wp\/v2\/posts\/16660\/revisions"}],"predecessor-version":[{"id":16663,"href":"https:\/\/www.omie.com.br\/blog\/wp-json\/wp\/v2\/posts\/16660\/revisions\/16663"}],"wp:featuredmedia":[{"embeddable":true,"href":"https:\/\/www.omie.com.br\/blog\/wp-json\/wp\/v2\/media\/11436"}],"wp:attachment":[{"href":"https:\/\/www.omie.com.br\/blog\/wp-json\/wp\/v2\/media?parent=16660"}],"wp:term":[{"taxonomy":"category","embeddable":true,"href":"https:\/\/www.omie.com.br\/blog\/wp-json\/wp\/v2\/categories?post=16660"},{"taxonomy":"post_tag","embeddable":true,"href":"https:\/\/www.omie.com.br\/blog\/wp-json\/wp\/v2\/tags?post=16660"}],"curies":[{"name":"wp","href":"https:\/\/api.w.org\/{rel}","templated":true}]}}