{"id":16684,"date":"2024-01-24T11:14:43","date_gmt":"2024-01-24T14:14:43","guid":{"rendered":"https:\/\/www.omie.com.br\/blog\/?p=16684"},"modified":"2024-01-24T13:14:09","modified_gmt":"2024-01-24T16:14:09","slug":"pequenos-e-medios-negocios-iniciam-2o-semestre-em-crescimento","status":"publish","type":"post","link":"https:\/\/www.omie.com.br\/blog\/pequenos-e-medios-negocios-iniciam-2o-semestre-em-crescimento\/","title":{"rendered":"Pequenos e m\u00e9dios neg\u00f3cios iniciam 2\u00ba semestre em crescimento"},"content":{"rendered":"<ul>\n<li><i><span style=\"font-weight: 400;\">IODE-PMEs registra avan\u00e7o no setor de 2,9% em julho na compara\u00e7\u00e3o anual, ap\u00f3s +2,5% em junho<\/span><\/i><\/li>\n<li style=\"font-weight: 400;\" aria-level=\"1\"><i><span style=\"font-weight: 400;\">An\u00e1lise setorial indica que crescimento segue condicionado pelo avan\u00e7o das PMEs da Ind\u00fastria (+5,7% YoY) e Servi\u00e7os (+1,0%)<\/span><\/i><\/li>\n<li style=\"font-weight: 400;\" aria-level=\"1\"><i><span style=\"font-weight: 400;\">Com\u00e9rcio apresenta o resultado mais fraco do ano (-8,2%) em julho,disseminado entre o atacado e o varejo<\/span><\/i><\/li>\n<\/ul>\n<p><span style=\"font-weight: 400;\">Em julho de 2023, o \u00cdndice Omie de Desempenho Econ\u00f4mico das PMEs (IODE-PMEs) mostra que a movimenta\u00e7\u00e3o financeira m\u00e9dia das pequenas e m\u00e9dias empresas (PMEs) brasileiras cresceu 2,9% na compara\u00e7\u00e3o com julho de 2022. Com isso, o \u00edndice inicia o segundo semestre de 2023 em crescimento, mas ainda apresentando diferen\u00e7as significativas entre o desempenho dos grandes setores do mercado. No acumulado do ano at\u00e9 julho, o IODE-PMEs mostra crescimento de 2,8% na compara\u00e7\u00e3o com igual per\u00edodo do ano anterior.\u00a0<\/span><\/p>\n<p style=\"text-align: center;\"><b><i>Figura 1: IODE-PMEs <\/i><\/b><i><span style=\"font-weight: 400;\">(N\u00famero \u00edndice \u2013 base: m\u00e9dia 2021=100)<\/span><\/i><\/p>\n<figure id=\"attachment_16685\" aria-describedby=\"caption-attachment-16685\" style=\"width: 750px\" class=\"wp-caption aligncenter\"><img fetchpriority=\"high\" decoding=\"async\" class=\"size-full wp-image-16685\" src=\"https:\/\/www.omie.com.br\/blog\/wp-content\/uploads\/2024\/01\/pasted-image-0-1.png\" alt=\"\" width=\"750\" height=\"450\" title=\"\"><figcaption id=\"caption-attachment-16685\" class=\"wp-caption-text\">Fonte: IODE-PMEs (Omie)<\/figcaption><\/figure>\n<p><span style=\"font-weight: 400;\">O IODE-PMEs funciona como um term\u00f4metro econ\u00f4mico das empresas com faturamento de at\u00e9 R$ 50 milh\u00f5es anuais, divididas em 660 atividades econ\u00f4micas que comp\u00f5em quatro grandes setores: Com\u00e9rcio, Ind\u00fastria, Infraestrutura e Servi\u00e7os.<\/span><\/p>\n<p><span style=\"font-weight: 400;\">Segundo Felipe Beraldi, economista e gerente de Indicadores e Estudos Econ\u00f4micos da Omie, o crescimento da movimenta\u00e7\u00e3o financeira real m\u00e9dia das PMEs no in\u00edcio do segundo semestre reflete a melhora do ambiente econ\u00f4mico dom\u00e9stico, com queda das press\u00f5es inflacion\u00e1rias, invers\u00e3o da taxa b\u00e1sica de juros (BCB realizou um corte de 0,5 p.p. na meta da taxa Selic em agosto\/23) e avan\u00e7o da confian\u00e7a dos consumidores. \u201cO \u00edndice de confian\u00e7a do consumidor da FGV (ICC-FGV) registrou nova alta em julho (aumento de 2,5 pontos \u2013 atingindo o maior patamar desde janeiro de 2019), com renova\u00e7\u00e3o da melhora das expectativas dos agentes com a situa\u00e7\u00e3o econ\u00f4mica geral do pa\u00eds. Apesar do contexto macroecon\u00f4mico, relativamente, mais positivo, o alto n\u00edvel de endividamento das fam\u00edlias ainda segue como um limitante para o avan\u00e7o do consumo, algo que tem se refletido com bastante intensidade nas PMEs que dependem da comercializa\u00e7\u00e3o de bens\u201d, diz o economista.<\/span><\/p>\n<p><span style=\"font-weight: 400;\">Diante deste cen\u00e1rio, o IODE-PMEs revela diferen\u00e7as significativas nos setores nos \u00faltimos meses. No geral, o crescimento dos pequenos e m\u00e9dios neg\u00f3cios, no \u00faltimo m\u00eas, voltou a ser condicionado pelo avan\u00e7o dos setores de Ind\u00fastria (+5,7%) e Servi\u00e7os (+1,0%) \u2013 panorama tamb\u00e9m verificado no decorrer do segundo trimestre do ano.\u00a0<\/span><\/p>\n<p style=\"text-align: center;\"><b><i>Figura 2: \u00cdndice geral e principais aberturas setoriais <\/i><\/b><i><span style=\"font-weight: 400;\">(YoY% em julho\/2023)<\/span><\/i><\/p>\n<figure id=\"attachment_16686\" aria-describedby=\"caption-attachment-16686\" style=\"width: 918px\" class=\"wp-caption aligncenter\"><img decoding=\"async\" class=\"size-full wp-image-16686\" src=\"https:\/\/www.omie.com.br\/blog\/wp-content\/uploads\/2024\/01\/pasted-image-0-2.png\" alt=\"\" width=\"918\" height=\"430\" title=\"\"><figcaption id=\"caption-attachment-16686\" class=\"wp-caption-text\">Fonte: IODE-PMEs (Omie)<\/figcaption><\/figure>\n<p><span style=\"font-weight: 400;\">Com o resultado, as PMEs industriais mostram o quinto crescimento consecutivo na compara\u00e7\u00e3o anual, com destaque para o bom desempenho observado em alguns segmentos da ind\u00fastria de transforma\u00e7\u00e3o, tais como: \u2018Autope\u00e7as e implementos rodovi\u00e1rios\u2019, \u2018Metalurgia\u2019, \u2018Confec\u00e7\u00e3o de artigos do vestu\u00e1rio e acess\u00f3rios\u2019 e \u2018Fabrica\u00e7\u00e3o de produtos aliment\u00edcios\u2019. J\u00e1 no setor de Servi\u00e7os, as PMEs voltaram a mostrar crescimento no \u00faltimo m\u00eas, ap\u00f3s resultado pontualmente negativo em junho (-3,6%), puxado pelo avan\u00e7o dos segmentos: \u2018Atividades de servi\u00e7os pessoais\u2019, \u2018Alojamento e alimenta\u00e7\u00e3o\u2019, \u2018Servi\u00e7os financeiros\u2019 e \u2018Atividades profissionais, cient\u00edficas e t\u00e9cnicas\u2019 (que englobam, por exemplo, atividades jur\u00eddicas, de contabilidade e de auditoria).<\/span><\/p>\n<p><span style=\"font-weight: 400;\">Por outro lado, o IODE-PMEs mostra queda da movimenta\u00e7\u00e3o financeira real das PMEs do Com\u00e9rcio (-8,2% na compara\u00e7\u00e3o com julho de 2022) \u2013 quarto m\u00eas consecutivo de retra\u00e7\u00e3o e pior resultado do setor no ano nesta base de compara\u00e7\u00e3o. No setor, o recuo foi disseminado entre os tr\u00eas grandes segmentos: \u2018Atacado\u2019, \u2018Varejo\u2019 e \u2018Com\u00e9rcio e repara\u00e7\u00e3o de ve\u00edculos\u2019. Particularmente no varejo, apesar do fraco resultado agregado, alguns subsetores seguem em crescimento nos \u00faltimos meses, tais como o \u2018varejo de produtos aliment\u00edcios em geral\u2019 e o \u2018varejo de bebidas\u2019.<\/span><\/p>\n<p><span style=\"font-weight: 400;\">O \u00edndice tamb\u00e9m mostrou recuo do setor de Infraestrutura no \u00faltimo m\u00eas (-6,2% na compara\u00e7\u00e3o com julho de 2022), ap\u00f3s queda tamb\u00e9m verificada em junho (-6,1%), resultado que segue refletindo, especialmente, a retra\u00e7\u00e3o das atividades de \u2018Obras de infraestrutura\u2019 e de \u2018\u00c1gua, esgoto, atividades de gest\u00e3o de res\u00edduos e descontamina\u00e7\u00e3o\u2019.<\/span><\/p>\n<p><span style=\"font-weight: 400;\">\u201cA previs\u00e3o \u00e9 que o mercado de PMEs siga em crescimento no decorrer do segundo semestre do ano, diante do ambiente macroecon\u00f4mico mais positivo, com destaque para a resili\u00eancia vista no mercado de trabalho, redu\u00e7\u00e3o das press\u00f5es inflacion\u00e1rias e invers\u00e3o da trajet\u00f3ria da Selic \u2013 que vinha em processo de aumento desde 2021. Adicionalmente, destaca-se a import\u00e2ncia do programa do governo federal Desenrola Brasil para estimular a renegocia\u00e7\u00e3o e quita\u00e7\u00e3o de d\u00edvidas, diante do contexto de elevado endividamento familiar no pa\u00eds. Assim, para 2023 como um todo, a expectativa \u00e9 de que o setor mostre crescimento de 3,2% ante 2022\u201d, afirma Beraldi.<\/span><\/p>\n","protected":false},"excerpt":{"rendered":"<p>O \u00edndice inicia o segundo semestre de 2023 em crescimento, mas ainda apresentando diferen\u00e7as significativas entre o desempenho dos grandes setores do mercado.<\/p>\n","protected":false},"author":10,"featured_media":16473,"comment_status":"closed","ping_status":"closed","sticky":false,"template":"","format":"standard","meta":{"footnotes":""},"categories":[418],"tags":[],"class_list":["post-16684","post","type-post","status-publish","format-standard","has-post-thumbnail","hentry","category-relatorio-iode"],"_links":{"self":[{"href":"https:\/\/www.omie.com.br\/blog\/wp-json\/wp\/v2\/posts\/16684","targetHints":{"allow":["GET"]}}],"collection":[{"href":"https:\/\/www.omie.com.br\/blog\/wp-json\/wp\/v2\/posts"}],"about":[{"href":"https:\/\/www.omie.com.br\/blog\/wp-json\/wp\/v2\/types\/post"}],"author":[{"embeddable":true,"href":"https:\/\/www.omie.com.br\/blog\/wp-json\/wp\/v2\/users\/10"}],"replies":[{"embeddable":true,"href":"https:\/\/www.omie.com.br\/blog\/wp-json\/wp\/v2\/comments?post=16684"}],"version-history":[{"count":2,"href":"https:\/\/www.omie.com.br\/blog\/wp-json\/wp\/v2\/posts\/16684\/revisions"}],"predecessor-version":[{"id":16732,"href":"https:\/\/www.omie.com.br\/blog\/wp-json\/wp\/v2\/posts\/16684\/revisions\/16732"}],"wp:featuredmedia":[{"embeddable":true,"href":"https:\/\/www.omie.com.br\/blog\/wp-json\/wp\/v2\/media\/16473"}],"wp:attachment":[{"href":"https:\/\/www.omie.com.br\/blog\/wp-json\/wp\/v2\/media?parent=16684"}],"wp:term":[{"taxonomy":"category","embeddable":true,"href":"https:\/\/www.omie.com.br\/blog\/wp-json\/wp\/v2\/categories?post=16684"},{"taxonomy":"post_tag","embeddable":true,"href":"https:\/\/www.omie.com.br\/blog\/wp-json\/wp\/v2\/tags?post=16684"}],"curies":[{"name":"wp","href":"https:\/\/api.w.org\/{rel}","templated":true}]}}