{"id":16700,"date":"2024-01-24T11:49:58","date_gmt":"2024-01-24T14:49:58","guid":{"rendered":"https:\/\/www.omie.com.br\/blog\/?p=16700"},"modified":"2024-12-19T18:25:41","modified_gmt":"2024-12-19T21:25:41","slug":"pequenas-e-medias-empresas-crescem-69-em-setembro","status":"publish","type":"post","link":"https:\/\/www.omie.com.br\/blog\/pequenas-e-medias-empresas-crescem-69-em-setembro\/","title":{"rendered":"Pequenas e m\u00e9dias empresas crescem 6,9% em setembro"},"content":{"rendered":"<ul>\n<li style=\"font-weight: 400;\" aria-level=\"1\"><i><span style=\"font-weight: 400;\">Crescimento do mercado foi sustentado pelas PMEs da Ind\u00fastria (+16,8%) e de Servi\u00e7os (+5,6%)<\/span><\/i><\/li>\n<li style=\"font-weight: 400;\" aria-level=\"1\"><i><span style=\"font-weight: 400;\">PMEs do Com\u00e9rcio mantiveram a tend\u00eancia de queda (-6,9%), j\u00e1 verificada tamb\u00e9m no decorrer dos \u00faltimos meses<\/span><\/i><\/li>\n<\/ul>\n<p><span style=\"font-weight: 400;\">Em setembro de 2023, o \u00cdndice Omie de Desempenho Econ\u00f4mico das PMEs (IODE-PMEs) mostra que a movimenta\u00e7\u00e3o financeira m\u00e9dia das pequenas e m\u00e9dias empresas (PMEs) brasileiras cresceu 6,9% na compara\u00e7\u00e3o com setembro de 2022. Com o resultado, o setor encerrou o terceiro trimestre do ano com alta de 9,4% ante o terceiro trimestre de 2022, ap\u00f3s +6,0% no segundo trimestre. No acumulado do ano at\u00e9 setembro, o \u00edndice mostra crescimento de 5,1% frente ao mesmo per\u00edodo do ano anterior.<\/span><\/p>\n<p style=\"text-align: center;\"><b><i>Figura 1: IODE-PMEs <\/i><\/b><i><span style=\"font-weight: 400;\">(N\u00famero \u00edndice \u2013 base: m\u00e9dia 2021=100)<\/span><\/i><\/p>\n<figure id=\"attachment_16701\" aria-describedby=\"caption-attachment-16701\" style=\"width: 600px\" class=\"wp-caption aligncenter\"><img fetchpriority=\"high\" decoding=\"async\" class=\"size-full wp-image-16701\" src=\"https:\/\/www.omie.com.br\/blog\/wp-content\/uploads\/2024\/01\/image2-2.png\" alt=\"\" width=\"600\" height=\"360\" title=\"\"><figcaption id=\"caption-attachment-16701\" class=\"wp-caption-text\">Fonte: IODE-PMEs (Omie)<\/figcaption><\/figure>\n<p><span style=\"font-weight: 400;\">O IODE-PMEs funciona como um term\u00f4metro econ\u00f4mico das empresas com faturamento de at\u00e9 R$ 50 milh\u00f5es anuais, consistindo no monitoramento de 678 atividades econ\u00f4micas que comp\u00f5em quatro grandes setores: Com\u00e9rcio, Ind\u00fastria, Infraestrutura e Servi\u00e7os.<\/span><\/p>\n<p><span style=\"font-weight: 400;\">Segundo Felipe Beraldi, economista e gerente de Indicadores e Estudos Econ\u00f4micos da Omie, \u201cconsiderando o desempenho do mercado de PMEs pelos grandes setores da economia, o resultado de setembro segue a mesma tend\u00eancia dos \u00faltimos meses, com o aquecimento do mercado pelos segmentos de Ind\u00fastria e Servi\u00e7os\u201d.\u00a0<\/span><\/p>\n<p><span style=\"font-weight: 400;\">A movimenta\u00e7\u00e3o financeira real das PMEs industriais avan\u00e7ou 16,8% em setembro de 2023 na compara\u00e7\u00e3o anual \u2013 nono m\u00eas consecutivo de crescimento nesta base de compara\u00e7\u00e3o. No \u00faltimo m\u00eas, o IODE=PMEs mostra que o desempenho positivo da Ind\u00fastria foi sustentado pelas atividades de \u2018Impress\u00e3o e reprodu\u00e7\u00e3o de grava\u00e7\u00f5es\u2019, \u2018Fabrica\u00e7\u00e3o de produtos aliment\u00edcios\u2019 e \u2018Fabrica\u00e7\u00e3o de produtos qu\u00edmicos\u2019.<\/span><\/p>\n<p><span style=\"font-weight: 400;\">O setor de Servi\u00e7os tamb\u00e9m vem se destacando nos \u00faltimos meses, contribuindo para a manuten\u00e7\u00e3o do crescimento do mercado de pequenas e m\u00e9dias empresas nos \u00faltimos dois trimestres. O \u00edndice aponta que a movimenta\u00e7\u00e3o financeira das PMEs de Servi\u00e7os registrou expans\u00e3o de 5,6% no \u00faltimo m\u00eas em termos anuais, avan\u00e7o sustentado por segmentos como \u2018Servi\u00e7os financeiros\u2019, \u2018Atividades administrativas e servi\u00e7os complementares\u2019 e \u2018Educa\u00e7\u00e3o\u2019.<\/span><\/p>\n<p><span style=\"font-weight: 400;\">J\u00e1 no caso do Com\u00e9rcio, o setor segue em retra\u00e7\u00e3o (-6,9%), que tem se mostrado disseminada entre as grandes categorias deste mercado (atacado e varejo). No varejo, o \u00edndice mostrou retra\u00e7\u00e3o de 10,9% no \u00faltimo m\u00eas, reflexo da redu\u00e7\u00e3o da movimenta\u00e7\u00e3o financeira real em atividades\u00a0 como \u2018Equipamentos de escrit\u00f3rio\u2019, \u2018Cal\u00e7ados\u2019 e \u2018Tintas e materiais para pintura\u2019. \u201cNa contram\u00e3o do desempenho fraco das PMEs do setor nos \u00faltimos meses, alguns segmentos altamente dependentes da evolu\u00e7\u00e3o da renda das fam\u00edlias \u2013 como o varejo de alimentos e bebidas \u2013 apresentaram crescimento no per\u00edodo\u201d, afirma Beraldi.<\/span><\/p>\n<p><span style=\"font-weight: 400;\">Por fim, o IODE-PMEs tamb\u00e9m mostrou recuo do setor de Infraestrutura no per\u00edodo (-9,7%), ap\u00f3s modesto crescimento em agosto (+2,8%), resultado que reflete a retra\u00e7\u00e3o das atividades de \u2018Obras de infraestrutura\u2019 e de \u2018\u00c1gua, esgoto, atividades de gest\u00e3o de res\u00edduos e descontamina\u00e7\u00e3o\u2019. \u201cPor outro lado, no segmento de Constru\u00e7\u00e3o, continuamos observando crescimento das PMEs de \u2018Servi\u00e7os especializados para constru\u00e7\u00e3o\u2019, que englobam desde obras de funda\u00e7\u00e3o at\u00e9 servi\u00e7os de acabamento em obras imobili\u00e1rias\u201d, diz o economista.<\/span><\/p>\n<p><span style=\"font-weight: 400;\">Beraldi explica que a recupera\u00e7\u00e3o do mercado de pequenas e m\u00e9dias empresas no pa\u00eds \u00e9 um dos fatores por tr\u00e1s do crescimento da economia dom\u00e9stica em ritmo acima do esperado pelo mercado no in\u00edcio do ano. \u201cDe toda forma, o per\u00edodo recente tem sido marcado por uma mudan\u00e7a na din\u00e2mica do mercado, com manuten\u00e7\u00e3o do crescimento de Servi\u00e7os, mas perda de \u00edmpeto do Com\u00e9rcio \u2013 ap\u00f3s um 2022 bastante positivo para o setor\u201d, afirma. \u201cEm linhas gerais, a evolu\u00e7\u00e3o da renda das fam\u00edlias, combinado com o maior controle inflacion\u00e1rio (especialmente sobre bens essenciais \u2013 como alimentos e combust\u00edveis), s\u00e3o os principais fatores por tr\u00e1s do maior dinamismo visto no mercado de PMEs nos \u00faltimos meses.\u201d<\/span><\/p>\n","protected":false},"excerpt":{"rendered":"<p>O setor das pequenas e m\u00e9dias empresas encerrou o terceiro trimestre do ano com alta de 9,4% ante o terceiro trimestre de 2022, ap\u00f3s +6,0% no segundo trimestre.<\/p>\n","protected":false},"author":10,"featured_media":16473,"comment_status":"closed","ping_status":"closed","sticky":false,"template":"","format":"standard","meta":{"footnotes":""},"categories":[418],"tags":[],"class_list":["post-16700","post","type-post","status-publish","format-standard","has-post-thumbnail","hentry","category-relatorio-iode"],"_links":{"self":[{"href":"https:\/\/www.omie.com.br\/blog\/wp-json\/wp\/v2\/posts\/16700","targetHints":{"allow":["GET"]}}],"collection":[{"href":"https:\/\/www.omie.com.br\/blog\/wp-json\/wp\/v2\/posts"}],"about":[{"href":"https:\/\/www.omie.com.br\/blog\/wp-json\/wp\/v2\/types\/post"}],"author":[{"embeddable":true,"href":"https:\/\/www.omie.com.br\/blog\/wp-json\/wp\/v2\/users\/10"}],"replies":[{"embeddable":true,"href":"https:\/\/www.omie.com.br\/blog\/wp-json\/wp\/v2\/comments?post=16700"}],"version-history":[{"count":1,"href":"https:\/\/www.omie.com.br\/blog\/wp-json\/wp\/v2\/posts\/16700\/revisions"}],"predecessor-version":[{"id":16702,"href":"https:\/\/www.omie.com.br\/blog\/wp-json\/wp\/v2\/posts\/16700\/revisions\/16702"}],"wp:featuredmedia":[{"embeddable":true,"href":"https:\/\/www.omie.com.br\/blog\/wp-json\/wp\/v2\/media\/16473"}],"wp:attachment":[{"href":"https:\/\/www.omie.com.br\/blog\/wp-json\/wp\/v2\/media?parent=16700"}],"wp:term":[{"taxonomy":"category","embeddable":true,"href":"https:\/\/www.omie.com.br\/blog\/wp-json\/wp\/v2\/categories?post=16700"},{"taxonomy":"post_tag","embeddable":true,"href":"https:\/\/www.omie.com.br\/blog\/wp-json\/wp\/v2\/tags?post=16700"}],"curies":[{"name":"wp","href":"https:\/\/api.w.org\/{rel}","templated":true}]}}