{"id":16939,"date":"2024-01-31T16:10:39","date_gmt":"2024-01-31T19:10:39","guid":{"rendered":"https:\/\/www.omie.com.br\/blog\/?p=16939"},"modified":"2024-01-31T16:10:39","modified_gmt":"2024-01-31T19:10:39","slug":"faturamento-real-de-pmes-registra-alta-de-19-em-2022-e-deve-manter-avanco-timido-em-2023","status":"publish","type":"post","link":"https:\/\/www.omie.com.br\/blog\/faturamento-real-de-pmes-registra-alta-de-19-em-2022-e-deve-manter-avanco-timido-em-2023\/","title":{"rendered":"Faturamento real de PMEs registra alta de 1,9% em 2022 e deve manter avan\u00e7o t\u00edmido em 2023"},"content":{"rendered":"<ul>\n<li>Proje\u00e7\u00f5es do \u00edndice apontam crescimento de 1,5% para 2023<\/li>\n<li>Em 2022, desempenho foi puxado por avan\u00e7o no Com\u00e9rcio (+5,5%), na Ind\u00fastria (+2,1%) e no Agro (+16,7%), em compara\u00e7\u00e3o com 2021<\/li>\n<li>Servi\u00e7os tamb\u00e9m avan\u00e7am em 2022 (+0,9%), mas resultados do segundo semestre indicam desacelera\u00e7\u00e3o do setor<\/li>\n<\/ul>\n<p><strong>Janeiro de 2023 &#8211;<\/strong>\u00a0O \u00cdndice Omie de Desempenho Econ\u00f4mico das PMEs (IODE-PMEs) indica que a movimenta\u00e7\u00e3o financeira real m\u00e9dia das pequenas e m\u00e9dias empresas (PMEs) brasileiras registrou expans\u00e3o de 1,9% em 2022. O \u00edndice funciona como um term\u00f4metro econ\u00f4mico das empresas com faturamento de at\u00e9 R$ 50 milh\u00f5es anuais, feito com base no monitoramento de 692 atividades econ\u00f4micas, que comp\u00f5em cinco grandes setores: Agropecu\u00e1rio, Com\u00e9rcio, Ind\u00fastria, Infraestrutura e Servi\u00e7os.<\/p>\n<div>\n<p class=\"mb-5\" style=\"text-align: center;\"><strong>Figura 1: IODE-PMEs<\/strong><br \/>\n<small>(N\u00famero \u00edndice &#8211; base: m\u00e9dia 2019=100)<\/small><\/p>\n<figure id=\"attachment_16940\" aria-describedby=\"caption-attachment-16940\" style=\"width: 512px\" class=\"wp-caption aligncenter\"><img fetchpriority=\"high\" decoding=\"async\" class=\"size-full wp-image-16940\" src=\"https:\/\/www.omie.com.br\/blog\/wp-content\/uploads\/2024\/01\/figura1-faturamento-real-de-pmes-registra-alta-em-2022-e-deve-manter-avanco-timido-em-2023.png\" alt=\"\" width=\"512\" height=\"307\" title=\"\"><figcaption id=\"caption-attachment-16940\" class=\"wp-caption-text\">Fonte: IODE-PMEs (Omie)<\/figcaption><\/figure>\n<p>Segundo Felipe Beraldi, gerente de Indicadores e Estudos Econ\u00f4micos da Omie, plataforma de gest\u00e3o (ERP) na nuvem, o mercado de PMEs foi favorecido em 2022 pelo maior controle da pandemia de covid-19 e os consequentes efeitos mais moderados na economia, em compara\u00e7\u00e3o ao observado no bi\u00eanio 2020-2021. \u201cAl\u00e9m disso, incentivos fiscais, como a manuten\u00e7\u00e3o e amplia\u00e7\u00e3o do Aux\u00edlio Brasil, foram determinantes na sustenta\u00e7\u00e3o do consumo, em meio a um mercado de trabalho em recupera\u00e7\u00e3o e \u00e0 trajet\u00f3ria de alta da taxa b\u00e1sica de juros para conter a infla\u00e7\u00e3o\u201d, explica.<\/p>\n<p>Do ponto de vista setorial, o crescimento do IODE-PMEs em 2022 foi condicionado pelo avan\u00e7o da movimenta\u00e7\u00e3o financeira real no Com\u00e9rcio (+5,5% ante 2021), na Ind\u00fastria (+2,1%) e no setor Agropecu\u00e1rio (+16,7%), sendo que parte do crescimento neste \u00faltimo segmento reflete a fraca base de compara\u00e7\u00e3o do ano anterior.<\/p>\n<div>\n<p class=\"mb-5\"><strong>Figura 2: IODE-PMEs \u2013 aberturas setoriais<\/strong><br \/>\n<small>(N\u00famero \u00edndice &#8211; base: m\u00e9dia 2019=100)<\/small><\/p>\n<p><img decoding=\"async\" class=\"aligncenter size-full wp-image-16941\" src=\"https:\/\/www.omie.com.br\/blog\/wp-content\/uploads\/2024\/01\/figura2-faturamento-real-de-pmes-registra-alta-em-2022-e-deve-manter-avanco-timido-em-2023.png\" alt=\"\" width=\"512\" height=\"259\" title=\"\"><\/p>\n<p>No Com\u00e9rcio, o crescimento foi puxado pelo avan\u00e7o das PMEs do setor varejista (+7,6% ante 2021), enquanto o segmento atacadista avan\u00e7ou de modo mais modesto (+5,9%). Por outro lado, o segmento de \u2018com\u00e9rcio e repara\u00e7\u00e3o de ve\u00edculos\u2019 encerrou o ano apresentando retra\u00e7\u00e3o (-6,7%). J\u00e1 na Ind\u00fastria, o crescimento das pequenas e m\u00e9dias empresas foi condicionado pela retomada de alguns segmentos de transforma\u00e7\u00e3o, como produtos qu\u00edmicos, t\u00eaxteis, fabrica\u00e7\u00e3o de autope\u00e7as e prepara\u00e7\u00e3o de couros e fabrica\u00e7\u00e3o de artefatos de couro, artigos para viagem e cal\u00e7ados.<\/p>\n<p>O setor de Servi\u00e7os, por sua vez, tamb\u00e9m avan\u00e7ou em 2022, ainda que discretamente (+0,9% ante 2021). A respeito dos principais segmentos, os destaques positivos em 2022 foram os servi\u00e7os de \u2018alojamento e alimenta\u00e7\u00e3o\u2019, educa\u00e7\u00e3o e \u2018atividades financeiras e servi\u00e7os relacionados\u2019.<\/p>\n<p>A recupera\u00e7\u00e3o do setor de Servi\u00e7os ocorreu de modo mais claro a partir do segundo semestre de 2021, especialmente com o maior controle da covid-19 no pa\u00eds e a volta da presta\u00e7\u00e3o de servi\u00e7os presenciais. De toda forma, o segmento j\u00e1 tem apresentado, nos \u00faltimos meses, os efeitos do ambiente macroecon\u00f4mico mais adverso, com subida de juros e queda da confian\u00e7a do consumidor. Por conta disso, ap\u00f3s um primeiro semestre ainda no campo positivo, as PMEs do setor desaceleraram nos \u00faltimos meses, tendo encerrado o quarto trimestre de 2022 com ligeira queda (-0,3%, segundo dados do IODE-Servi\u00e7os).<\/p>\n<p>O \u00fanico setor das PMEs que apresentou retra\u00e7\u00e3o em 2022 foi o de Infraestrutura (-0,9% ante 2021). Na constru\u00e7\u00e3o civil, houve continuidade do crescimento do segmento de \u2018Servi\u00e7os especializados para a constru\u00e7\u00e3o\u2019 \u2013 registrada nos \u00faltimos anos, que abre espa\u00e7o para diversos servi\u00e7os especializados auxiliares de pequenas e m\u00e9dias empresas. Por outro lado, a atividade de \u2018Constru\u00e7\u00e3o de edif\u00edcios\u2019, em si, voltou a apresentar retra\u00e7\u00e3o, possivelmente refletindo os efeitos do aumento da taxa b\u00e1sica de juros no decorrer do ano anterior. Al\u00e9m disso, tamb\u00e9m foi observada retra\u00e7\u00e3o no segmento de \u2018\u00c1gua, esgoto, atividades de gest\u00e3o de res\u00edduos e descontamina\u00e7\u00e3o\u2019.<\/p>\n<p>O IODE-PMEs tamb\u00e9m permite a avalia\u00e7\u00e3o do mercado de modo regionalizado. Por esse \u00e2ngulo, observamos que o crescimento das PMEs em 2022 foi sustentado pelo avan\u00e7o dos neg\u00f3cios nas regi\u00f5es Sudeste (+4,3% ante 2021), Sul (+6,1%) e Centro-Oeste (+7,9%). Por outro lado, houve retra\u00e7\u00e3o da movimenta\u00e7\u00e3o financeira real m\u00e9dia nas regi\u00f5es Nordeste (-2,1% ante 2021) e Norte (-10,3%).<\/p>\n<p><strong>Empreendedores enfrentar\u00e3o novos desafios em 2023<\/strong><\/p>\n<p>De modo geral, o mercado espera uma desacelera\u00e7\u00e3o da atividade econ\u00f4mica brasileira em 2023 \u2013 o que j\u00e1 vem sendo apontado pelos indicadores de alta frequ\u00eancia nos \u00faltimos meses, inclusive pelo IODE-PMEs \u2014, que mostrou relevante perda de f\u00f4lego no \u00faltimo trimestre de 2022. Segundo o boletim Focus do Banco Central, a mediana das estimativas do mercado indica crescimento de +0,8% do PIB brasileiro em 2023, ap\u00f3s expectativa de +3% em 2022.<\/p>\n<p>O principal componente do cen\u00e1rio s\u00e3o as incertezas relacionadas com a condu\u00e7\u00e3o da pol\u00edtica fiscal no pa\u00eds. \u201cDiante da posse da nova equipe econ\u00f4mica, o mercado assiste com cautela os detalhes do plano de equil\u00edbrio fiscal do governo, em meio ao an\u00fancio de expans\u00e3o de gastos. Apesar de se tratar de uma quest\u00e3o macroecon\u00f4mica que, muitas vezes, parece distante de um pequeno empreendedor, os efeitos de uma pol\u00edtica n\u00e3o respons\u00e1vel podem ter reflexos r\u00e1pidos sobre toda a economia\u201d, ressalta Beraldi.<\/p>\n<p>O efeito mais imediato deste contexto \u00e9 o aumento das expectativas de infla\u00e7\u00e3o dos agentes e, consequentemente, a posterga\u00e7\u00e3o da invers\u00e3o da taxa b\u00e1sica de juros \u2013 instrumento do Banco Central para controle da infla\u00e7\u00e3o. Encargos mais elevados encarecem a tomada de cr\u00e9dito, penalizando a evolu\u00e7\u00e3o do consumo e dos investimentos, com reflexos diretos sobre os neg\u00f3cios das PMEs.<\/p>\n<p>Mesmo que em desacelera\u00e7\u00e3o, a atividade econ\u00f4mica brasileira deve manter a expans\u00e3o no curto prazo, reflexo do impulso fiscal (manuten\u00e7\u00e3o do pagamento dos aux\u00edlios de renda) e da recupera\u00e7\u00e3o da massa de renda real do trabalho \u2013 combina\u00e7\u00e3o da melhora do mercado de trabalho com as press\u00f5es inflacion\u00e1rias um pouco mais contidas nos \u00faltimos meses, mesmo com o cen\u00e1rio econ\u00f4mico global conturbado.<\/p>\n<p>O IODE-PMEs indica um crescimento de 1,5% em 2023, com perspectivas positivas, especialmente para as atividades dos setores Agropecu\u00e1rio, Com\u00e9rcio e Servi\u00e7os. Por outro lado, as taxas de juros elevadas devem impedir um crescimento mais substancial do consumo das fam\u00edlias, com reflexos diretos sobre o Com\u00e9rcio e os Servi\u00e7os. Assim, a tend\u00eancia de desacelera\u00e7\u00e3o j\u00e1 observada no IODE-Servi\u00e7os nos \u00faltimos meses tende a se consolidar no curto prazo, enquanto o IODE-Com\u00e9rcio tamb\u00e9m deve passar a mostrar taxas de crescimento mais modestas a partir do primeiro trimestre de 2023.<\/p>\n<p>\u201cDiante do cen\u00e1rio econ\u00f4mico desafiador em todo o mundo no contexto \u2018p\u00f3s-pandemia\u2019, \u00e9 de suma import\u00e2ncia que a nova equipe econ\u00f4mica apresente um plano de equil\u00edbrio fiscal com regras claras, que aumentem a estabilidade e a previsibilidade nos campos pol\u00edtico e econ\u00f4mico. Al\u00e9m disso, a aprova\u00e7\u00e3o de uma reforma tribut\u00e1ria eficiente, que simplifique e distribua a carga de modo justo, tamb\u00e9m tem potencial para acelerar o crescimento econ\u00f4mico do pa\u00eds nos pr\u00f3ximos anos\u201d, afirma o especialista.<\/p>\n<\/div>\n<\/div>\n","protected":false},"excerpt":{"rendered":"<p>O \u00cdndice Omie de Desempenho Econ\u00f4mico das PMEs (IODE-PMEs) indica que a movimenta\u00e7\u00e3o financeira real m\u00e9dia das pequenas e m\u00e9dias empresas (PMEs) brasileiras registrou expans\u00e3o de 1,9% em 2022<\/p>\n","protected":false},"author":10,"featured_media":16473,"comment_status":"closed","ping_status":"closed","sticky":false,"template":"","format":"standard","meta":{"footnotes":""},"categories":[418],"tags":[],"class_list":["post-16939","post","type-post","status-publish","format-standard","has-post-thumbnail","hentry","category-relatorio-iode"],"_links":{"self":[{"href":"https:\/\/www.omie.com.br\/blog\/wp-json\/wp\/v2\/posts\/16939","targetHints":{"allow":["GET"]}}],"collection":[{"href":"https:\/\/www.omie.com.br\/blog\/wp-json\/wp\/v2\/posts"}],"about":[{"href":"https:\/\/www.omie.com.br\/blog\/wp-json\/wp\/v2\/types\/post"}],"author":[{"embeddable":true,"href":"https:\/\/www.omie.com.br\/blog\/wp-json\/wp\/v2\/users\/10"}],"replies":[{"embeddable":true,"href":"https:\/\/www.omie.com.br\/blog\/wp-json\/wp\/v2\/comments?post=16939"}],"version-history":[{"count":1,"href":"https:\/\/www.omie.com.br\/blog\/wp-json\/wp\/v2\/posts\/16939\/revisions"}],"predecessor-version":[{"id":16942,"href":"https:\/\/www.omie.com.br\/blog\/wp-json\/wp\/v2\/posts\/16939\/revisions\/16942"}],"wp:featuredmedia":[{"embeddable":true,"href":"https:\/\/www.omie.com.br\/blog\/wp-json\/wp\/v2\/media\/16473"}],"wp:attachment":[{"href":"https:\/\/www.omie.com.br\/blog\/wp-json\/wp\/v2\/media?parent=16939"}],"wp:term":[{"taxonomy":"category","embeddable":true,"href":"https:\/\/www.omie.com.br\/blog\/wp-json\/wp\/v2\/categories?post=16939"},{"taxonomy":"post_tag","embeddable":true,"href":"https:\/\/www.omie.com.br\/blog\/wp-json\/wp\/v2\/tags?post=16939"}],"curies":[{"name":"wp","href":"https:\/\/api.w.org\/{rel}","templated":true}]}}