{"id":17059,"date":"2024-02-02T16:16:09","date_gmt":"2024-02-02T19:16:09","guid":{"rendered":"https:\/\/www.omie.com.br\/blog\/?p=17059"},"modified":"2024-02-02T16:16:09","modified_gmt":"2024-02-02T19:16:09","slug":"programa-de-capacitacao-empreendedora-da-omie-prorroga-gratuidade-nos-cursos","status":"publish","type":"post","link":"https:\/\/www.omie.com.br\/blog\/programa-de-capacitacao-empreendedora-da-omie-prorroga-gratuidade-nos-cursos\/","title":{"rendered":"Programa de capacita\u00e7\u00e3o empreendedora da Omie prorroga gratuidade nos cursos"},"content":{"rendered":"<p><strong>Abril, 2021<\/strong>\u00a0&#8211; A Omie &#8211; plataforma de gest\u00e3o em nuvem n\u00famero um para PMEs &#8211; prorrogou a gratuidade no acesso aos cursos da\u00a0<a href=\"https:\/\/academy.omie.com.br\/\" target=\"_blank\" rel=\"noopener\">Omie.Academy<\/a>. O bra\u00e7o educacional, voltado para apoiar contadores e empreendedores, tem como objetivo ajudar as PMEs na retomada de seus neg\u00f3cios e oferece conte\u00fados de contabilidade, administra\u00e7\u00e3o, finan\u00e7as, comunica\u00e7\u00e3o, marketing, gest\u00e3o, neg\u00f3cios, vendas e fideliza\u00e7\u00e3o.<\/p>\n<p>A a\u00e7\u00e3o come\u00e7ou em mar\u00e7o de 2020 em meio \u00e0 crise provocada pelo novo coronav\u00edrus, quando a Omie decidiu disponibilizar gratuitamente todos os cursos da plataforma para incentivar o desenvolvimento profissional. Os cursos de\u00a0<strong>Comunica\u00e7\u00e3o e Orat\u00f3ria<\/strong>,\u00a0<strong>Business Process Outsourcing (BPO)<\/strong>,\u00a0<strong>LinkedIn<\/strong>,\u00a0<strong>Lideran\u00e7a e Gest\u00e3o de Pessoas<\/strong>\u00a0e\u00a0<strong>Programa\u00e7\u00e3o Neurolingu\u00edstica (PNL)<\/strong>\u00a0s\u00e3o os mais populares da plataforma, com mais de 535 mil acessos.<\/p>\n<p>\u201cProrrogar o prazo de gratuidade dos cursos \u00e9 uma forma de unir nossos esfor\u00e7os ao dos contadores e empreendedores nesse momento de pandemia, assim, quando isso tudo passar, todos sairemos mais fortalecidos\u201d, afirma Marcelo Lombardo, CEO da Omie.<\/p>\n<p>Criada em 2018, a Omie.Academy surgiu com o objetivo de auxiliar empreendedores e contadores a trilharem jornadas educacionais de sucesso e a desenvolverem novas habilidades por meio de conte\u00fado pr\u00e1tico e valores acess\u00edveis. Desde ent\u00e3o, a iniciativa j\u00e1 ajudou cerca de\u00a0<strong>30 mil pessoas<\/strong>. No \u00faltimo ano, cresceu 700% e, de mar\u00e7o a dezembro, emitiu mais de 5 mil certificados.<\/p>\n<p>\u201cAuxiliar nossos clientes e pequenos e m\u00e9dios empres\u00e1rios na retomada de seus neg\u00f3cios por meio da capacita\u00e7\u00e3o faz parte do prop\u00f3sito da Omie, que \u00e9 trazer prosperidade para o ecossistema empreendedor brasileiro\u201d, finaliza Lombardo.<\/p>\n","protected":false},"excerpt":{"rendered":"<p>Omie.Academy, bra\u00e7o educacional da plataforma de gest\u00e3o em nuvem, segue com oferecimento de cursos sem custo para apoiar PMEs na retomada de seus neg\u00f3cios<\/p>\n","protected":false},"author":10,"featured_media":16316,"comment_status":"closed","ping_status":"closed","sticky":false,"template":"","format":"standard","meta":{"footnotes":""},"categories":[406],"tags":[],"class_list":["post-17059","post","type-post","status-publish","format-standard","has-post-thumbnail","hentry","category-imprensa"],"_links":{"self":[{"href":"https:\/\/www.omie.com.br\/blog\/wp-json\/wp\/v2\/posts\/17059","targetHints":{"allow":["GET"]}}],"collection":[{"href":"https:\/\/www.omie.com.br\/blog\/wp-json\/wp\/v2\/posts"}],"about":[{"href":"https:\/\/www.omie.com.br\/blog\/wp-json\/wp\/v2\/types\/post"}],"author":[{"embeddable":true,"href":"https:\/\/www.omie.com.br\/blog\/wp-json\/wp\/v2\/users\/10"}],"replies":[{"embeddable":true,"href":"https:\/\/www.omie.com.br\/blog\/wp-json\/wp\/v2\/comments?post=17059"}],"version-history":[{"count":2,"href":"https:\/\/www.omie.com.br\/blog\/wp-json\/wp\/v2\/posts\/17059\/revisions"}],"predecessor-version":[{"id":17061,"href":"https:\/\/www.omie.com.br\/blog\/wp-json\/wp\/v2\/posts\/17059\/revisions\/17061"}],"wp:featuredmedia":[{"embeddable":true,"href":"https:\/\/www.omie.com.br\/blog\/wp-json\/wp\/v2\/media\/16316"}],"wp:attachment":[{"href":"https:\/\/www.omie.com.br\/blog\/wp-json\/wp\/v2\/media?parent=17059"}],"wp:term":[{"taxonomy":"category","embeddable":true,"href":"https:\/\/www.omie.com.br\/blog\/wp-json\/wp\/v2\/categories?post=17059"},{"taxonomy":"post_tag","embeddable":true,"href":"https:\/\/www.omie.com.br\/blog\/wp-json\/wp\/v2\/tags?post=17059"}],"curies":[{"name":"wp","href":"https:\/\/api.w.org\/{rel}","templated":true}]}}