{"id":17121,"date":"2024-02-06T15:07:51","date_gmt":"2024-02-06T18:07:51","guid":{"rendered":"https:\/\/www.omie.com.br\/blog\/?p=17121"},"modified":"2024-02-06T15:07:51","modified_gmt":"2024-02-06T18:07:51","slug":"trevisan-escola-de-negocios-e-omie-lancam-mba-em-contabilidade-digital","status":"publish","type":"post","link":"https:\/\/www.omie.com.br\/blog\/trevisan-escola-de-negocios-e-omie-lancam-mba-em-contabilidade-digital\/","title":{"rendered":"Trevisan Escola de Neg\u00f3cios e Omie lan\u00e7am MBA em contabilidade digital"},"content":{"rendered":"<p><strong>S\u00e3o Paulo, maio de 2021<\/strong>\u00a0&#8211; Uma das \u00e1reas mais tradicionais da economia, a Contabilidade vem passando por um profundo processo de transforma\u00e7\u00e3o digital ao longo dos \u00faltimos anos. Gra\u00e7as \u00e0 tecnologia, o trabalho do contador deixou de ser um processo prioritariamente mec\u00e2nico e tornou-se muito mais anal\u00edtico e estrat\u00e9gico para as empresas. \u00c9 neste contexto que surge o MBA em Gest\u00e3o Digital Cont\u00e1bil, de formato in\u00e9dito no mercado, unindo a tradi\u00e7\u00e3o da Trevisan com as solu\u00e7\u00f5es tecnol\u00f3gicas da Omie.<\/p>\n<p>O MBA \u00e9 um curso com 374 horas, ministrado em 15 meses, na modalidade online. As aulas s\u00e3o gravadas, dispon\u00edveis 24 horas, 7 dias por semana. \u00c9 voltado a contadores, auditores, empres\u00e1rios e p\u00fablico interessado em moderniza\u00e7\u00e3o de escrit\u00f3rios cont\u00e1beis e Contabilidade 4.0. Al\u00e9m das disciplinas de Contabilidade e Controladoria, a matriz do curso apresenta um m\u00f3dulo bastante atual que destaca o novo mindset dos escrit\u00f3rios cont\u00e1beis.<\/p>\n<p>Essa necessidade de moderniza\u00e7\u00e3o e atualiza\u00e7\u00e3o para tornar os escrit\u00f3rios cont\u00e1beis ainda mais competitivos e preparados para atuarem na Economia 4.0 nasceu a partir das ideias de dois vision\u00e1rios nesse mercado: Antoninho Trevisan e Marcelo Lombardo. Quem conhece o fundador da Trevisan Escola de Neg\u00f3cios logo associa o sobrenome ao pioneirismo, \u00e0 contabilidade de primeira linha e \u00e0 capacidade, como estudioso da \u00e1rea, de transmitir conhecimento de forma simples.<\/p>\n<p>\u201cHoje, na contabilidade, do analista ao CFO (principal executivo da \u00e1rea financeira), todos t\u00eam uma grande oportunidade de tornar seu papel mais estrat\u00e9gico, ampliando a capacidade de an\u00e1lises de cen\u00e1rios complexos\u201d, afirma Trevisan. &#8220;No passado, o trabalho do contador era muito mec\u00e2nico e sobrava pouco tempo para que ele olhasse e cuidasse de quest\u00f5es estrat\u00e9gicas. A tecnologia foi, \u00e9, e ser\u00e1 a grande arma da contabilidade que permite agora que o profissional seja um analista, mas sobretudo um estrategista, que diz para onde a empresa deve ir. &#8221;<\/p>\n<p>J\u00e1 Marcelo Lombardo fundou a Omie em 2013, com a proposta de um ERP na nuvem que introduziu uma s\u00e9rie de inova\u00e7\u00f5es no dia a dia dos contadores, tornando esses profissionais os principais embaixadores da marca.<\/p>\n<p>&#8220;Esta parceria chega para fortalecer ainda mais um dos pilares da Omie, que \u00e9 a educa\u00e7\u00e3o. Agora, contadores e profissionais de contabilidade ter\u00e3o acesso ao primeiro MBA de contabilidade digital do Brasil. O que d\u00e1 um refor\u00e7o maior para os conte\u00fados dos cursos oferecidos pela Omie.Academy, nosso bra\u00e7o educacional voltado para apoiar contadores e empreendedores a trilharem jornadas educacionais de sucesso e a desenvolverem novas habilidades\u201d, conta Marcelo Lombardo, CEO e cofundador da Omie.<\/p>\n","protected":false},"excerpt":{"rendered":"<p>Duas grandes marcas se unem e criam programa com foco em inova\u00e7\u00e3o, moderniza\u00e7\u00e3o e atualiza\u00e7\u00e3o para a economia 4.0<\/p>\n","protected":false},"author":10,"featured_media":16490,"comment_status":"closed","ping_status":"closed","sticky":false,"template":"","format":"standard","meta":{"footnotes":""},"categories":[406],"tags":[],"class_list":["post-17121","post","type-post","status-publish","format-standard","has-post-thumbnail","hentry","category-imprensa"],"_links":{"self":[{"href":"https:\/\/www.omie.com.br\/blog\/wp-json\/wp\/v2\/posts\/17121","targetHints":{"allow":["GET"]}}],"collection":[{"href":"https:\/\/www.omie.com.br\/blog\/wp-json\/wp\/v2\/posts"}],"about":[{"href":"https:\/\/www.omie.com.br\/blog\/wp-json\/wp\/v2\/types\/post"}],"author":[{"embeddable":true,"href":"https:\/\/www.omie.com.br\/blog\/wp-json\/wp\/v2\/users\/10"}],"replies":[{"embeddable":true,"href":"https:\/\/www.omie.com.br\/blog\/wp-json\/wp\/v2\/comments?post=17121"}],"version-history":[{"count":2,"href":"https:\/\/www.omie.com.br\/blog\/wp-json\/wp\/v2\/posts\/17121\/revisions"}],"predecessor-version":[{"id":17123,"href":"https:\/\/www.omie.com.br\/blog\/wp-json\/wp\/v2\/posts\/17121\/revisions\/17123"}],"wp:featuredmedia":[{"embeddable":true,"href":"https:\/\/www.omie.com.br\/blog\/wp-json\/wp\/v2\/media\/16490"}],"wp:attachment":[{"href":"https:\/\/www.omie.com.br\/blog\/wp-json\/wp\/v2\/media?parent=17121"}],"wp:term":[{"taxonomy":"category","embeddable":true,"href":"https:\/\/www.omie.com.br\/blog\/wp-json\/wp\/v2\/categories?post=17121"},{"taxonomy":"post_tag","embeddable":true,"href":"https:\/\/www.omie.com.br\/blog\/wp-json\/wp\/v2\/tags?post=17121"}],"curies":[{"name":"wp","href":"https:\/\/api.w.org\/{rel}","templated":true}]}}