{"id":17128,"date":"2024-02-06T15:18:52","date_gmt":"2024-02-06T18:18:52","guid":{"rendered":"https:\/\/www.omie.com.br\/blog\/?p=17128"},"modified":"2024-07-30T11:52:25","modified_gmt":"2024-07-30T14:52:25","slug":"startup-oferece-cursos-gratuitos-para-desenvolvimento-de-soft-skills","status":"publish","type":"post","link":"https:\/\/www.omie.com.br\/blog\/startup-oferece-cursos-gratuitos-para-desenvolvimento-de-soft-skills\/","title":{"rendered":"Startup oferece cursos gratuitos para desenvolvimento de soft skills"},"content":{"rendered":"<p><strong>S\u00e3o Paulo, julho de 2022<\/strong>\u00a0&#8211; No ambiente corporativo, para al\u00e9m dos conhecimentos t\u00e9cnicos que formam profissionais, as soft skills tamb\u00e9m ganharam destaque. Essas habilidades, mesmo que pessoais e comportamentais, podem ser aperfei\u00e7oadas por meio de capacita\u00e7\u00f5es que visam o autodesenvolvimento em diversos segmentos. Um\u00a0<a href=\"https:\/\/www.mckinsey.com\/featured-insights\/future-of-work\/five-fifty-soft-skills-for-a-hard-world\" target=\"_blank\" rel=\"noopener\">relat\u00f3rio de insights<\/a>\u00a0da McKinsey apontou que os profissionais de RH reportam dificuldades em recrutar candidatos que tenham habilidades como solu\u00e7\u00e3o de problemas, pensamento cr\u00edtico, inova\u00e7\u00e3o, criatividade e comunica\u00e7\u00e3o.<\/p>\n<p>Para quem busca capacita\u00e7\u00e3o de habilidades pessoais, que podem contribuir no \u00e2mbito profissional, a\u00a0<a href=\"https:\/\/academy.omie.com.br\/?utm_source=site-academy&amp;utm_medium=site&amp;utm_campaign=comunicacoes-imprensa&amp;utm_content=\" target=\"_blank\" rel=\"noopener\">Omie.Academy<\/a>, pilar educacional da Omie, plataforma de gest\u00e3o (ERP) na nuvem, disponibiliza diversos cursos gratuitos, online e com certifica\u00e7\u00e3o, dentre eles o lan\u00e7amento Plano de Carreira &amp; Autoconhecimento, dispon\u00edvel a partir deste m\u00eas. Confira abaixo:<\/p>\n<p class=\"mt-5\"><strong><a href=\"https:\/\/academy.omie.com.br\/app\/gestao-e-negocios\/plano-de-carreira-autoconhecimento\/teaser-curso-plano-de-carreira-e-autoc\" target=\"_blank\" rel=\"noopener\">Plano de Carreira &amp; Autoconhecimento<\/a><\/strong><\/p>\n<p>O autoconhecimento profissional \u00e9 essencial para que cada pessoa entenda mais sobre si e conhe\u00e7a suas habilidades, compet\u00eancias e dificuldades para desenvolver a pr\u00f3pria carreira. Neste curso, com carga hor\u00e1ria de 20h, Edgar Luna, especialista em relacionamento profissional e gerente de Sucesso do Contador da Omie, desvenda a import\u00e2ncia do autoconhecimento e apresenta ferramentas de autogest\u00e3o e conceitos para aprimorar o autodesenvolvimento e criar um plano concreto de carreira.<\/p>\n<p class=\"mt-5\"><strong><a href=\"https:\/\/academy.omie.com.br\/app\/administracao-e-financas\/carreira-e-vida-pessoal-como-equilibrar\" target=\"_blank\" rel=\"noopener\">Carreira e Vida Pessoal &#8211; Como equilibrar?<\/a><\/strong><\/p>\n<p>Equilibrar a vida pessoal e profissional pode n\u00e3o ser uma tarefa f\u00e1cil na rotina corrida. Este curso auxilia na implanta\u00e7\u00e3o de pr\u00e1ticas para uma gest\u00e3o saud\u00e1vel do tempo. Para isso, direciona as prioridades, passando pela etapa de autoconhecimento, para, ent\u00e3o, definir seus desejos e sonhos. Al\u00e9m disso, apresenta formas de planejar uma rotina equilibrada e adequada \u00e0s necessidades individuais. O curso possui carga hor\u00e1ria de 20 horas.<\/p>\n<p class=\"mt-5\"><strong><a href=\"https:\/\/academy.omie.com.br\/app\/administracao-e-financas\/financas-pessoais\" target=\"_blank\" rel=\"noopener\">Finan\u00e7as Pessoais<\/a><\/strong><\/p>\n<p>A sa\u00fade das nossas finan\u00e7as pessoais \u00e9 fundamental para tranquilidade e felicidade. A raz\u00e3o \u00e9 simples, mesmo que dinheiro n\u00e3o gere felicidade, sua falta pode trazer tristeza. Neste curso, Matheus Machado, mostra que para gerenciar nossas finan\u00e7as pessoais \u00e9 preciso primeiro entender nosso comportamento perante o dinheiro, para ent\u00e3o realizar investimentos e aprimorar a gest\u00e3o financeira da sua empresa.<\/p>\n<p class=\"mt-5\"><strong><a href=\"https:\/\/academy.omie.com.br\/app\/vendas-e-fidelizacao\/pnl-programacao-neurolinguistica1\" target=\"_blank\" rel=\"noopener\">Programa\u00e7\u00e3o Neurolingu\u00edstica (PNL)<\/a><\/strong><\/p>\n<p>Neste curso, Camely Rabelo, especialista em treinamentos para desenvolver estrat\u00e9gias e pr\u00e1ticas de negocia\u00e7\u00e3o e vendas, apresenta o que \u00e9 Programa\u00e7\u00e3o Neurolingu\u00edstica (PNL), por meio de tr\u00eas \u00f3ticas: Programa\u00e7\u00e3o, Neural e Lingu\u00edstica. Com carga hor\u00e1ria de 10h, a capacita\u00e7\u00e3o visa ajudar os alunos a identificar perfil dos consumidores, escolher as melhores estrat\u00e9gias para cada um e aplicar as t\u00e9cnicas de PNL que garantir\u00e3o o sucesso de venda.<\/p>\n<p class=\"mt-5\"><strong><a href=\"https:\/\/academy.omie.com.br\/app\/comunicacao-e-marketing\/comunicacao-e-oratoria\" target=\"_blank\" rel=\"noopener\">Comunica\u00e7\u00e3o e Orat\u00f3ria<\/a><\/strong><\/p>\n<p>O curso, ministrado por Edgar Caetano, especialista em Comunica\u00e7\u00e3o e Orat\u00f3ria e comunicador profissional com mais de 10 anos de experi\u00eancia, apresenta estrat\u00e9gias e ferramentas para desenvolver a habilidade comunicacional, estruturando-a a partir de cinco pilares da comunica\u00e7\u00e3o de sucesso: mente, voz, corpo, conte\u00fado da mensagem e apresenta\u00e7\u00e3o. A capacita\u00e7\u00e3o, com carga hor\u00e1ria de de 30h, aborda os quatro est\u00e1gios da compet\u00eancia, para entender como a pessoa lida com a comunica\u00e7\u00e3o, ferramentas e estrat\u00e9gias relacionadas \u00e0 mente, tom de voz, corpo, conte\u00fado e apresenta\u00e7\u00e3o para aumentar credibilidade e influ\u00eancia.<\/p>\n<p class=\"mt-5\"><strong><a href=\"https:\/\/academy.omie.com.br\/app\/gestao-e-negocios\/lideranca-e-gestao-de-pessoas\/teaser-curso-de-lideranca-e-gestao-de-pessoas\" target=\"_blank\" rel=\"noopener\">Lideran\u00e7a e Gest\u00e3o de Pessoas<\/a><\/strong><\/p>\n<p>O curso, com carga hor\u00e1ria de 30 horas, entrega um conte\u00fado atual e din\u00e2mico voltado para a lideran\u00e7a de equipes de alto desempenho, al\u00e9m da cria\u00e7\u00e3o do plano de carreiras, como um mapa para guiar o crescimento do profissional. Ao final do curso, o aluno estar\u00e1 apto a compreender a import\u00e2ncia do plano de carreiras como uma ferramenta essencial para guiar o desenvolvimento de seu profissional, conhecer as compet\u00eancias da lideran\u00e7a para uma gest\u00e3o de qualidade e aplicar pr\u00e1ticas de lideran\u00e7a voltada para o futuro.<\/p>\n<p class=\"mt-5\"><strong>Investindo em forma\u00e7\u00e3o qualificada e gratuita<\/strong><\/p>\n<p>A Omie.Academy \u00e9 voltada para apoiar profissionais, contadores e empreendedores nos seus neg\u00f3cios e tem como objetivo ajudar as PMEs a trilharem jornadas educacionais de sucesso, desenvolvendo novas habilidades por meio de conte\u00fado pr\u00e1tico, j\u00e1 contando com 80 mil alunos.<\/p>\n<p>A plataforma oferece mais de 600 horas de cursos e treinamentos nas \u00e1reas de gest\u00e3o, neg\u00f3cios, marketing, contabilidade, administra\u00e7\u00e3o, finan\u00e7as, comunica\u00e7\u00e3o e vendas. Todos os cursos s\u00e3o totalmente online e gratuitos, e os alunos recebem certificado ap\u00f3s o t\u00e9rmino das aulas, que podem ser feitas de acordo com o ritmo de cada um. \u201cNosso objetivo \u00e9 democratizar o acesso a conte\u00fados de qualidade e apoiar os empreendedores brasileiros por meio da capacita\u00e7\u00e3o\u201d, ressalta Kaleu.<\/p>\n<div class=\"col-12 mt-5\"><\/div>\n","protected":false},"excerpt":{"rendered":"<p>Habilidades pessoais ganharam relev\u00e2ncia para o desenvolvimento profissional. Capacita\u00e7\u00f5es da Omie.Academy s\u00e3o online e com certificado<\/p>\n","protected":false},"author":10,"featured_media":16556,"comment_status":"closed","ping_status":"closed","sticky":false,"template":"","format":"standard","meta":{"footnotes":""},"categories":[406],"tags":[],"class_list":["post-17128","post","type-post","status-publish","format-standard","has-post-thumbnail","hentry","category-imprensa"],"_links":{"self":[{"href":"https:\/\/www.omie.com.br\/blog\/wp-json\/wp\/v2\/posts\/17128","targetHints":{"allow":["GET"]}}],"collection":[{"href":"https:\/\/www.omie.com.br\/blog\/wp-json\/wp\/v2\/posts"}],"about":[{"href":"https:\/\/www.omie.com.br\/blog\/wp-json\/wp\/v2\/types\/post"}],"author":[{"embeddable":true,"href":"https:\/\/www.omie.com.br\/blog\/wp-json\/wp\/v2\/users\/10"}],"replies":[{"embeddable":true,"href":"https:\/\/www.omie.com.br\/blog\/wp-json\/wp\/v2\/comments?post=17128"}],"version-history":[{"count":2,"href":"https:\/\/www.omie.com.br\/blog\/wp-json\/wp\/v2\/posts\/17128\/revisions"}],"predecessor-version":[{"id":17130,"href":"https:\/\/www.omie.com.br\/blog\/wp-json\/wp\/v2\/posts\/17128\/revisions\/17130"}],"wp:featuredmedia":[{"embeddable":true,"href":"https:\/\/www.omie.com.br\/blog\/wp-json\/wp\/v2\/media\/16556"}],"wp:attachment":[{"href":"https:\/\/www.omie.com.br\/blog\/wp-json\/wp\/v2\/media?parent=17128"}],"wp:term":[{"taxonomy":"category","embeddable":true,"href":"https:\/\/www.omie.com.br\/blog\/wp-json\/wp\/v2\/categories?post=17128"},{"taxonomy":"post_tag","embeddable":true,"href":"https:\/\/www.omie.com.br\/blog\/wp-json\/wp\/v2\/tags?post=17128"}],"curies":[{"name":"wp","href":"https:\/\/api.w.org\/{rel}","templated":true}]}}