{"id":17178,"date":"2024-02-08T12:43:15","date_gmt":"2024-02-08T15:43:15","guid":{"rendered":"https:\/\/www.omie.com.br\/blog\/?p=17178"},"modified":"2024-02-08T12:43:15","modified_gmt":"2024-02-08T15:43:15","slug":"rafael-martins-vasconcelos-assume-como-diretor-comercial-e-de-franquias-da-omie","status":"publish","type":"post","link":"https:\/\/www.omie.com.br\/blog\/rafael-martins-vasconcelos-assume-como-diretor-comercial-e-de-franquias-da-omie\/","title":{"rendered":"Rafael Martins Vasconcelos assume como diretor Comercial e de Franquias da Omie"},"content":{"rendered":"<p><strong>Agosto de 2022<\/strong>\u00a0\u2013 A\u00a0<a href=\"https:\/\/www.omie.com.br\/\" target=\"_blank\" rel=\"noopener\">Omie<\/a>, plataforma l\u00edder de gest\u00e3o (ERP) na nuvem, anuncia Rafael Martins Vasconcelos como o novo diretor Comercial e de Franquias da empresa. O executivo vai liderar os times de Expans\u00e3o, Implanta\u00e7\u00e3o, Incuba\u00e7\u00e3o e Consultoria de Franquias.<\/p>\n<figure id=\"attachment_17179\" aria-describedby=\"caption-attachment-17179\" style=\"width: 419px\" class=\"wp-caption aligncenter\"><img fetchpriority=\"high\" decoding=\"async\" class=\"wp-image-17179 size-full\" src=\"https:\/\/www.omie.com.br\/blog\/wp-content\/uploads\/2024\/02\/rafael-martins-vasconcelos-diretor-comercial-image.png\" alt=\"Rafael Martins\" width=\"419\" height=\"278\" title=\"\"><figcaption id=\"caption-attachment-17179\" class=\"wp-caption-text\">Rafael Martins<\/figcaption><\/figure>\n<p>Rafael possui mais de 20 anos de mercado, sendo 12 no segmento de franquias. Come\u00e7ou sua carreira, aos 19 anos, na Unilever, onde assumiu seu primeiro cargo de gest\u00e3o, e passou pela Credicard e Lojas Marisa, al\u00e9m de experi\u00eancia como empreendedor. No universo de franquias, passou por empresas como Number One Idiomas e, na lideran\u00e7a de Franchising, Alpargatas, Colch\u00f5es Castor e Grupo Sorridents, onde foi respons\u00e1vel por dobrar a rede de franquias em um ano. Sua \u00faltima experi\u00eancia foi como diretor de Opera\u00e7\u00f5es de Vendas na Espa\u00e7olaser. Rafael tamb\u00e9m \u00e9 professor no curso de MBA em Gest\u00e3o de Cl\u00ednicas pela Universidade Sumar\u00e9, al\u00e9m de realizar mentorias para o franchising.<\/p>\n<p>Formado em Administra\u00e7\u00e3o de Empresas pelo Centro Universit\u00e1rio UNA, de Minas Gerais, possui um MBA em Gest\u00e3o Estrat\u00e9gica de Neg\u00f3cios pelo Ibmec e especializa\u00e7\u00e3o em Indicadores Financeiros pela ESPM.<\/p>\n<p>Dentre seus objetivos na Omie, Rafael destaca a evolu\u00e7\u00e3o de um modelo \u00fanico de franquias no Brasil. \u201cQueremos revolucionar o mercado de Franchising no Pa\u00eds, al\u00e9m de contribuir ainda mais para o fortalecimento e escalabilidade da empresa\u201d, comenta.<\/p>\n<p>Na vis\u00e3o do executivo, o mercado de Franchising tem muito potencial de crescimento. \u201cA pandemia trouxe novos formatos de comercializa\u00e7\u00e3o, o que facilitou o acesso ao investimento em novos modelos de neg\u00f3cios. Neste cen\u00e1rio, a Omie tamb\u00e9m conta com um modelo h\u00edbrido, tanto em micro quanto no padr\u00e3o, com custos mais baixos e para diversos perfis de empreendedores\u201d, complementa o novo diretor.<\/p>\n<p>Aurora Suh, Chief Revenue Officer (CRO) da Omie, comenta que a chegada do Rafael, com sua vasta experi\u00eancia no segmento de franchising, refor\u00e7a o objetivo da Omie em capilarizar cada vez mais sua atua\u00e7\u00e3o em n\u00edvel nacional por meio desse mercado. &#8220;As franquias se tornaram um dos nossos principais canais de distribui\u00e7\u00e3o. Constru\u00edmos um modelo de neg\u00f3cios s\u00f3lido e em expans\u00e3o, e trazer o Rafael somar\u00e1 esfor\u00e7os para explorarmos todo o potencial dessa vertical para alcan\u00e7ar novos patamares&#8221;, diz a CRO.<\/p>\n","protected":false},"excerpt":{"rendered":"<p>Executivo j\u00e1 passou por empresas como Lojas Marisa, Alpargatas e Espa\u00e7olaser, e chega com a miss\u00e3o de fortalecer a expans\u00e3o da Omie no mercado de Franchising<\/p>\n","protected":false},"author":10,"featured_media":16556,"comment_status":"closed","ping_status":"closed","sticky":false,"template":"","format":"standard","meta":{"footnotes":""},"categories":[406],"tags":[],"class_list":["post-17178","post","type-post","status-publish","format-standard","has-post-thumbnail","hentry","category-imprensa"],"_links":{"self":[{"href":"https:\/\/www.omie.com.br\/blog\/wp-json\/wp\/v2\/posts\/17178","targetHints":{"allow":["GET"]}}],"collection":[{"href":"https:\/\/www.omie.com.br\/blog\/wp-json\/wp\/v2\/posts"}],"about":[{"href":"https:\/\/www.omie.com.br\/blog\/wp-json\/wp\/v2\/types\/post"}],"author":[{"embeddable":true,"href":"https:\/\/www.omie.com.br\/blog\/wp-json\/wp\/v2\/users\/10"}],"replies":[{"embeddable":true,"href":"https:\/\/www.omie.com.br\/blog\/wp-json\/wp\/v2\/comments?post=17178"}],"version-history":[{"count":2,"href":"https:\/\/www.omie.com.br\/blog\/wp-json\/wp\/v2\/posts\/17178\/revisions"}],"predecessor-version":[{"id":17181,"href":"https:\/\/www.omie.com.br\/blog\/wp-json\/wp\/v2\/posts\/17178\/revisions\/17181"}],"wp:featuredmedia":[{"embeddable":true,"href":"https:\/\/www.omie.com.br\/blog\/wp-json\/wp\/v2\/media\/16556"}],"wp:attachment":[{"href":"https:\/\/www.omie.com.br\/blog\/wp-json\/wp\/v2\/media?parent=17178"}],"wp:term":[{"taxonomy":"category","embeddable":true,"href":"https:\/\/www.omie.com.br\/blog\/wp-json\/wp\/v2\/categories?post=17178"},{"taxonomy":"post_tag","embeddable":true,"href":"https:\/\/www.omie.com.br\/blog\/wp-json\/wp\/v2\/tags?post=17178"}],"curies":[{"name":"wp","href":"https:\/\/api.w.org\/{rel}","templated":true}]}}