{"id":17309,"date":"2024-02-19T11:11:46","date_gmt":"2024-02-19T14:11:46","guid":{"rendered":"https:\/\/www.omie.com.br\/blog\/?p=17309"},"modified":"2024-02-19T11:11:46","modified_gmt":"2024-02-19T14:11:46","slug":"omie-summit-contabil-2021-debate-evolucao-do-mercado-e-inovacoes-em-gestao","status":"publish","type":"post","link":"https:\/\/www.omie.com.br\/blog\/omie-summit-contabil-2021-debate-evolucao-do-mercado-e-inovacoes-em-gestao\/","title":{"rendered":"Omie Summit Cont\u00e1bil 2021 debate evolu\u00e7\u00e3o do mercado e inova\u00e7\u00f5es em gest\u00e3o"},"content":{"rendered":"<div class=\"col-12\">\n<p><strong>S\u00e3o Paulo, agosto de 2021<\/strong>\u00a0&#8211; O processo de transforma\u00e7\u00e3o digital virou necessidade nas empresas e os sistemas de gest\u00e3o na nuvem deixaram de ser tend\u00eancia para se tornarem aliados dos empreendedores. A fim de debater a evolu\u00e7\u00e3o do mercado e as inova\u00e7\u00f5es dispon\u00edveis atualmente, a\u00a0<strong>Omie<\/strong>, plataforma de gest\u00e3o em nuvem, promove, no dia 19 de agosto de forma online e gratuita, o\u00a0<strong>Summit Cont\u00e1bil<\/strong>.<\/p>\n<p>A edi\u00e7\u00e3o 2021, que tem o mote \u201cLibere o seu crescimento\u201d como tema, vai proporcionar uma imers\u00e3o aos profissionais cont\u00e1beis, al\u00e9m de refor\u00e7ar a import\u00e2ncia estrat\u00e9gica que eles desempenham nos neg\u00f3cios dos mais diversos portes e segmentos. Ser\u00e1 um dia inteiro de programa\u00e7\u00e3o dedicada a apresentar e debater as novas atualiza\u00e7\u00f5es para otimizar as tarefas di\u00e1rias dentro dos escrit\u00f3rios.<\/p>\n<p>\u201cPara a Omie, o ponto-chave para o sucesso de um neg\u00f3cio \u00e9 a rela\u00e7\u00e3o que o contador tem com o empreendedor. E isso est\u00e1 diretamente ligado ao papel que este profissional desempenha dentro do escrit\u00f3rio para uma gest\u00e3o eficiente\u201d, comenta Marcelo Lombardo, CEO &amp; Founder da Omie. \u201cE \u00e9 no Summit Cont\u00e1bil que eles podem se atualizar, entender a vis\u00e3o dos seus clientes, al\u00e9m de trocar experi\u00eancias para que aumentem cada vez mais a produtividade e efici\u00eancia nos escrit\u00f3rios.\u201d<\/p>\n<p>A Omie est\u00e1 constantemente conectada com a comunidade cont\u00e1bil, por meio de eventos, conte\u00fados, educa\u00e7\u00e3o continuada e servi\u00e7os financeiros, a fim de promover mais agilidade ao dia a dia destes profissionais, democratizando o acesso das empresas a um ERP com implementa\u00e7\u00e3o de baixo custo e 100% remota. O evento \u00e9 tamb\u00e9m uma oportunidade de dialogar com a comunidade cont\u00e1bil e trazer cada vez mais inova\u00e7\u00f5es para os escrit\u00f3rios.<\/p>\n<\/div>\n<div class=\"col-12 mt-5\">\n<h2>Programa\u00e7\u00e3o<\/h2>\n<p>Este ano, al\u00e9m de\u00a0<strong>Marcelo Lombardo<\/strong>\u00a0e\u00a0<strong>Rafael Olmos<\/strong>, fundadores da Omie, que apresentar\u00e3o o produto e as solu\u00e7\u00f5es dispon\u00edveis para os contadores, o Summit Cont\u00e1bil 2021 ter\u00e1 pain\u00e9is com\u00a0<strong>Marcos Cavagnoli<\/strong>, Diretor de Digital Cash Management &amp; Open Finance do Ita\u00fa, que abordar\u00e1 quest\u00f5es que envolvem o cen\u00e1rio macroecon\u00f4mico do Pa\u00eds e de\u00a0<strong>Cesar Carvalho<\/strong>, Co-Founder e CEO Gympass, sobre inova\u00e7\u00e3o disruptiva. O diferencial da programa\u00e7\u00e3o deste ano est\u00e1 nas palestras de especialistas por segmento de atua\u00e7\u00e3o. Ser\u00e3o seis salas que, das 15h \u00e0s 16h30, recebem profissionais para debater o cen\u00e1rio dos setores e apresentar cases de sucesso:<\/p>\n<ul class=\"mb-4\">\n<li><strong>Ind\u00fastria: Pedro Faria<\/strong>, da Tarpon Gestora de Recursos,\u00a0<strong>Pedro Marques<\/strong>, da Omie, e\u00a0<strong>Robson Gomes<\/strong>, da Gestus Contabilidade.<\/li>\n<li><strong>Varejo: Emily Ewell<\/strong>, da Pantys,\u00a0<strong>Luiza Freitas<\/strong>, da Omie, e\u00a0<strong>Lucas Canola<\/strong>, da Lowtax Contabilidade<\/li>\n<li><strong>Agroneg\u00f3cio: Otavio Celidonio<\/strong>, da AgriHub,\u00a0<strong>Carolina Rezende<\/strong>, da Omie, e\u00a0<strong>Cezar Rios<\/strong>, da Organiza\u00e7\u00e3o Silveira de Contabilidade.<\/li>\n<li><strong>Servi\u00e7os: Marcos Batista<\/strong>, da Academia Exponencial,\u00a0<strong>Priscila Marques<\/strong>, da Omie, e\u00a0<strong>Marcelo Voigt<\/strong>, da Atlas Contabilidade.<\/li>\n<li><strong>Startups: Edson Rigonatti<\/strong>, da Astella investimentos,\u00a0<strong>Tayna Bai\u00e3o<\/strong>, da Omie, e\u00a0<strong>Cristiano Freitas<\/strong>, da Syhus Contabilidade.<\/li>\n<li><strong>Energia: Rodolfo Henrique Silva<\/strong>, da Gel Solar,\u00a0<strong>Luiza Freitas<\/strong>, da Omie, e\u00a0<strong>Juliano Serotini<\/strong>, da Serotini Contabilidade.<\/li>\n<\/ul>\n<p>A programa\u00e7\u00e3o completa est\u00e1 dispon\u00edvel no site\u00a0<a href=\"https:\/\/eventos.contabeis.com.br\/omiesummit\/\" target=\"_blank\" rel=\"noopener\">https:\/\/eventos.contabeis.com.br\/omiesummit\/<\/a>, mesmo link que o participante deve acessar para realizar e garantir sua inscri\u00e7\u00e3o no\u00a0<strong>Summit Cont\u00e1bil 2021<\/strong>.<\/p>\n<p class=\"mb-0\"><strong>Servi\u00e7o &#8211; Summit Cont\u00e1bil 2021<\/strong><br \/>\n<strong>Data:<\/strong>\u00a019 de agosto de 2021<strong>Hor\u00e1rio:<\/strong>\u00a0das 9h \u00e0s 19h<strong>Inscri\u00e7\u00f5es:<\/strong>\u00a0https:\/\/eventos.contabeis.com.br\/omiesummit\/<strong>Gratuito<\/strong><\/p>\n<\/div>\n","protected":false},"excerpt":{"rendered":"<p>O evento online e gratuito realizado pela Omie, plataforma de gest\u00e3o (ERP) em nuvem, acontece dia 19 de agosto e promove trilhas segmentados por setores de atua\u00e7\u00e3o como ind\u00fastria, varejo, agroneg\u00f3cio, energia, startups e servi\u00e7os<\/p>\n","protected":false},"author":10,"featured_media":16151,"comment_status":"closed","ping_status":"closed","sticky":false,"template":"","format":"standard","meta":{"footnotes":""},"categories":[406],"tags":[],"class_list":["post-17309","post","type-post","status-publish","format-standard","has-post-thumbnail","hentry","category-imprensa"],"_links":{"self":[{"href":"https:\/\/www.omie.com.br\/blog\/wp-json\/wp\/v2\/posts\/17309","targetHints":{"allow":["GET"]}}],"collection":[{"href":"https:\/\/www.omie.com.br\/blog\/wp-json\/wp\/v2\/posts"}],"about":[{"href":"https:\/\/www.omie.com.br\/blog\/wp-json\/wp\/v2\/types\/post"}],"author":[{"embeddable":true,"href":"https:\/\/www.omie.com.br\/blog\/wp-json\/wp\/v2\/users\/10"}],"replies":[{"embeddable":true,"href":"https:\/\/www.omie.com.br\/blog\/wp-json\/wp\/v2\/comments?post=17309"}],"version-history":[{"count":1,"href":"https:\/\/www.omie.com.br\/blog\/wp-json\/wp\/v2\/posts\/17309\/revisions"}],"predecessor-version":[{"id":17310,"href":"https:\/\/www.omie.com.br\/blog\/wp-json\/wp\/v2\/posts\/17309\/revisions\/17310"}],"wp:featuredmedia":[{"embeddable":true,"href":"https:\/\/www.omie.com.br\/blog\/wp-json\/wp\/v2\/media\/16151"}],"wp:attachment":[{"href":"https:\/\/www.omie.com.br\/blog\/wp-json\/wp\/v2\/media?parent=17309"}],"wp:term":[{"taxonomy":"category","embeddable":true,"href":"https:\/\/www.omie.com.br\/blog\/wp-json\/wp\/v2\/categories?post=17309"},{"taxonomy":"post_tag","embeddable":true,"href":"https:\/\/www.omie.com.br\/blog\/wp-json\/wp\/v2\/tags?post=17309"}],"curies":[{"name":"wp","href":"https:\/\/api.w.org\/{rel}","templated":true}]}}