{"id":17311,"date":"2024-02-19T11:15:49","date_gmt":"2024-02-19T14:15:49","guid":{"rendered":"https:\/\/www.omie.com.br\/blog\/?p=17311"},"modified":"2024-02-19T11:15:49","modified_gmt":"2024-02-19T14:15:49","slug":"omie-reformula-plataforma-de-educacao-para-conectar-empreendedores","status":"publish","type":"post","link":"https:\/\/www.omie.com.br\/blog\/omie-reformula-plataforma-de-educacao-para-conectar-empreendedores\/","title":{"rendered":"Omie reformula plataforma de educa\u00e7\u00e3o para conectar empreendedores"},"content":{"rendered":"<p><strong>Mar\u00e7o de 2023 &#8211;<\/strong>\u00a0Seguindo seu objetivo de destravar o crescimento das empresas brasileiras, tendo como um de seus pilares a educa\u00e7\u00e3o empreendedora, a\u00a0<a href=\"https:\/\/www.omie.com.br\/\" target=\"_blank\" rel=\"noopener\">Omie<\/a>, sistema de gest\u00e3o (ERP) na nuvem, anuncia o reposicionamento da\u00a0<a href=\"https:\/\/academy.omie.com.br\/\" target=\"_blank\" rel=\"noopener\">Omie.Academy<\/a>, sua plataforma de ensino. Agora, a marca passa a atuar como uma\u00a0<strong>comunidade de empreendedores<\/strong>\u00a0que t\u00eam como objetivo aprender e se atualizar para superar os desafios e crescer seus neg\u00f3cios, por meio da troca de experi\u00eancias. Agora tamb\u00e9m ser\u00e1 poss\u00edvel que os pr\u00f3prios integrantes ajudem a direcionar e criar os conte\u00fados onde querem se desenvolver.<\/p>\n<p>Nessa nova fase, a\u00a0<a href=\"https:\/\/academy.omie.com.br\/\" target=\"_blank\" rel=\"noopener\">Omie.Academy<\/a>\u00a0refor\u00e7a os empreendedores como parte indissoci\u00e1vel na constru\u00e7\u00e3o conjunta de uma nova cultura de gest\u00e3o no pa\u00eds. \u201cNosso principal objetivo, com o novo posicionamento, \u00e9 criar e fortalecer essa comunidade, e, para isso, precisamos que os empreendedores estejam conosco, compreendendo os desafios de como uma gest\u00e3o eficiente pode potencializar o crescimento e o sucesso das empresas\u201d, afirma Marcelo Lombardo, CEO da Omie.<\/p>\n<p>Kaleu Florio, coordenador pedag\u00f3gico da Omie.Academy, explica que a plataforma passa a disponibilizar uma\u00a0<a href=\"https:\/\/chat.whatsapp.com\/JXFdOR9EdDh1y58lEeZjh0\" target=\"_blank\" rel=\"noopener\">comunidade, via WhatsApp<\/a>, e f\u00f3runs online para conectar empreendedores. \u201cAl\u00e9m dos\u00a0<a href=\"https:\/\/www.omie.com.br\/blog\/os-cursos-gratuitos-da-omie-academy-fornecem-certificados\/\" target=\"_blank\" rel=\"noopener\">cursos gratuitos, 100% online e com certificado<\/a>, os participantes ter\u00e3o acesso a um grupo exclusivo de discuss\u00f5es, com o objetivo de fomentar o conhecimento, discutir temas relevantes, ter acesso a aulas ao vivo para tirar d\u00favidas com especialistas, al\u00e9m de trocar experi\u00eancias e aprendizados, e at\u00e9 decidir os temas das pr\u00f3ximas aulas\u201d, diz. \u201cOs f\u00f3runs ser\u00e3o implementados em todas as etapas dos cursos e os integrantes tamb\u00e9m poder\u00e3o acompanhar eventos ao vivo com especialistas do mercado para tratar de assuntos relevantes para o cen\u00e1rio empreendedor.\u201d<\/p>\n<p>Kaleu refor\u00e7a que, mesmo com foco nos empreendedores, qualquer pessoa com interesse em aprender mais sobre gest\u00e3o pode acessar os cursos da Omie.Academy. \u201cVale ressaltar que para total aproveitamento da comunidade \u00e9 interessante que o participante entenda sobre o cotidiano do empres\u00e1rio no Brasil\u201d, diz.<\/p>\n<p><strong>Crescimento da Omie.Academy<\/strong><br \/>\nCriada em 2018, a Omie.Academy nasceu com o objetivo de sanar as dores do ecossistema empreendedor. Em 2020 a Omie tornou o acesso aos cursos gratuitos, como medida de aux\u00edlio aos empreendedores, no momento de fechamento do com\u00e9rcio, e crescimento da \u201cvida online\u201d, devido \u00e0 evolu\u00e7\u00e3o do isolamento social causado pela covid-19. Na \u00e9poca, a plataforma lan\u00e7ou t\u00edtulos como \u201cManual de sobreviv\u00eancia do empreendedor brasileiro\u201d e \u201cCovid-19: Como cuidar da sa\u00fade da sua empresa\u201d. Com a gratuidade dos cursos, a plataforma cresceu 900% em inscri\u00e7\u00f5es.<\/p>\n<p>Em 2022, a plataforma atingiu\u00a0<a href=\"https:\/\/www.omie.com.br\/blog\/omie-academy-comemora-a-marca-de-100-000-alunos-inscritos\/\" target=\"_blank\" rel=\"noopener\">a marca de 100 mil alunos<\/a>, e hoje possui mais de 120 mil inscritos na plataforma e mais de 600 horas de cursos e treinamentos nas \u00e1reas de\u00a0<a href=\"https:\/\/academy.omie.com.br\/app\/gestao-e-negocios\" target=\"_blank\" rel=\"noopener\">gest\u00e3o e neg\u00f3cios<\/a>,\u00a0<a href=\"https:\/\/academy.omie.com.br\/app\/comunicacao-e-marketing\" target=\"_blank\" rel=\"noopener\">marketing<\/a>,\u00a0<a href=\"https:\/\/academy.omie.com.br\/app\/empreendedor-contabil\" target=\"_blank\" rel=\"noopener\">contabilidade<\/a>,\u00a0<a href=\"https:\/\/academy.omie.com.br\/app\/administracao-e-financas\" target=\"_blank\" rel=\"noopener\">administra\u00e7\u00e3o e finan\u00e7as<\/a>,\u00a0<a href=\"https:\/\/academy.omie.com.br\/app\/comunicacao-e-marketing\" target=\"_blank\" rel=\"noopener\">comunica\u00e7\u00e3o<\/a>\u00a0e\u00a0<a href=\"https:\/\/academy.omie.com.br\/app\/vendas-e-fidelizacao\" target=\"_blank\" rel=\"noopener\">vendas<\/a>\u00a0para apoiar os empreendedores nos seus neg\u00f3cios.<\/p>\n<p>Para Kaleu, o principal problema das empresas no Brasil \u00e9 a estagna\u00e7\u00e3o, mas o aprendizado, a troca de experi\u00eancias e o relacionamento (network) entre os empreendedores e os especialistas do mercado s\u00e3o caminhos para destravar o crescimento dos neg\u00f3cios. Um estudo do Sebrae mostra que quase 50% das micro e pequenas empresas fecham antes de completar cinco anos de atividade no Brasil, sendo um dos principais motivos a falta de planejamento e gest\u00e3o.<\/p>\n<p>\u201cTemos uma educa\u00e7\u00e3o muito carente de qualidade, pouco desenvolvida e muitas vezes inacess\u00edvel ao pequeno empreendedor, por conta do seu alto custo. Acreditamos na educa\u00e7\u00e3o empreendedora como um dos principais pilares da Omie para desenvolver e ajudar o mercado a explorar o seu pleno potencial, crescer e sobreviver\u201d, afirma. \u201cConsequentemente, este movimento contribui para a economia do pa\u00eds. Este \u00e9 nosso prop\u00f3sito, pois percebemos que conseguimos fazer diferen\u00e7a no desenvolvimento das PMEs.\u201d<\/p>\n","protected":false},"excerpt":{"rendered":"<p>Al\u00e9m dos cursos, plataforma implementa comunidade e f\u00f3runs para fomentar conhecimento, trocar experi\u00eancias, al\u00e9m de conte\u00fados adicionais como blogposts, m\u00eddias sociais e eventos<\/p>\n","protected":false},"author":10,"featured_media":16316,"comment_status":"closed","ping_status":"closed","sticky":false,"template":"","format":"standard","meta":{"footnotes":""},"categories":[406],"tags":[],"class_list":["post-17311","post","type-post","status-publish","format-standard","has-post-thumbnail","hentry","category-imprensa"],"_links":{"self":[{"href":"https:\/\/www.omie.com.br\/blog\/wp-json\/wp\/v2\/posts\/17311","targetHints":{"allow":["GET"]}}],"collection":[{"href":"https:\/\/www.omie.com.br\/blog\/wp-json\/wp\/v2\/posts"}],"about":[{"href":"https:\/\/www.omie.com.br\/blog\/wp-json\/wp\/v2\/types\/post"}],"author":[{"embeddable":true,"href":"https:\/\/www.omie.com.br\/blog\/wp-json\/wp\/v2\/users\/10"}],"replies":[{"embeddable":true,"href":"https:\/\/www.omie.com.br\/blog\/wp-json\/wp\/v2\/comments?post=17311"}],"version-history":[{"count":1,"href":"https:\/\/www.omie.com.br\/blog\/wp-json\/wp\/v2\/posts\/17311\/revisions"}],"predecessor-version":[{"id":17312,"href":"https:\/\/www.omie.com.br\/blog\/wp-json\/wp\/v2\/posts\/17311\/revisions\/17312"}],"wp:featuredmedia":[{"embeddable":true,"href":"https:\/\/www.omie.com.br\/blog\/wp-json\/wp\/v2\/media\/16316"}],"wp:attachment":[{"href":"https:\/\/www.omie.com.br\/blog\/wp-json\/wp\/v2\/media?parent=17311"}],"wp:term":[{"taxonomy":"category","embeddable":true,"href":"https:\/\/www.omie.com.br\/blog\/wp-json\/wp\/v2\/categories?post=17311"},{"taxonomy":"post_tag","embeddable":true,"href":"https:\/\/www.omie.com.br\/blog\/wp-json\/wp\/v2\/tags?post=17311"}],"curies":[{"name":"wp","href":"https:\/\/api.w.org\/{rel}","templated":true}]}}