{"id":17313,"date":"2024-02-19T12:56:13","date_gmt":"2024-02-19T15:56:13","guid":{"rendered":"https:\/\/www.omie.com.br\/blog\/?p=17313"},"modified":"2024-02-19T12:56:13","modified_gmt":"2024-02-19T15:56:13","slug":"omie-promove-semana-da-carreira-com-palestras-gratuitas-sobre-mercado-de-tecnologia","status":"publish","type":"post","link":"https:\/\/www.omie.com.br\/blog\/omie-promove-semana-da-carreira-com-palestras-gratuitas-sobre-mercado-de-tecnologia\/","title":{"rendered":"Omie promove Semana da Carreira com palestras gratuitas sobre mercado de tecnologia"},"content":{"rendered":"<p><strong>Outubro de 2022 &#8211;<\/strong>\u00a0A\u00a0<a href=\"http:\/\/www.omie.com.br\/\" target=\"_blank\" rel=\"noopener\">Omie<\/a>, plataforma de gest\u00e3o (ERP) na nuvem, promove a 2\u00aa edi\u00e7\u00e3o da Semana da Carreira, uma s\u00e9rie de palestras online e gratuitas com especialistas sobre tecnologia e mercado de trabalho. O evento, marcado para os dias 7 a 11 de novembro, contar\u00e1 com webinars \u00e0s 17h, no\u00a0<a href=\"https:\/\/www.youtube.com\/channel\/UCQo8UTQpO2w9dJvPJQb39ag\" target=\"_blank\" rel=\"noopener\">canal do YouTube\u00a0<\/a>da empresa.<\/p>\n<p>Este ano, o foco ser\u00e1 a \u00e1rea de tecnologia, um mercado aquecido e com diversas oportunidades. O objetivo da Omie \u00e9 compartilhar conhecimento, dicas e esclarecer d\u00favidas de interessados na \u00e1rea ou de quem deseja aperfei\u00e7oar habilidades em um cen\u00e1rio cada vez mais competitivo, al\u00e9m de compartilhar as oportunidades abertas para a empresa.<\/p>\n<p>A Semana da Carreira ter\u00e1 cinco palestras, sendo: \u201cPor tr\u00e1s da Jornada do Product Owner\u201d (7\/11); \u201cVazamentos de dados: como reduzir o impacto em um mundo hiperconectado\u201d (8\/11); \u201cComo a hiperautoma\u00e7\u00e3o impacta o mundo dos neg\u00f3cios?\u201d (9\/11); \u201cAs oportunidades do Open Finance para o setor tecnol\u00f3gico\u201d (10\/11); \u201cPrincipais Soft Skills para trabalhar em \u00e1reas de Tecnologia\u201d (11\/11).<\/p>\n<p>\u201cCom a alta demanda por profissionais qualificados no mercado de tecnologia, gra\u00e7as \u00e0 evolu\u00e7\u00e3o da transforma\u00e7\u00e3o digital no mundo todo, percebemos a import\u00e2ncia de compartilhar nosso conhecimento e experi\u00eancia com aqueles que desejam ingressar no segmento ou que querem se aperfei\u00e7oar. Essa contribui\u00e7\u00e3o com o mercado de trabalho \u00e9 fundamental para formar bons profissionais, al\u00e9m de despertar o interesse para que integrem nossos times\u201d, comenta Luiz Felipe Massad, diretor de Recursos Humanos da Omie.<\/p>\n<p>Os interessados podem se inscrever pela plataforma\u00a0<a href=\"https:\/\/www.sympla.com.br\/evento-online\/semana-da-carreira-omie\/1754601?_gl=1*1un5vlm*_ga*NDQ2ODEyOTY2LjE2NDMzMDg3MTU.*_ga_KXH10SQTZF*MTY2NTY4MjI0NS40MS4xLjE2NjU2ODI0NTMuMC4wLjA\" target=\"_blank\" rel=\"noopener\">Sympla<\/a>.<\/p>\n<p><strong>Servi\u00e7o: Semana da Carreira &#8211; Omie<\/strong><\/p>\n<p><strong>Quando:<\/strong>\u00a07 a 11 de novembro, via YouTube<\/p>\n<p><strong>Inscri\u00e7\u00f5es e agenda:<\/strong><a href=\"https:\/\/bityli.com\/qhtJkUHaF\" target=\"-blank\" rel=\"noopener\">\u00a0https:\/\/bityli.com\/qhtJkUHaF<\/a><\/p>\n<p><strong>Custo:<\/strong>\u00a0Gratuito<\/p>\n","protected":false},"excerpt":{"rendered":"<p>Empresa visa oferecer conhecimento para quem busca oportunidades no segmento, por meio de webinars com especialistas sobre tend\u00eancias do mercado<\/p>\n","protected":false},"author":10,"featured_media":16556,"comment_status":"closed","ping_status":"closed","sticky":false,"template":"","format":"standard","meta":{"footnotes":""},"categories":[406],"tags":[],"class_list":["post-17313","post","type-post","status-publish","format-standard","has-post-thumbnail","hentry","category-imprensa"],"_links":{"self":[{"href":"https:\/\/www.omie.com.br\/blog\/wp-json\/wp\/v2\/posts\/17313","targetHints":{"allow":["GET"]}}],"collection":[{"href":"https:\/\/www.omie.com.br\/blog\/wp-json\/wp\/v2\/posts"}],"about":[{"href":"https:\/\/www.omie.com.br\/blog\/wp-json\/wp\/v2\/types\/post"}],"author":[{"embeddable":true,"href":"https:\/\/www.omie.com.br\/blog\/wp-json\/wp\/v2\/users\/10"}],"replies":[{"embeddable":true,"href":"https:\/\/www.omie.com.br\/blog\/wp-json\/wp\/v2\/comments?post=17313"}],"version-history":[{"count":1,"href":"https:\/\/www.omie.com.br\/blog\/wp-json\/wp\/v2\/posts\/17313\/revisions"}],"predecessor-version":[{"id":17314,"href":"https:\/\/www.omie.com.br\/blog\/wp-json\/wp\/v2\/posts\/17313\/revisions\/17314"}],"wp:featuredmedia":[{"embeddable":true,"href":"https:\/\/www.omie.com.br\/blog\/wp-json\/wp\/v2\/media\/16556"}],"wp:attachment":[{"href":"https:\/\/www.omie.com.br\/blog\/wp-json\/wp\/v2\/media?parent=17313"}],"wp:term":[{"taxonomy":"category","embeddable":true,"href":"https:\/\/www.omie.com.br\/blog\/wp-json\/wp\/v2\/categories?post=17313"},{"taxonomy":"post_tag","embeddable":true,"href":"https:\/\/www.omie.com.br\/blog\/wp-json\/wp\/v2\/tags?post=17313"}],"curies":[{"name":"wp","href":"https:\/\/api.w.org\/{rel}","templated":true}]}}