{"id":18267,"date":"2024-05-02T17:17:36","date_gmt":"2024-05-02T20:17:36","guid":{"rendered":"https:\/\/www.omie.com.br\/blog\/?p=18267"},"modified":"2024-05-02T17:17:36","modified_gmt":"2024-05-02T20:17:36","slug":"omie-na-imprensa-veja-os-destaques-dessa-semana-43","status":"publish","type":"post","link":"https:\/\/www.omie.com.br\/blog\/omie-na-imprensa-veja-os-destaques-dessa-semana-43\/","title":{"rendered":"Omie na Imprensa: veja os destaques dessa semana!"},"content":{"rendered":"<h1><span style=\"font-weight: 400;\">IODE-PMES<\/span><\/h1>\n<p><b>Ve\u00edculo: Exame<\/b><span style=\"font-weight: 400;\"><br \/>\n<\/span><span style=\"font-weight: 400;\">T\u00edtulo: PMEs crescem 11,5% no primeiro trimestre<\/span><b><br \/>\n<\/b><span style=\"font-weight: 400;\">Resumo: No primeiro trimestre de 2024, as Pequenas e M\u00e9dias Empresas (PMEs) no Brasil registraram um crescimento significativo de 11,5%, conforme apontado pelos dados do IODE-PMES.<\/span><span style=\"font-weight: 400;\"><br \/>\n<\/span><a href=\"https:\/\/exame.com\/negocios\/pequenas-e-medias-empresas-crescem-115-no-primeiro-trimestre\/\" target=\"_blank\" rel=\"noopener\"><b>Leia aqui<\/b><b><br \/>\n<\/b><\/a><\/p>\n<p><b>Ve\u00edculo: Jornal do ABC<\/b><span style=\"font-weight: 400;\"><br \/>\n<\/span><span style=\"font-weight: 400;\">T\u00edtulo: <\/span><span style=\"font-weight: 400;\">Pequenas e m\u00e9dias empresas movimentam R$ 945 milh\u00f5es em 3 meses<\/span><b><br \/>\n<\/b><span style=\"font-weight: 400;\">Resumo: Dados do IODE-PMEs indicam que o mercado brasileiro de PMEs tem apresentado \u00edndices positivos.<\/span><span style=\"font-weight: 400;\"><br \/>\n<\/span><a href=\"http:\/\/www.folhadoabc.com.br\/index.php\/secoes\/negocios\/item\/30025-pequenas-empresas-movimentam-r-945-milhoes-em-tres-meses\" target=\"_blank\" rel=\"noopener\"><b>Leia aqui<\/b><b><\/b><\/a><\/p>\n<h1><\/h1>\n<h1><span style=\"font-weight: 400;\">Integra\u00e7\u00f5es<\/span><\/h1>\n<p><b>Ve\u00edculo: ItForum<\/b><span style=\"font-weight: 400;\"><br \/>\n<\/span><span style=\"font-weight: 400;\">T\u00edtulo: Conta Simples anuncia integra\u00e7\u00e3o com ERPs come\u00e7ando pelo Omie<\/span><b><br \/>\n<\/b><span style=\"font-weight: 400;\">Resumo: Com um investimento de R$200 milh\u00f5es, a Conta Simples d\u00e1 in\u00edcio \u00e0 integra\u00e7\u00e3o de sua plataforma de despesas com outros softwares de gest\u00e3o, come\u00e7ando pelo ERP Omie.<\/span><span style=\"font-weight: 400;\"><br \/>\n<\/span><a href=\"https:\/\/itforum.com.br\/noticias\/conta-simples-integracao-erps\/\" target=\"_blank\" rel=\"noopener\"><b>Leia aqui<\/b><\/a><\/p>\n<h1><\/h1>\n<h1><span style=\"font-weight: 400;\">Institucional<\/span><\/h1>\n<p><b>Ve\u00edculo: Metr\u00f3poles<\/b><span style=\"font-weight: 400;\"><br \/>\n<\/span><span style=\"font-weight: 400;\">T\u00edtulo: Branding e sua import\u00e2ncia no marketing de performance<\/span><b><br \/>\n<\/b><span style=\"font-weight: 400;\">Resumo: Felipe Ferrazoli, diretor de Marketing da Omie, discute a relev\u00e2ncia do branding no contexto do marketing de performance, destacando sua import\u00e2ncia para atrair e fidelizar clientes.<\/span><span style=\"font-weight: 400;\"><br \/>\n<\/span><a href=\"https:\/\/www.metropoles.com\/colunas\/m-buzz\/branding-e-sua-importancia-no-marketing-de-performance\" target=\"_blank\" rel=\"noopener\"><b>Leia aqui<\/b><\/a><\/p>\n<p>&nbsp;<\/p>\n<h1><span style=\"font-weight: 400;\">Contabilidade Digital<\/span><\/h1>\n<p><b>Ve\u00edculo: Jornal Cont\u00e1bil<\/b><span style=\"font-weight: 400;\"><br \/>\n<\/span><span style=\"font-weight: 400;\">T\u00edtulo: Mais consultivo e estrat\u00e9gico: o papel do contador na era digital<\/span><b><br \/>\n<\/b><span style=\"font-weight: 400;\">Resumo: Kelly Sgoti, gerente comercial da Omie, compartilha sua vis\u00e3o sobre o papel crucial do contador na era digital.<\/span><span style=\"font-weight: 400;\"><br \/>\n<\/span><a href=\"https:\/\/www.jornalcontabil.com.br\/noticia\/81984\/mais-consultivo-e-estrategico-o-papel-do-contador-na-era-digital\" target=\"_blank\" rel=\"noopener\"><b>Leia aqui<\/b><b><br \/>\n<\/b><\/a><a href=\"http:\/\/www.folhadoabc.com.br\/index.php\/secoes\/negocios\/item\/30025-pequenas-empresas-movimentam-r-945-milhoes-em-tres-meses\" target=\"_blank\" rel=\"noopener\"><b><br \/>\n<\/b><\/a><\/p>\n<h1><span style=\"font-weight: 400;\">Breakeven<\/span><\/h1>\n<p><b>Ve\u00edculo: <\/b><b>Startups<\/b><\/p>\n<p><span style=\"font-weight: 400;\">T\u00edtulo: <\/span><span style=\"font-weight: 400;\">Omie: Atingir o breakeven \u00e9 mesmo t\u00e3o importante assim?<\/span><\/p>\n<p><span style=\"font-weight: 400;\">Resumo: Marcelo Lombardo concedeu entrevista ao ve\u00edculo e falou da import\u00e2ncia do<\/span><span style=\"font-weight: 400;\"> equil\u00edbrio entre receitas e despesas de uma empresa<\/span><span style=\"font-weight: 400;\"><br \/>\n<\/span><a href=\"https:\/\/startups.com.br\/podcast-mvp\/omie-atingir-o-breakeven-e-mesmo-tao-importante-assim\/\" target=\"_blank\" rel=\"noopener\"><b>Leia aqui<\/b><b><br \/>\n<\/b><b><br \/>\n<\/b><\/a><\/p>\n<h1><span style=\"font-weight: 400;\">Evento<\/span><\/h1>\n<p><b>Ve\u00edculo: Contnews<\/b><span style=\"font-weight: 400;\"><br \/>\n<\/span><span style=\"font-weight: 400;\">T\u00edtulo: <\/span><span style=\"font-weight: 400;\">Omie participa pela primeira vez do Amazon Conecta 2024 e apresenta solu\u00e7\u00f5es para pequenas e m\u00e9dias empresas<\/span> <b><br \/>\n<\/b><span style=\"font-weight: 400;\">Resumo:A empresa participou, pela primeira vez com um estande, do evento Amazon Conecta que aconteceu em S\u00e3o Paulo, dias 16 e 17 de abril.<\/span><\/p>\n<p><a href=\"https:\/\/www.portalcontnews.com.br\/omie-participa-pela-primeira-vez-do-amazon-conecta-2024-e-apresenta-solucoes-para-pequenas-e-medias-empresas\/\" target=\"_blank\" rel=\"noopener\"><b>Leia aqui<\/b><b><br \/>\n<\/b><b><br \/>\n<\/b><\/a><\/p>\n<h1><span style=\"font-weight: 400;\">Vagas<\/span><\/h1>\n<p><b>Ve\u00edculo: UOL<\/b><\/p>\n<p><span style=\"font-weight: 400;\">T\u00edtulo: <\/span><span style=\"font-weight: 400;\">Omie anuncia abertura de 44 vagas para \u00e1rea comercial em suas franquias<\/span><span style=\"font-weight: 400;\"><br \/>\n<\/span><span style=\"font-weight: 400;\">Resumo: As oportunidades abertas na \u00e1rea comercial da Omie s\u00e3o destaques no site.<\/span><\/p>\n<p><a href=\"https:\/\/jcconcursos.uol.com.br\/noticia\/empregos\/omie-anuncia-abertura-de-44-vagas-para-area-comercial-em-suas-franquias-124328\" target=\"_blank\" rel=\"noopener\"><b>Leia aqui<\/b><\/a><\/p>\n","protected":false},"excerpt":{"rendered":"<p>Confira os principais releases da Omie na imprensa nas \u00faltimas semanas<\/p>\n","protected":false},"author":10,"featured_media":11436,"comment_status":"closed","ping_status":"closed","sticky":false,"template":"","format":"standard","meta":{"footnotes":""},"categories":[406],"tags":[],"class_list":["post-18267","post","type-post","status-publish","format-standard","has-post-thumbnail","hentry","category-imprensa"],"_links":{"self":[{"href":"https:\/\/www.omie.com.br\/blog\/wp-json\/wp\/v2\/posts\/18267","targetHints":{"allow":["GET"]}}],"collection":[{"href":"https:\/\/www.omie.com.br\/blog\/wp-json\/wp\/v2\/posts"}],"about":[{"href":"https:\/\/www.omie.com.br\/blog\/wp-json\/wp\/v2\/types\/post"}],"author":[{"embeddable":true,"href":"https:\/\/www.omie.com.br\/blog\/wp-json\/wp\/v2\/users\/10"}],"replies":[{"embeddable":true,"href":"https:\/\/www.omie.com.br\/blog\/wp-json\/wp\/v2\/comments?post=18267"}],"version-history":[{"count":1,"href":"https:\/\/www.omie.com.br\/blog\/wp-json\/wp\/v2\/posts\/18267\/revisions"}],"predecessor-version":[{"id":18268,"href":"https:\/\/www.omie.com.br\/blog\/wp-json\/wp\/v2\/posts\/18267\/revisions\/18268"}],"wp:featuredmedia":[{"embeddable":true,"href":"https:\/\/www.omie.com.br\/blog\/wp-json\/wp\/v2\/media\/11436"}],"wp:attachment":[{"href":"https:\/\/www.omie.com.br\/blog\/wp-json\/wp\/v2\/media?parent=18267"}],"wp:term":[{"taxonomy":"category","embeddable":true,"href":"https:\/\/www.omie.com.br\/blog\/wp-json\/wp\/v2\/categories?post=18267"},{"taxonomy":"post_tag","embeddable":true,"href":"https:\/\/www.omie.com.br\/blog\/wp-json\/wp\/v2\/tags?post=18267"}],"curies":[{"name":"wp","href":"https:\/\/api.w.org\/{rel}","templated":true}]}}