{"id":18510,"date":"2024-05-15T13:45:21","date_gmt":"2024-05-15T16:45:21","guid":{"rendered":"https:\/\/www.omie.com.br\/blog\/?p=18510"},"modified":"2024-11-28T10:56:50","modified_gmt":"2024-11-28T13:56:50","slug":"omie-na-imprensa-veja-os-destaques-dessa-semana-44","status":"publish","type":"post","link":"https:\/\/www.omie.com.br\/blog\/omie-na-imprensa-veja-os-destaques-dessa-semana-44\/","title":{"rendered":"Omie na Imprensa: veja os destaques dessa semana!"},"content":{"rendered":"<h1><span style=\"font-weight: 400;\">Vagas\u00a0<\/span><\/h1>\n<p><b>Ve\u00edculo: IT F\u00f3rum<\/b><\/p>\n<p><span style=\"font-weight: 400;\">T\u00edtulo: 13 oportunidades de ingressar na \u00e1rea de tecnologia<\/span><\/p>\n<p><span style=\"font-weight: 400;\">Resumo: Toda semana, o IT Forum, um dos principais ve\u00edculos de tecnologia, re\u00fane as oportunidades mais promissoras para quem est\u00e1 buscando expandir seus conhecimentos ou adentrar no mercado de tecnologia. Nesta edi\u00e7\u00e3o, o portal traz vagas da Omie.<\/span><\/p>\n<p><a href=\"https:\/\/itforum.com.br\/noticias\/13-oportunidades-de-ingressar-na-area-de-tecnologia\/\" target=\"_blank\" rel=\"noopener\"><b>Leia aqui<\/b><b><br \/>\n<\/b><\/a><\/p>\n<p><b>Ve\u00edculo: Valor Investe<\/b><\/p>\n<p><b><\/b><span style=\"font-weight: 400;\">T\u00edtulo: Do trainee ao n\u00edvel s\u00eanior: veja vagas abertas no setor financeiro<\/span><\/p>\n<p><span style=\"font-weight: 400;\">Resumo: Tr\u00eas processos seletivos est\u00e3o abertos com oportunidades que v\u00e3o desde a forma\u00e7\u00e3o profissional at\u00e9 o n\u00edvel s\u00eanior. Entre elas, as vagas da Omie para a \u00e1rea de tecnologia.<\/span><\/p>\n<p><a href=\"https:\/\/valorinveste.globo.com\/objetivo\/empreenda-se\/noticia\/2024\/05\/11\/trainee-vagas-emprego-mercado-setor-financeiro.ghtml\" target=\"_blank\" rel=\"noopener\"><b>Leia aqui<\/b><b><\/b><\/a><\/p>\n<p>&nbsp;<\/p>\n<h1><span style=\"font-weight: 400;\">IODE-PMEs<\/span><\/h1>\n<p><b>Ve\u00edculo: Exame<\/b><\/p>\n<p><span style=\"font-weight: 400;\">T\u00edtulo: 83% das pequenas empresas esperam crescimento nos pr\u00f3ximos meses<\/span><\/p>\n<p><span style=\"font-weight: 400;\">Resumo: A pesquisa \u2018Sondagem Omie das Pequenas Empresas\u2019, que traz a opini\u00e3o de empreendedores e gestores, indica que 83% das pequenas empresas t\u00eam uma perspectiva de crescimento do faturamento no curto prazo e apenas 1% demonstrou expectativas negativas. A sondagem indica, ainda, a percep\u00e7\u00e3o sobre a evolu\u00e7\u00e3o da economia brasileira e outros avan\u00e7os no setor, como expectativas de contra\u00e7\u00e3o.<\/span><\/p>\n<p><a href=\"https:\/\/exame.com\/negocios\/83-das-pequenas-empresas-esperam-crescimento-nos-proximos-meses\/\" target=\"_blank\" rel=\"noopener\"><b>Leia aqui<\/b><b><\/b><\/a><\/p>\n<p><b>Ve\u00edculo: Di\u00e1rio Ind\u00fastria e Com\u00e9rcio &#8211; Curitiba<\/b><\/p>\n<p><span style=\"font-weight: 400;\">T\u00edtulo: Pequenas e M\u00e9dias Empresas Crescem Bastante<\/span><\/p>\n<p><span style=\"font-weight: 400;\">Resumo: Os dados do IODE-PMES revelam um aumento significativo de 11,5% nas Pequenas e M\u00e9dias Empresas (PMEs) brasileiras durante o primeiro trimestre de 2024.<\/span><\/p>\n<p><a href=\"https:\/\/extranet.cservice.io\/viewnews.html?newsId%3d70458705%26channelId%3d1934%26customerId%3dTZWiGDfKabSx4c9%2bFAVqtg%3d%3d%26newsletterId%3dd9946262-0f35-4fb3-8b1f-b1ebcc5042d1\" target=\"_blank\" rel=\"noopener\"><b>Leia aqui<\/b><\/a><\/p>\n<p>&nbsp;<\/p>\n<h1><span style=\"font-weight: 400;\">IRPF<\/span><\/h1>\n<p><b>Ve\u00edculo: Correio Braziliense<\/b><\/p>\n<p><span style=\"font-weight: 400;\">T\u00edtulo: Fique atento e saiba como evitar cair na malha fina do Fisco<\/span><\/p>\n<p><span style=\"font-weight: 400;\">Resumo: A poucas semanas do fim do prazo para a presta\u00e7\u00e3o de contas com a Receita Federal, especialistas, como Fabiano Azevedo, embaixador da Omie, d\u00e3o dicas de como evitar a malha fina do Le\u00e3o do Imposto de Renda.<\/span><\/p>\n<p><a href=\"https:\/\/www.correiobraziliense.com.br\/economia\/2024\/05\/6852171-fique-atento-e-saiba-como-evitar-cair-na-malha-fina-do-fisco.html\" target=\"_blank\" rel=\"noopener\"><b>Leia aqui<\/b><b><br \/>\n<\/b><\/a><\/p>\n<p>&nbsp;<\/p>\n<h1><span style=\"font-weight: 400;\">Selo de Excel\u00eancia em Franchising\u00a0<\/span><\/h1>\n<p><b>Ve\u00edculo: Portal do Franchising<\/b><\/p>\n<p><span style=\"font-weight: 400;\">T\u00edtulo: ABF chancela 230 redes e anuncia destaques no Selo de Excel\u00eancia em Franchising 2024<\/span><\/p>\n<p><span style=\"font-weight: 400;\">Resumo:A ABF concedeu o Selo de Excel\u00eancia em Franchising 2024 em cerim\u00f4nia realizada no WTC S\u00e3o Paulo. A Omie \u00e9 citada na mat\u00e9ria que mostra a lista das marcas chanceladas pela iniciativa.<\/span><\/p>\n<p><a href=\"https:\/\/www.abf.com.br\/abf-chancela-230-redes-e-anuncia-destaques-no-selo-de-excelencia-em-franchising-2024\/#:~:text=In%C3%ADcio%20Not%C3%ADcias-,ABF%20chancela%20230%20redes%20e%20anuncia%20destaques,de%20Excel%C3%AAncia%20em%20Franchising%202024&amp;text=4%20marcas%20s%C3%A3o%20destaque%20por,conquistam%20o%20Selo%20Adicional%20ESG.\" target=\"_blank\" rel=\"noopener\"><b>Leia aqui<\/b><b><br \/>\n<\/b><\/a><\/p>\n","protected":false},"excerpt":{"rendered":"<p>Confira os principais releases da Omie na imprensa nas \u00faltimas semanas.<\/p>\n","protected":false},"author":10,"featured_media":10991,"comment_status":"closed","ping_status":"closed","sticky":false,"template":"","format":"standard","meta":{"footnotes":""},"categories":[406],"tags":[],"class_list":["post-18510","post","type-post","status-publish","format-standard","has-post-thumbnail","hentry","category-imprensa"],"_links":{"self":[{"href":"https:\/\/www.omie.com.br\/blog\/wp-json\/wp\/v2\/posts\/18510","targetHints":{"allow":["GET"]}}],"collection":[{"href":"https:\/\/www.omie.com.br\/blog\/wp-json\/wp\/v2\/posts"}],"about":[{"href":"https:\/\/www.omie.com.br\/blog\/wp-json\/wp\/v2\/types\/post"}],"author":[{"embeddable":true,"href":"https:\/\/www.omie.com.br\/blog\/wp-json\/wp\/v2\/users\/10"}],"replies":[{"embeddable":true,"href":"https:\/\/www.omie.com.br\/blog\/wp-json\/wp\/v2\/comments?post=18510"}],"version-history":[{"count":3,"href":"https:\/\/www.omie.com.br\/blog\/wp-json\/wp\/v2\/posts\/18510\/revisions"}],"predecessor-version":[{"id":18513,"href":"https:\/\/www.omie.com.br\/blog\/wp-json\/wp\/v2\/posts\/18510\/revisions\/18513"}],"wp:featuredmedia":[{"embeddable":true,"href":"https:\/\/www.omie.com.br\/blog\/wp-json\/wp\/v2\/media\/10991"}],"wp:attachment":[{"href":"https:\/\/www.omie.com.br\/blog\/wp-json\/wp\/v2\/media?parent=18510"}],"wp:term":[{"taxonomy":"category","embeddable":true,"href":"https:\/\/www.omie.com.br\/blog\/wp-json\/wp\/v2\/categories?post=18510"},{"taxonomy":"post_tag","embeddable":true,"href":"https:\/\/www.omie.com.br\/blog\/wp-json\/wp\/v2\/tags?post=18510"}],"curies":[{"name":"wp","href":"https:\/\/api.w.org\/{rel}","templated":true}]}}