{"id":18905,"date":"2024-06-11T17:57:38","date_gmt":"2024-06-11T20:57:38","guid":{"rendered":"https:\/\/www.omie.com.br\/blog\/?p=18905"},"modified":"2024-06-11T17:57:38","modified_gmt":"2024-06-11T20:57:38","slug":"omie-na-imprensa-veja-os-destaques-dessa-semana-46","status":"publish","type":"post","link":"https:\/\/www.omie.com.br\/blog\/omie-na-imprensa-veja-os-destaques-dessa-semana-46\/","title":{"rendered":"Omie na Imprensa: veja os destaques dessa semana!"},"content":{"rendered":"<h1><span style=\"font-weight: 400;\">IR 2024\u00a0<\/span><\/h1>\n<p><b>Ve\u00edculo: Estad\u00e3o &#8211; E-Investidor<\/b><\/p>\n<p><span style=\"font-weight: 400;\">T\u00edtulo:Imposto de Renda 2024: evite a malha fina com estas dicas para o \u00faltimo dia da declara\u00e7\u00e3o<\/span><\/p>\n<p><span style=\"font-weight: 400;\">Resumo: O prazo final para a entrega do Imposto de Renda (IR) 2024 termina nesta sexta-feira (31). A reportagem traz dicas para quem deixou a declara\u00e7\u00e3o de \u00faltima hora, contando com Fabiano Azevedo, contador parceiro da Omie.<\/span><\/p>\n<p><a href=\"https:\/\/einvestidor.estadao.com.br\/educacao-financeira\/imposto-de-renda-2024-evite-a-malha-fina-dicas-ultimo-dia-declaracao\/\" target=\"_blank\" rel=\"noopener\"><b>Leia aqui<\/b><\/a><\/p>\n<p><b>Ve\u00edculo: Portal Ana Maria &#8211; UOL<\/b><\/p>\n<p><span style=\"font-weight: 400;\">T\u00edtulo: Imposto de Renda 2024: o que \u00e9 cair na malha fina?<\/span><span style=\"font-weight: 400;\"><br \/>\n<\/span><span style=\"font-weight: 400;\">Resumo: Cair na malha fina pode resultar em n\u00e3o receber a restitui\u00e7\u00e3o, pagar multas ou ser indiciado por crime tribut\u00e1rio. Ou seja, isso explica o receio generalizado e, portanto, a cautela da maioria na hora de preencher a declara\u00e7\u00e3o com informa\u00e7\u00f5es precisas. A publica\u00e7\u00e3o traz dicas do assunto, contando com Fabiano Azevedo, contador parceiro da Omie.<\/span><\/p>\n<p><a href=\"https:\/\/anamaria.uol.com.br\/noticias\/dinheiro\/imposto-de-renda-2024-o-que-e-cair-na-malha-fina.phtml\" target=\"_blank\" rel=\"noopener\"><b>Leia aqui<\/b><\/a><\/p>\n<p>&nbsp;<\/p>\n<h1><span style=\"font-weight: 400;\">Conecta Day 2024<\/span><\/h1>\n<p><b>Ve\u00edculo: ContNews<\/b><\/p>\n<p><span style=\"font-weight: 400;\">T\u00edtulo:Omie realiza eventos para contadores por todo o Brasil<\/span><span style=\"font-weight: 400;\"><br \/>\n<\/span><span style=\"font-weight: 400;\">Resumo: A, Omie realizar\u00e1 a partir do dia 6 de junho o Conecta Day. O evento, que tem como objetivo fortalecer a conex\u00e3o e promover mais conhecimento aos profissionais cont\u00e1beis, acontece em todo o Brasil: Santa Catarina (Chapec\u00f3 e Itaja\u00ed), S\u00e3o Paulo (Paulista, Vila Madalena, Berrini, Vila Romana, Americana e Campinas),\u00a0 Minas Gerais (Belo Horizonte) e Paran\u00e1 (Curitiba).<\/span><\/p>\n<p><a href=\"https:\/\/www.portalcontnews.com.br\/omie-realiza-eventos-para-contadores-por-todo-o-brasil\/\" target=\"_blank\" rel=\"noopener\"><b>Leia aqui<\/b><\/a><\/p>\n<p><b>Ve\u00edculo: ContNews<\/b><\/p>\n<p><span style=\"font-weight: 400;\">T\u00edtulo: Omie promove live em apoio ao Rio Grande do Sul<\/span><\/p>\n<p><span style=\"font-weight: 400;\">Resumo: Neste ano, o Conecta Day de POA ser\u00e1 diferente. A Omie realizar\u00e1 uma live para arrecadar doa\u00e7\u00f5es \u00e0s v\u00edtimas das enchentes no Rio Grande do Sul.<\/span><\/p>\n<p><a href=\"https:\/\/www.portalcontnews.com.br\/omie-promove-live-em-apoio-ao-rio-grande-do-sul\/\" target=\"_blank\" rel=\"noopener\"><b>Leia aqui<\/b><\/a><\/p>\n<p>&nbsp;<\/p>\n<h1><span style=\"font-weight: 400;\">Artigo Kaleu Florio\u00a0<\/span><\/h1>\n<p><b>Ve\u00edculo: Hoje em Dia<\/b><\/p>\n<p><span style=\"font-weight: 400;\">T\u00edtulo: Levar a realidade do mercado para a sala de aula \u00e9 uma urg\u00eancia das universidades<\/span><span style=\"font-weight: 400;\"><br \/>\n<\/span><span style=\"font-weight: 400;\">Resumo: Kaleu traz em seu artigo um ponto de aten\u00e7\u00e3o da import\u00e2ncia das faculdades inserirem nas aulas processos e ferramentas que s\u00e3o utilizadas no mercado de trabalho para que, quando ele for atuar, n\u00e3o se encontre perdido na profiss\u00e3o.<\/span><\/p>\n<p><a href=\"https:\/\/www.hojeemdia.com.br\/opiniao\/opiniao\/levar-a-realidade-do-mercado-para-a-sala-de-aula-e-uma-urgencia-das-universidades-1.1015419\" target=\"_blank\" rel=\"noopener\"><b>Leia aqui<\/b><\/a><\/p>\n<p>&nbsp;<\/p>\n<h1><span style=\"font-weight: 400;\">Vagas tecnologia<\/span><\/h1>\n<p><b>Ve\u00edculo: TecMundo<\/b><\/p>\n<p><span style=\"font-weight: 400;\">T\u00edtulo: Home office: 194 vagas para trabalho remoto<\/span><span style=\"font-weight: 400;\"><br \/>\n<\/span><span style=\"font-weight: 400;\">Resumo: A parceria do TecMundo com a Remotar, maior plataforma de curadoria de vagas remotas do Brasil, traz esta semana oportunidades de trabalho 100% home office nas \u00e1reas de Tecnologia, Marketing e Produto. Entre elas, vaga na Omie.<\/span><\/p>\n<p><a href=\"https:\/\/www.tecmundo.com.br\/mercado\/284728-home-office-194-vagas-trabalho-remoto-07-06.htm\" target=\"_blank\" rel=\"noopener\"><b>Leia aqui<\/b><\/a><\/p>\n","protected":false},"excerpt":{"rendered":"<p>Confira os principais releases da Omie na imprensa nas \u00faltimas semanas<\/p>\n","protected":false},"author":10,"featured_media":10991,"comment_status":"closed","ping_status":"closed","sticky":false,"template":"","format":"standard","meta":{"footnotes":""},"categories":[406],"tags":[],"class_list":["post-18905","post","type-post","status-publish","format-standard","has-post-thumbnail","hentry","category-imprensa"],"_links":{"self":[{"href":"https:\/\/www.omie.com.br\/blog\/wp-json\/wp\/v2\/posts\/18905","targetHints":{"allow":["GET"]}}],"collection":[{"href":"https:\/\/www.omie.com.br\/blog\/wp-json\/wp\/v2\/posts"}],"about":[{"href":"https:\/\/www.omie.com.br\/blog\/wp-json\/wp\/v2\/types\/post"}],"author":[{"embeddable":true,"href":"https:\/\/www.omie.com.br\/blog\/wp-json\/wp\/v2\/users\/10"}],"replies":[{"embeddable":true,"href":"https:\/\/www.omie.com.br\/blog\/wp-json\/wp\/v2\/comments?post=18905"}],"version-history":[{"count":1,"href":"https:\/\/www.omie.com.br\/blog\/wp-json\/wp\/v2\/posts\/18905\/revisions"}],"predecessor-version":[{"id":18906,"href":"https:\/\/www.omie.com.br\/blog\/wp-json\/wp\/v2\/posts\/18905\/revisions\/18906"}],"wp:featuredmedia":[{"embeddable":true,"href":"https:\/\/www.omie.com.br\/blog\/wp-json\/wp\/v2\/media\/10991"}],"wp:attachment":[{"href":"https:\/\/www.omie.com.br\/blog\/wp-json\/wp\/v2\/media?parent=18905"}],"wp:term":[{"taxonomy":"category","embeddable":true,"href":"https:\/\/www.omie.com.br\/blog\/wp-json\/wp\/v2\/categories?post=18905"},{"taxonomy":"post_tag","embeddable":true,"href":"https:\/\/www.omie.com.br\/blog\/wp-json\/wp\/v2\/tags?post=18905"}],"curies":[{"name":"wp","href":"https:\/\/api.w.org\/{rel}","templated":true}]}}