{"id":19457,"date":"2024-07-10T14:51:10","date_gmt":"2024-07-10T17:51:10","guid":{"rendered":"https:\/\/www.omie.com.br\/blog\/?p=19457"},"modified":"2024-07-10T14:51:10","modified_gmt":"2024-07-10T17:51:10","slug":"confira-os-principais-releases-da-omie-na-imprensa-2","status":"publish","type":"post","link":"https:\/\/www.omie.com.br\/blog\/confira-os-principais-releases-da-omie-na-imprensa-2\/","title":{"rendered":"Confira os principais releases da Omie na imprensa"},"content":{"rendered":"<h1><span style=\"font-weight: 400;\">Omie.Academy<\/span><\/h1>\n<p><b>Ve\u00edculo: Contadores<\/b><\/p>\n<p><span style=\"font-weight: 400;\">T\u00edtulo: Para cuidar das finan\u00e7as: Omie.Academy lan\u00e7a curso gratuito sobre fluxo de caixa para PMEs<\/span><\/p>\n<p><span style=\"font-weight: 400;\">Resumo: Pequenas Empresas &amp; Grandes Neg\u00f3cios revelou nesta ter\u00e7a-feira (25\/6) as empresas franqueadoras que conquistaram a cota\u00e7\u00e3o 4 estrelas no pr\u00eamio As Melhores Franquias do Brasil 2024. A avalia\u00e7\u00e3o das redes \u00e9 feita pelos pr\u00f3prios franqueados a partir de uma pesquisa com metodologia exclusiva aplicada pela Serasa Experian. Entre elas, est\u00e1 a Omie.<\/span><\/p>\n<blockquote><p><a href=\"https:\/\/revistapegn.globo.com\/melhores-franquias\/noticia\/2024\/06\/conheca-as-franquias-4-estrelas-do-premio-as-melhores-franquias-do-brasil-2024.ghtml\" target=\"_blank\" rel=\"noopener\"><b>Leia aqui<\/b><\/a><\/p><\/blockquote>\n<p>&nbsp;<\/p>\n<h1><span style=\"font-weight: 400;\">Franquias<\/span><\/h1>\n<p><b>Ve\u00edculo: Revista PEGN<\/b><\/p>\n<p><span style=\"font-weight: 400;\">T\u00edtulo: <\/span><span style=\"font-weight: 400;\">Conhe\u00e7a as franquias 4 estrelas do pr\u00eamio As Melhores Franquias do Brasil 2024<\/span><\/p>\n<p><span style=\"font-weight: 400;\">Resumo: Pequenas Empresas &amp; Grandes Neg\u00f3cios revelou nesta ter\u00e7a-feira (25\/6) as empresas franqueadoras que conquistaram a cota\u00e7\u00e3o 4 estrelas no pr\u00eamio As Melhores Franquias do Brasil 2024. A avalia\u00e7\u00e3o das redes \u00e9 feita pelos pr\u00f3prios franqueados a partir de uma pesquisa com metodologia exclusiva aplicada pela Serasa Experian. Entre elas, est\u00e1 a Omie.<\/span><\/p>\n<blockquote><p><a href=\"https:\/\/revistapegn.globo.com\/melhores-franquias\/noticia\/2024\/06\/conheca-as-franquias-4-estrelas-do-premio-as-melhores-franquias-do-brasil-2024.ghtml\" target=\"_blank\" rel=\"noopener\"><b>Leia aqui<\/b><\/a><\/p><\/blockquote>\n<p>&nbsp;<\/p>\n<h1><span style=\"font-weight: 400;\">Campanha Desplanilhe-se na TV<\/span><\/h1>\n<p><b>Ve\u00edculo: Grandes Nomes da Propaganda<\/b><\/p>\n<p><span style=\"font-weight: 400;\">T\u00edtulo: Omie leva campanha para as principais emissoras de TV<\/span><\/p>\n<p><span style=\"font-weight: 400;\">Resumo: A Omie\u00a0 anuncia uma nova fase da campanha \u201cDesplanilhe-se com Omie!\u201d, voltada para pequenas, m\u00e9dias empresas (PMEs) e contadores. A iniciativa ser\u00e1 exibida nos principais programas de TV do Brasil, como \u2018Domingo Legal\u2019 e \u2018The Noite\u2019 (SBT), \u2018Hora do Faro\u2019 (Record), \u2018Primeiro Jornal\u2019, \u201cJogo Aberto\u201d e \u201cShow do Esporte\u201d (Band), Qual\u00e9, Mor\u00e9? e \u201cNa Grelha com Net\u00e3o\u201d (RedeTV!). Al\u00e9m disso, essa segunda onda tamb\u00e9m contar\u00e1 com parceria de influenciadores do setor\u00a0 cont\u00e1bil, como Catarina Amaral e Carol Pelegrini.<\/span><\/p>\n<p><a href=\"https:\/\/grandesnomesdapropaganda.com.br\/anunciantes\/omie-leva-campanha-para-as-principais-emissoras-de-tv\/\" target=\"_blank\" rel=\"noopener\"><b>Leia aqui<\/b><\/a><\/p>\n<p>&nbsp;<\/p>\n<h1><span style=\"font-weight: 400;\">Sucesso do Cliente<\/span><\/h1>\n<p><b>Ve\u00edculo: Portal Cliente S\/A<\/b><\/p>\n<p><span style=\"font-weight: 400;\">T\u00edtulo: Contador, como est\u00e1 o relacionamento do seu escrit\u00f3rio com o cliente?<\/span><\/p>\n<p><span style=\"font-weight: 400;\">Resumo: A contabilidade \u00e9 um servi\u00e7o de recorr\u00eancia e requer um bom relacionamento com o cliente para a manuten\u00e7\u00e3o da carteira e sucesso no empreendimento. Diante disso, algumas pr\u00e1ticas de sucesso do cliente s\u00e3o fundamentais dentro do escrit\u00f3rio para conquistar n\u00e3o s\u00f3 essa aproxima\u00e7\u00e3o, mas contribuir com os neg\u00f3cios. \u00c9 o que diz o artigo da Caroline Gabert do time Sucesso do Cliente da Omie.<\/span><\/p>\n<p><a href=\"https:\/\/portal.clientesa.com.br\/cliente-sa\/contador-como-esta-o-relacionamento-do-seu-escritorio-com-o-cliente\/\" target=\"_blank\" rel=\"noopener\"><b>Leia aqui<\/b><\/a><\/p>\n<p>&nbsp;<\/p>\n<h1><span style=\"font-weight: 400;\">Revis\u00e3o Or\u00e7amenta\u0155ia<\/span><\/h1>\n<p><b>Ve\u00edculo: Podcast ControllerCast<\/b><\/p>\n<p><span style=\"font-weight: 400;\">T\u00edtulo: O que esperar do segundo semestre para sua Revis\u00e3o Or\u00e7amenta\u0155ia, com Felipe Beraldi da Omie<\/span><\/p>\n<p><span style=\"font-weight: 400;\">Resumo: O ve\u00edculo fala com <\/span><span style=\"font-weight: 400;\">Beraldi sobre como foi o desempenho das PMEs brasileiras no primeiro semestre de 2024, como o IODE, que \u00e9 o \u00cdndice OMIE de Desempenho Econ\u00f4mico das PMEs, pode ser uma ferramenta valiosa no processo de revis\u00e3o or\u00e7ament\u00e1ria e tamb\u00e9m discutimos um pouco dos desafios espec\u00edficos das PMEs para o pr\u00f3ximo semestre<\/span><\/p>\n<p><a href=\"https:\/\/www.ivoox.com\/o-esperar-do-segundo-semestre-para-sua-audios-mp3_rf_131088491_1.html\" target=\"_blank\" rel=\"noopener\"><b>Leia aqui<\/b><\/a><\/p>\n<p>&nbsp;<\/p>\n<h1><span style=\"font-weight: 400;\">Conecta Day Guarulhos e Osasco<\/span><\/h1>\n<p><b>Ve\u00edculo: Portal ContNews<\/b><\/p>\n<p><span style=\"font-weight: 400;\">T\u00edtulo: Omie realiza evento para contadores em S\u00e3o Paulo<\/span><\/p>\n<p><span style=\"font-weight: 400;\">Resumo: Na primeira semana de julho \u00e9 a vez de Guarulhos e Osasco, em S\u00e3o Paulo, receberem o Conecta Day, evento para contadores da Omie, plataforma de gest\u00e3o (ERP) na nuvem. Com o objetivo de fortalecer a conex\u00e3o com os profissionais parceiros, os encontros promovem debates din\u00e2micos e colaborativos com exemplos pr\u00e1ticos de como realizar mudan\u00e7as importantes e alavancar o crescimento das empresas cont\u00e1beis.<\/span><\/p>\n<p><a href=\"https:\/\/www.portalcontnews.com.br\/omie-realiza-evento-para-contadores-em-sao-paulo\/\" target=\"_blank\" rel=\"noopener\"><b>Leia aqui<\/b><\/a><\/p>\n<p>&nbsp;<\/p>\n<h1><span style=\"font-weight: 400;\">Dia Internacional das MPMEs<\/span><\/h1>\n<p><b>Ve\u00edculo: Di\u00e1rio de Not\u00edcias\u00a0<\/b><\/p>\n<p><span style=\"font-weight: 400;\">T\u00edtulo: Dia Internacional das MPMEs: empresas s\u00e3o em m\u00e9dia 30% mais produtivas com uso da tecnologia<\/span><\/p>\n<p><span style=\"font-weight: 400;\">Resumo: Em 27 de junho, celebra-se o Dia Internacional das Micro, Pequenas e M\u00e9dias Empresas (MPMEs), reconhecendo sua import\u00e2ncia econ\u00f4mica e social. No Brasil, este setor inclui 21 milh\u00f5es de neg\u00f3cios ativos, impulsionando empregos e o desenvolvimento econ\u00f4mico. Empresas como GTI Plug e Person, clientes da Omie, destacam-se pelo uso de tecnologia para otimizar opera\u00e7\u00f5es e melhorar performance.<\/span><\/p>\n<p><a href=\"https:\/\/diariodenoticias.com.br\/index.php\/mais\/tecnologia\/80764-dia-internacional-das-mpmes-empresas-sao-em-media-30-mais-produtivas-com-uso-da-tecnologia\" target=\"_blank\" rel=\"noopener\"><b>Leia aqui<\/b><\/a><\/p>\n","protected":false},"excerpt":{"rendered":"<p>Venha conferir os principais releases da Omie na imprensa nas \u00faltimas semanas. Fique por dentro de tudo<\/p>\n","protected":false},"author":10,"featured_media":10991,"comment_status":"closed","ping_status":"closed","sticky":false,"template":"","format":"standard","meta":{"footnotes":""},"categories":[406],"tags":[],"class_list":["post-19457","post","type-post","status-publish","format-standard","has-post-thumbnail","hentry","category-imprensa"],"_links":{"self":[{"href":"https:\/\/www.omie.com.br\/blog\/wp-json\/wp\/v2\/posts\/19457","targetHints":{"allow":["GET"]}}],"collection":[{"href":"https:\/\/www.omie.com.br\/blog\/wp-json\/wp\/v2\/posts"}],"about":[{"href":"https:\/\/www.omie.com.br\/blog\/wp-json\/wp\/v2\/types\/post"}],"author":[{"embeddable":true,"href":"https:\/\/www.omie.com.br\/blog\/wp-json\/wp\/v2\/users\/10"}],"replies":[{"embeddable":true,"href":"https:\/\/www.omie.com.br\/blog\/wp-json\/wp\/v2\/comments?post=19457"}],"version-history":[{"count":1,"href":"https:\/\/www.omie.com.br\/blog\/wp-json\/wp\/v2\/posts\/19457\/revisions"}],"predecessor-version":[{"id":19458,"href":"https:\/\/www.omie.com.br\/blog\/wp-json\/wp\/v2\/posts\/19457\/revisions\/19458"}],"wp:featuredmedia":[{"embeddable":true,"href":"https:\/\/www.omie.com.br\/blog\/wp-json\/wp\/v2\/media\/10991"}],"wp:attachment":[{"href":"https:\/\/www.omie.com.br\/blog\/wp-json\/wp\/v2\/media?parent=19457"}],"wp:term":[{"taxonomy":"category","embeddable":true,"href":"https:\/\/www.omie.com.br\/blog\/wp-json\/wp\/v2\/categories?post=19457"},{"taxonomy":"post_tag","embeddable":true,"href":"https:\/\/www.omie.com.br\/blog\/wp-json\/wp\/v2\/tags?post=19457"}],"curies":[{"name":"wp","href":"https:\/\/api.w.org\/{rel}","templated":true}]}}