{"id":19821,"date":"2024-07-22T17:35:57","date_gmt":"2024-07-22T20:35:57","guid":{"rendered":"https:\/\/www.omie.com.br\/blog\/?p=19821"},"modified":"2024-07-22T17:35:57","modified_gmt":"2024-07-22T20:35:57","slug":"confira-os-principais-releases-da-omie-na-imprensa-3","status":"publish","type":"post","link":"https:\/\/www.omie.com.br\/blog\/confira-os-principais-releases-da-omie-na-imprensa-3\/","title":{"rendered":"Confira os principais releases da Omie na imprensa"},"content":{"rendered":"<h1><span style=\"font-weight: 400;\">Institucional<\/span><\/h1>\n<p><b>Ve\u00edculo: Poder360<\/b><\/p>\n<p><span style=\"font-weight: 400;\">T\u00edtulo: Mat\u00e9ria conta a hist\u00f3ria da Omie por meio da empresa do Marcelo Lombardo. O ve\u00edculo aborda desde a cria\u00e7\u00e3o da plataforma at\u00e9 o panorama do cen\u00e1rio da empresa atualmente.<\/span><\/p>\n<p><a href=\"https:\/\/www.poder360.com.br\/poder-empreendedor\/empresa-cria-sistema-de-gestao-para-pequeno-negocio-e-soma-150-mil-clientes\/\" target=\"_blank\" rel=\"noopener\"><b>Leia aqui<\/b><\/a><\/p>\n<p>&nbsp;<\/p>\n<h1><span style=\"font-weight: 400;\">Produto<\/span><\/h1>\n<p><b>Ve\u00edculo: Portal Contadores<\/b><\/p>\n<p><span style=\"font-weight: 400;\">T\u00edtulo: Software cont\u00e1bil: contadores apostam na tecnologia para aumentar clientes no escrit\u00f3rio<\/span><\/p>\n<p><span style=\"font-weight: 400;\">Resumo: Empresas como T\u00e1tica Gest\u00e3o Cont\u00e1bil e Contty Contabilidade contam como aumentaram os neg\u00f3cios e se tornaram mais estrat\u00e9gicos para o mercado a partir do uso da Omie.<\/span><\/p>\n<p><a href=\"https:\/\/www.contadores.cnt.br\/noticias\/artigos\/2024\/07\/22\/software-contabil-contadores-apostam-na-tecnologia-para-aumentar-clientes-no-escritorio.html\" target=\"_blank\" rel=\"noopener\"><b>Leia aqui<\/b><\/a><\/p>\n<p><b>Ve\u00edculo: Portal ContNews<\/b><\/p>\n<p><span style=\"font-weight: 400;\">T\u00edtulo:Omie anuncia integra\u00e7\u00e3o da marca G-Click<\/span><\/p>\n<p><span style=\"font-weight: 400;\">Resumo: A Omie anuncia a transforma\u00e7\u00e3o do G\u2013Click, ferramenta web que otimiza a gest\u00e3o em escrit\u00f3rios de contabilidade, em uma submarca \u2013 Omie.G\u2013Click. Agora, as duas marcas integram posicionamento, comunica\u00e7\u00e3o e identidade visual com o objetivo de diversificar a base de clientes, impulsionar o crescimento e fortalecer a presen\u00e7a no mercado.<\/span><\/p>\n<p><a href=\"https:\/\/www.portalcontnews.com.br\/omie-anuncia-integracao-da-marca-g-click\/\" target=\"_blank\" rel=\"noopener\"><b>Leia aqui<\/b><\/a><\/p>\n<p>&nbsp;<\/p>\n<h1><span style=\"font-weight: 400;\">Omie.Academy<\/span><\/h1>\n<p><b>Ve\u00edculo: Portal Empreendedor<\/b><\/p>\n<p><span style=\"font-weight: 400;\">T\u00edtulo: Omie lan\u00e7a curso gratuito sobre fluxo de caixa para pequenos neg\u00f3cios<\/span><\/p>\n<p><span style=\"font-weight: 400;\">Resumo: A Omie.Academy acaba de lan\u00e7ar o curso \u201cFluxo de Caixa para PMEs\u201d. Ministradas por Frederico Braga. A capacita\u00e7\u00e3o \u00e9 online, gratuita e com certificado. S\u00e3o 15 horas de carga hor\u00e1ria que promovem uma nova abordagem sobre fluxo de caixa, priorizando a gest\u00e3o de recursos e a sa\u00fade financeira por meio de pr\u00e1ticas e conceitos aplic\u00e1veis ao dia a dia das pequenas e m\u00e9dias empresas (PMEs).<\/span><\/p>\n<p><a href=\"https:\/\/empreendedor.com.br\/empreendedorismo\/omie-lanca-curso-gratuito-sobre-fluxo-de-caixa-para-pequenos-negocios\/\" target=\"_blank\" rel=\"noopener\"><b>Leia aqui<\/b><\/a><\/p>\n<p>&nbsp;<\/p>\n<h1><span style=\"font-weight: 400;\">Franquias<\/span><\/h1>\n<p><b>Ve\u00edculo: Broadcast &#8211; Ag\u00eancia Estado<\/b><\/p>\n<p><span style=\"font-weight: 400;\">T\u00edtulo: <\/span><span style=\"font-weight: 400;\">Sistemas e solu\u00e7\u00f5es tecnol\u00f3gicas s\u00e3o op\u00e7\u00e3o para franquias<\/span><\/p>\n<p><span style=\"font-weight: 400;\">Resumo: <\/span><span style=\"font-weight: 400;\">Com o crescimento do mercado de franquias e, consequentemente a alta competitividade, \u00e9 crucial que as franqueadoras ofere\u00e7am ferramentas avan\u00e7adas, como plataformas de gest\u00e3o centralizada, sistemas integrados e solu\u00e7\u00f5es de an\u00e1lise de dados em tempo real. Um exemplo mencionado \u00e9 a Omie, destacada por suas capacidades nesse contexto.<\/span><\/p>\n<p><a href=\"http:\/\/broadcast.com.br\/cadernos\/releases\/?id=UERtelZCVHdLRkJrd3dmeG0vQzcwdz09\" target=\"_blank\" rel=\"noopener\"><b>Leia aqui<\/b><\/a><\/p>\n<p>&nbsp;<\/p>\n<h1><span style=\"font-weight: 400;\">Eventos<\/span><\/h1>\n<p><b>Ve\u00edculo: ContNews<\/b><\/p>\n<p><span style=\"font-weight: 400;\">T\u00edtulo: <\/span><span style=\"font-weight: 400;\">Omie refor\u00e7a atua\u00e7\u00e3o no varejo com participa\u00e7\u00e3o em eventos do setor<\/span><\/p>\n<p><span style=\"font-weight: 400;\">Resumo: <\/span><span style=\"font-weight: 400;\">Nas pr\u00f3ximas semanas, a <\/span><a href=\"http:\/\/www.omie.com.br\/\"><span style=\"font-weight: 400;\">Omie<\/span><\/a><span style=\"font-weight: 400;\"> estar\u00e1 presente em dois eventos voltados ao setor de e-commerces e marketplaces \u2013 Uni E-commerce Week, entre 17 e 19 de julho, e F\u00f3rum E-Commerce Brasil, de 30 de julho a 1\u00ba de agosto. A empresa apresentar\u00e1 seu ecossistema de solu\u00e7\u00f5es de <\/span><a href=\"https:\/\/www.portalcontnews.com.br\/categorias\/gestao\/\" target=\"_blank\" rel=\"noopener\"><span style=\"font-weight: 400;\">gest\u00e3o<\/span><\/a><span style=\"font-weight: 400;\"> para o varejo, para ajudar a destravar o crescimento dos empreendedores que vendem online.<\/span><\/p>\n<p><a href=\"https:\/\/www.portalcontnews.com.br\/omie-reforca-atuacao-no-varejo-com-participacao-em-eventos-do-setor\/\" target=\"_blank\" rel=\"noopener\"><b>Leia aqui<\/b><\/a><\/p>\n<p>&nbsp;<\/p>\n<h1><span style=\"font-weight: 400;\">Campanha Desplanilhe-se na TV<\/span><\/h1>\n<p><b>Ve\u00edculo: Portal da Propaganda<\/b><\/p>\n<p><span style=\"font-weight: 400;\">T\u00edtulo: <\/span><span style=\"font-weight: 400;\">\u00a0\u201cDesplanilhe-se\u201d: Omie leva campanha para as principais emissoras de TV<\/span><\/p>\n<p><span style=\"font-weight: 400;\">Resumo: A Omie anuncia uma nova fase da campanha \u201cDesplanilhe-se com Omie!\u201d, voltada para pequenas, m\u00e9dias empresas (PMEs) e contadores. A iniciativa ser\u00e1 exibida nos principais programas de TV do Brasil, como \u2018Domingo Legal\u2019 e \u2018The Noite\u2019 (SBT), \u2018Hora do Faro\u2019 (Record), \u2018Primeiro Jornal\u2019, \u201cJogo Aberto\u201d e \u201cShow do Esporte\u201d (Band), Qual\u00e9, Mor\u00e9? e \u201cNa Grelha com Net\u00e3o\u201d (RedeTV!). Al\u00e9m disso, essa segunda onda tamb\u00e9m contar\u00e1 com parceria de influenciadores do setor\u00a0 cont\u00e1bil, como Catarina Amaral e Carol Pelegrini.<\/span><\/p>\n<p><a href=\"https:\/\/www.portaldapropaganda.com.br\/noticias\/27155\/desplanilhe-se-omie-leva-campanha-para-as-principais-emissoras-de-tv\/\" target=\"_blank\" rel=\"noopener\"><b>Leia aqui<\/b><\/a><\/p>\n","protected":false},"excerpt":{"rendered":"<p>Venha conferir os principais releases da Omie na imprensa nas \u00faltimas semanas. Fique por dentro de tudo<\/p>\n","protected":false},"author":10,"featured_media":11436,"comment_status":"closed","ping_status":"closed","sticky":false,"template":"","format":"standard","meta":{"footnotes":""},"categories":[406],"tags":[],"class_list":["post-19821","post","type-post","status-publish","format-standard","has-post-thumbnail","hentry","category-imprensa"],"_links":{"self":[{"href":"https:\/\/www.omie.com.br\/blog\/wp-json\/wp\/v2\/posts\/19821","targetHints":{"allow":["GET"]}}],"collection":[{"href":"https:\/\/www.omie.com.br\/blog\/wp-json\/wp\/v2\/posts"}],"about":[{"href":"https:\/\/www.omie.com.br\/blog\/wp-json\/wp\/v2\/types\/post"}],"author":[{"embeddable":true,"href":"https:\/\/www.omie.com.br\/blog\/wp-json\/wp\/v2\/users\/10"}],"replies":[{"embeddable":true,"href":"https:\/\/www.omie.com.br\/blog\/wp-json\/wp\/v2\/comments?post=19821"}],"version-history":[{"count":1,"href":"https:\/\/www.omie.com.br\/blog\/wp-json\/wp\/v2\/posts\/19821\/revisions"}],"predecessor-version":[{"id":19825,"href":"https:\/\/www.omie.com.br\/blog\/wp-json\/wp\/v2\/posts\/19821\/revisions\/19825"}],"wp:featuredmedia":[{"embeddable":true,"href":"https:\/\/www.omie.com.br\/blog\/wp-json\/wp\/v2\/media\/11436"}],"wp:attachment":[{"href":"https:\/\/www.omie.com.br\/blog\/wp-json\/wp\/v2\/media?parent=19821"}],"wp:term":[{"taxonomy":"category","embeddable":true,"href":"https:\/\/www.omie.com.br\/blog\/wp-json\/wp\/v2\/categories?post=19821"},{"taxonomy":"post_tag","embeddable":true,"href":"https:\/\/www.omie.com.br\/blog\/wp-json\/wp\/v2\/tags?post=19821"}],"curies":[{"name":"wp","href":"https:\/\/api.w.org\/{rel}","templated":true}]}}