{"id":21154,"date":"2024-08-19T17:40:44","date_gmt":"2024-08-19T20:40:44","guid":{"rendered":"https:\/\/www.omie.com.br\/blog\/?p=21154"},"modified":"2024-08-19T17:41:57","modified_gmt":"2024-08-19T20:41:57","slug":"confira-os-principais-releases-da-omie-na-imprensa-5","status":"publish","type":"post","link":"https:\/\/www.omie.com.br\/blog\/confira-os-principais-releases-da-omie-na-imprensa-5\/","title":{"rendered":"Confira os principais releases da Omie na imprensa"},"content":{"rendered":"<h1><span style=\"font-weight: 400;\">Sondagem PMEs<\/span><\/h1>\n<p><b>Ve\u00edculo: Jornal Cont\u00e1bil\u00a0<\/b><\/p>\n<p><span style=\"font-weight: 400;\">T\u00edtulo: Principais problemas que atrapalham o crescimento das PMEs brasileiras<\/span><\/p>\n<p><span style=\"font-weight: 400;\">Resumo: O crescimento \u00e9 um objetivo desejado por todas as empresas. No entanto, para atingi-lo, \u00e9 crucial resolver os principais desafios, especialmente entre as Pequenas e M\u00e9dias Empresas (PMEs). O que tem impedido empresas de crescer e adiado seus projetos de expans\u00e3o? Pesquisa realizada pela Omie com 298 pequenas empresas mostrou que 83% delas apresenta perspectiva de crescimento do faturamento no curto prazo.<\/span><\/p>\n<p><a href=\"https:\/\/www.jornalcontabil.com.br\/noticia\/84872\/principais-problemas-que-atrapalham-o-crescimento-das-pmes-brasileiras\" target=\"_blank\" rel=\"noopener\"><b>Leia aqui<\/b><\/a><\/p>\n<p>&nbsp;<\/p>\n<h1><span style=\"font-weight: 400;\">Omie.Academy<\/span><\/h1>\n<p><b>Ve\u00edculo: Contadores<\/b><\/p>\n<p><span style=\"font-weight: 400;\">T\u00edtulo: 5 cursos gratuitos para profissionais de contabilidade<\/span><\/p>\n<p><span style=\"font-weight: 400;\">Resumo: No din\u00e2mico campo da contabilidade, o conhecimento especializado \u00e9 crucial para o sucesso profissional. A era digital facilita o acesso a informa\u00e7\u00f5es e capacita\u00e7\u00e3o cont\u00ednua, que s\u00e3o excelentes oportunidades para aprimorar habilidades e avan\u00e7ar na carreira. A seguir, confira uma lista com cinco cursos importantes do setor para impulsionar o desenvolvimento profissional.<\/span><\/p>\n<p><a href=\"https:\/\/www.contadores.cnt.br\/noticias\/artigos\/2024\/08\/16\/5-cursos-gratuitos-para-profissionais-de-contabilidade.html\" target=\"_blank\" rel=\"noopener\"><b>Leia aqui<\/b><\/a><\/p>\n<h1><b><br \/>\n<\/b><b><br \/>\n<\/b><span style=\"font-weight: 400;\">Canal CERTO<\/span><\/h1>\n<p><b>Ve\u00edculo: Portal Cont\u00e1beis<\/b><\/p>\n<p><span style=\"font-weight: 400;\">T\u00edtulo: Omie cria canal sobre Reforma Tribut\u00e1ria e ajuda contadores na adapta\u00e7\u00e3o \u00e0s novas regras<\/span><\/p>\n<p><span style=\"font-weight: 400;\">Resumo: As regras da Reforma Tribut\u00e1ria ser\u00e3o aplicadas gradativamente at\u00e9 2030. Ser\u00e1 uma longa transi\u00e7\u00e3o e os contadores ter\u00e3o um papel central para as empresas na implanta\u00e7\u00e3o do novo modelo de tributa\u00e7\u00e3o. Com o objetivo de auxiliar a categoria nessa jornada, a Omie, plataforma de gest\u00e3o (ERP) na nuvem, lan\u00e7a o portal CERTO (Canal Exclusivo de Reforma Tribut\u00e1ria Omie) com atualiza\u00e7\u00f5es, cursos, ebooks, palestras e workshops, conte\u00fados focados nas mudan\u00e7as legislativas.<\/span><\/p>\n<p><a href=\"https:\/\/www.contabeis.com.br\/noticias\/66511\/omie-cria-canal-sobre-reforma-tributaria-e-ajuda-contadores-na-adaptacao-as-novas-regras\/\" target=\"_blank\" rel=\"noopener\"><b>Leia aqui<\/b><\/a><\/p>\n<p>&nbsp;<\/p>\n<h1><span style=\"font-weight: 400;\">Reforma Tribut\u00e1ria<\/span><\/h1>\n<p><b>Ve\u00edculo: Poder 360<\/b><\/p>\n<p><span style=\"font-weight: 400;\">T\u00edtulo:Reforma tribut\u00e1ria vai afetar PMEs de forma indireta; entenda.<\/span><\/p>\n<p><span style=\"font-weight: 400;\">Resumo:Embora a reforma tribut\u00e1ria n\u00e3o tenha inclu\u00eddo mudan\u00e7as diretas nos impostos para micro, pequenas e m\u00e9dias empresas, os empreendimentos devem se preparar para enfrentar press\u00f5es indiretas do mercado. A mat\u00e9ria traz an\u00e1lise de Felipe Beraldi da Omie e Lucas Ribeiro, tributarista parceiro da companhia.<\/span><\/p>\n<p><a href=\"https:\/\/www.poder360.com.br\/poder-empreendedor\/reforma-tributaria-vai-afetar-pmes-de-forma-indireta-entenda\/\" target=\"_blank\" rel=\"noopener\"><b>Leia aqui<\/b><\/a><\/p>\n<p>&nbsp;<\/p>\n<h1>IODE-PMEs<\/h1>\n<p><b>Ve\u00edculo: Carta Capital<\/b><\/p>\n<p><span style=\"font-weight: 400;\">T\u00edtulo: PMEs avan\u00e7am 5,2% no faturamento do segundo trimestre<\/span><\/p>\n<p><span style=\"font-weight: 400;\">Resumo:O faturamento das pequenas e m\u00e9dias empresas (PMEs) no Brasil subiu 5,2% no segundo trimestre de 2024 em compara\u00e7\u00e3o ao mesmo per\u00edodo do ano anterior, de acordo com o \u00cdndice Omie de Desempenho Econ\u00f4mico das PMEs (IODE-PMEs).<\/span><\/p>\n<p><a href=\"https:\/\/www.cartacapital.com.br\/do-micro-ao-macro\/pmes-avancam-52-no-faturamento-do-segundo-trimestre\/\" target=\"_blank\" rel=\"noopener\"><b>Leia aqui<\/b><\/a><\/p>\n","protected":false},"excerpt":{"rendered":"<p>Venha conferir os principais releases da Omie na imprensa nas \u00faltimas semanas. Fique por dentro de tudo<\/p>\n","protected":false},"author":10,"featured_media":11436,"comment_status":"closed","ping_status":"closed","sticky":false,"template":"","format":"standard","meta":{"footnotes":""},"categories":[406],"tags":[],"class_list":["post-21154","post","type-post","status-publish","format-standard","has-post-thumbnail","hentry","category-imprensa"],"_links":{"self":[{"href":"https:\/\/www.omie.com.br\/blog\/wp-json\/wp\/v2\/posts\/21154","targetHints":{"allow":["GET"]}}],"collection":[{"href":"https:\/\/www.omie.com.br\/blog\/wp-json\/wp\/v2\/posts"}],"about":[{"href":"https:\/\/www.omie.com.br\/blog\/wp-json\/wp\/v2\/types\/post"}],"author":[{"embeddable":true,"href":"https:\/\/www.omie.com.br\/blog\/wp-json\/wp\/v2\/users\/10"}],"replies":[{"embeddable":true,"href":"https:\/\/www.omie.com.br\/blog\/wp-json\/wp\/v2\/comments?post=21154"}],"version-history":[{"count":1,"href":"https:\/\/www.omie.com.br\/blog\/wp-json\/wp\/v2\/posts\/21154\/revisions"}],"predecessor-version":[{"id":21159,"href":"https:\/\/www.omie.com.br\/blog\/wp-json\/wp\/v2\/posts\/21154\/revisions\/21159"}],"wp:featuredmedia":[{"embeddable":true,"href":"https:\/\/www.omie.com.br\/blog\/wp-json\/wp\/v2\/media\/11436"}],"wp:attachment":[{"href":"https:\/\/www.omie.com.br\/blog\/wp-json\/wp\/v2\/media?parent=21154"}],"wp:term":[{"taxonomy":"category","embeddable":true,"href":"https:\/\/www.omie.com.br\/blog\/wp-json\/wp\/v2\/categories?post=21154"},{"taxonomy":"post_tag","embeddable":true,"href":"https:\/\/www.omie.com.br\/blog\/wp-json\/wp\/v2\/tags?post=21154"}],"curies":[{"name":"wp","href":"https:\/\/api.w.org\/{rel}","templated":true}]}}