{"id":21430,"date":"2024-09-03T14:09:58","date_gmt":"2024-09-03T17:09:58","guid":{"rendered":"https:\/\/www.omie.com.br\/blog\/?p=21430"},"modified":"2024-09-03T14:11:06","modified_gmt":"2024-09-03T17:11:06","slug":"confira-os-principais-releases-da-omie-na-imprensa-6","status":"publish","type":"post","link":"https:\/\/www.omie.com.br\/blog\/confira-os-principais-releases-da-omie-na-imprensa-6\/","title":{"rendered":"Confira os principais releases da Omie na imprensa"},"content":{"rendered":"\n<h2 class=\"wp-block-heading\">Campanha Desplanilhe-se<\/h2>\n\n\n\n<p><strong>Ve\u00edculo: Promoview<\/strong><\/p>\n\n\n\n<p>T\u00edtulo: Omie cria jogo de tabuleiro que aborda a jornada do empreendedor<\/p>\n\n\n\n<p>Resumo: Com o intuito de impulsionar a campanha \u201cDesplanilhe-se\u201d, a Omie envelopou o seu pr\u00e9dio, localizado no bairro do Brooklin, zona sul de S\u00e3o Paulo e com vista para a Ponte Estaiada. Al\u00e9m disso, a plataforma tamb\u00e9m criou o Jogo do Empreendedor.<\/p>\n\n\n\n<p><a href=\"https:\/\/www.promoview.com.br\/experiencia-de-marca\/midia\/ooh\/omie-cria-jogo-de-tabuleiro-que-aborda-a-jornada-do-empreendedor\/\" target=\"_blank\" rel=\"noopener\"><strong>Leia aqui<\/strong><\/a><\/p>\n\n\n\n<p><\/p>\n\n\n\n<h2 class=\"wp-block-heading\">Omie.Academy <\/h2>\n\n\n\n<p><strong>Ve\u00edculo: Na pr\u00e1tica<\/strong><\/p>\n\n\n\n<p>T\u00edtulo: Cursos gratuitos com certificado: 70 sites com \u00f3timas op\u00e7\u00f5es<\/p>\n\n\n\n<p>Resumo: A internet est\u00e1 cheia de cursos online gratuitos com certificado, dispon\u00edveis para pessoas de diferentes n\u00edveis de experi\u00eancia. O problema, na maioria das vezes, \u00e9 encontrar todos eles, saber quais s\u00e3o os confi\u00e1veis e descobrir exatamente o que queremos.Confira na mat\u00e9ria uma lista de sites com cursos gratuitos, entre eles a Omie.Academy.<\/p>\n\n\n\n<p><a href=\"https:\/\/www.napratica.org.br\/plataformas-de-cursos-online-e-gratuitos-com-certificado\" target=\"_blank\" rel=\"noopener\"><strong>Leia aqui<\/strong><\/a><\/p>\n\n\n\n<p><\/p>\n\n\n\n<h2 class=\"wp-block-heading\">Canal CERTO<\/h2>\n\n\n\n<p><strong>Ve\u00edculo: Portal ContNews<\/strong><\/p>\n\n\n\n<p>T\u00edtulo: Omie cria canal sobre Reforma Tribut\u00e1ria e ajuda contadores na adapta\u00e7\u00e3o \u00e0s novas regras<\/p>\n\n\n\n<p>Resumo: As regras da Reforma Tribut\u00e1ria ser\u00e3o aplicadas gradativamente at\u00e9 2030. Ser\u00e1 uma longa transi\u00e7\u00e3o e os contadores ter\u00e3o um papel central para as empresas na implanta\u00e7\u00e3o do novo modelo de tributa\u00e7\u00e3o. Com o objetivo de auxiliar a categoria nessa jornada, a Omie, plataforma de gest\u00e3o (ERP) na nuvem, lan\u00e7a o portal CERTO (Canal Exclusivo de Reforma Tribut\u00e1ria Omie) com atualiza\u00e7\u00f5es, cursos, ebooks, palestras e workshops, conte\u00fados focados nas mudan\u00e7as legislativas.<\/p>\n\n\n\n<p><a href=\"https:\/\/www.portalcontnews.com.br\/omie-cria-canal-sobre-reforma-tributaria-e-ajuda-contadores-na-adaptacao-as-novas-regras-2\/\" target=\"_blank\" rel=\"noopener\"><strong>Leia aqui<\/strong><\/a><\/p>\n\n\n\n<p><\/p>\n\n\n\n<h2 class=\"wp-block-heading\">IODE-PMEs <\/h2>\n\n\n\n<p><strong>Ve\u00edculo: Jornal Estad\u00e3o &#8211; Broadcast<\/strong><\/p>\n\n\n\n<p>T\u00edtulo: Pequenas ind\u00fastrias avan\u00e7am em julho<\/p>\n\n\n\n<p>Resumo: Segmento cresceu 18,5% em um ano, aproximando-o do desempenho do com\u00e9rcio. Acesse a vers\u00e3o impressa na mat\u00e9ria.<\/p>\n\n\n\n<p><a href=\"https:\/\/extranet.cservice.io\/viewnews.html?newsId%3d72396082%26channelId%3d1934%26customerId%3dTZWiGDfKabSx4c9%2bFAVqtg%3d%3d%26newsletterId%3decfa7f34-edd0-4a92-b226-5a8743a1325a\" target=\"_blank\" rel=\"noopener\"><strong>Leia aqui<\/strong><\/a><\/p>\n\n\n\n<p><br><strong>Ve\u00edculo: Exame<\/strong><\/p>\n\n\n\n<p>T\u00edtulo: Com alta de 13% em julho, faturamento das PMEs inicia terceiro trimestre em alta<\/p>\n\n\n\n<p>Resumo: A movimenta\u00e7\u00e3o financeira m\u00e9dia das pequenas e m\u00e9dias empresas (PMEs) brasileiras registrou alta de 13% em julho, de acordo com o \u00cdndice Omie de Desempenho Econ\u00f4mico das PMEs (IODE-PMEs). No acumulado do ano, o \u00edndice apresenta crescimento de 5,6% frente ao mesmo per\u00edodo de 2023. A alta ocorreu de maneira disseminada, com maior destaque para os setores da Ind\u00fastria e Com\u00e9rcio.<\/p>\n\n\n\n<p><a href=\"https:\/\/exame.com\/negocios\/com-alta-de-13-em-julho-faturamento-das-pmes-inicia-terceiro-trimestre-em-alta\/\" target=\"_blank\" rel=\"noopener\"><strong>Leia aqui<\/strong><\/a><\/p>\n","protected":false},"excerpt":{"rendered":"<p>Venha conferir os principais releases da Omie na imprensa nas \u00faltimas semanas. Fique por dentro de tudo<\/p>\n","protected":false},"author":10,"featured_media":10991,"comment_status":"closed","ping_status":"closed","sticky":false,"template":"","format":"standard","meta":{"footnotes":""},"categories":[406],"tags":[],"class_list":["post-21430","post","type-post","status-publish","format-standard","has-post-thumbnail","hentry","category-imprensa"],"_links":{"self":[{"href":"https:\/\/www.omie.com.br\/blog\/wp-json\/wp\/v2\/posts\/21430","targetHints":{"allow":["GET"]}}],"collection":[{"href":"https:\/\/www.omie.com.br\/blog\/wp-json\/wp\/v2\/posts"}],"about":[{"href":"https:\/\/www.omie.com.br\/blog\/wp-json\/wp\/v2\/types\/post"}],"author":[{"embeddable":true,"href":"https:\/\/www.omie.com.br\/blog\/wp-json\/wp\/v2\/users\/10"}],"replies":[{"embeddable":true,"href":"https:\/\/www.omie.com.br\/blog\/wp-json\/wp\/v2\/comments?post=21430"}],"version-history":[{"count":1,"href":"https:\/\/www.omie.com.br\/blog\/wp-json\/wp\/v2\/posts\/21430\/revisions"}],"predecessor-version":[{"id":21431,"href":"https:\/\/www.omie.com.br\/blog\/wp-json\/wp\/v2\/posts\/21430\/revisions\/21431"}],"wp:featuredmedia":[{"embeddable":true,"href":"https:\/\/www.omie.com.br\/blog\/wp-json\/wp\/v2\/media\/10991"}],"wp:attachment":[{"href":"https:\/\/www.omie.com.br\/blog\/wp-json\/wp\/v2\/media?parent=21430"}],"wp:term":[{"taxonomy":"category","embeddable":true,"href":"https:\/\/www.omie.com.br\/blog\/wp-json\/wp\/v2\/categories?post=21430"},{"taxonomy":"post_tag","embeddable":true,"href":"https:\/\/www.omie.com.br\/blog\/wp-json\/wp\/v2\/tags?post=21430"}],"curies":[{"name":"wp","href":"https:\/\/api.w.org\/{rel}","templated":true}]}}