{"id":21553,"date":"2024-09-16T17:00:40","date_gmt":"2024-09-16T20:00:40","guid":{"rendered":"https:\/\/www.omie.com.br\/blog\/?p=21553"},"modified":"2024-09-18T12:59:25","modified_gmt":"2024-09-18T15:59:25","slug":"confira-os-principais-releases-da-omie-na-imprensa-7","status":"publish","type":"post","link":"https:\/\/www.omie.com.br\/blog\/confira-os-principais-releases-da-omie-na-imprensa-7\/","title":{"rendered":"Confira os principais releases da Omie na imprensa"},"content":{"rendered":"\n<h2 class=\"wp-block-heading\">IODE PMEs<\/h2>\n\n\n\n<p><strong>Ve\u00edculo: Marcas Pelo mundo<\/strong><\/p>\n\n\n\n<p>T\u00edtulo: G4 Educa\u00e7\u00e3o mostra for\u00e7a das pequenas e m\u00e9dias empresas brasileiras<\/p>\n\n\n\n<p>Resumo: Para lan\u00e7ar a campanha da G4 Educa\u00e7\u00e3o sobre a for\u00e7a das pequenas e m\u00e9dias empresas brasileiras, a empresa traz o IODE para falar do mercado das PMEs.<\/p>\n\n\n\n<p><a href=\"https:\/\/oglobo.globo.com\/blogs\/miriam-leitao\/post\/2024\/09\/faturamento-das-pequenas-e-medias-empresas-cresce-1percent-em-agosto.ghtml\" target=\"_blank\" rel=\"noopener\"><strong><em>Leia aqui<\/em><\/strong><\/a><\/p>\n\n\n\n<p><br><strong>Ve\u00edculo: O Globo<\/strong><\/p>\n\n\n\n<p>T\u00edtulo: Faturamento das pequenas e m\u00e9dias empresas cresce 1% em agosto<\/p>\n\n\n\n<p>Resumo: O faturamento de pequenas e m\u00e9dias empresas em agosto cresceu 1% em rela\u00e7\u00e3o ao mesmo m\u00eas do ano passado, de acordo com \u00cdndice Omie de Desempenho Econ\u00f4mico das PMEs (IODE-PMEs). No acumulado do ano, o setor apresenta expans\u00e3o de 4,9% frente ao mesmo per\u00edodo de 2023.<\/p>\n\n\n\n<p><a href=\"https:\/\/oglobo.globo.com\/blogs\/miriam-leitao\/post\/2024\/09\/faturamento-das-pequenas-e-medias-empresas-cresce-1percent-em-agosto.ghtml\" target=\"_blank\" rel=\"noopener\"><strong><em>Leia aqui<\/em><\/strong><\/a><\/p>\n\n\n\n<p><\/p>\n\n\n\n<h2 class=\"wp-block-heading\">Omie.Academy<\/h2>\n\n\n\n<p><strong>Ve\u00edculo: Catraca Livre<\/strong><\/p>\n\n\n\n<p>T\u00edtulo: Conhe\u00e7a 20 sites que oferecem cursos gratuitos com certificado e d\u00ea um up no curr\u00edculo<\/p>\n\n\n\n<p>Resumo: A internet est\u00e1 cheia de cursos online gratuitos com certificado, dispon\u00edveis para pessoas de diferentes n\u00edveis de experi\u00eancia. O problema, na maioria das vezes, \u00e9 encontrar todos eles, saber quais s\u00e3o os confi\u00e1veis e descobrir exatamente o que queremos.Confira na mat\u00e9ria uma lista de sites com cursos gratuitos, entre eles a Omie.Academy.<\/p>\n\n\n\n<p><a href=\"https:\/\/catracalivre.com.br\/educacao\/conheca-20-sites-que-oferecem-cursos-gratuitos-com-certificado-e-de-um-up-no-curriculo\/\" target=\"_blank\" rel=\"noopener\"><strong><em>Leia aqui<\/em><\/strong><\/a><\/p>\n\n\n\n<p><\/p>\n\n\n\n<h2 class=\"wp-block-heading\">CBC<\/h2>\n\n\n\n<p><strong>Ve\u00edculo: ContNews<\/strong><\/p>\n\n\n\n<p>T\u00edtulo: 21\u00ba CBC: saiba sobre Reforma Tribut\u00e1ria e as oportunidades para o setor cont\u00e1bil<\/p>\n\n\n\n<p>Resumo: At\u00e9 o dia 11 de setembro, acontece o 21\u00ba Congresso Brasileiro de Contabilidade, em Balne\u00e1rio Cambori\u00fa (SC). A Omie, plataforma de gest\u00e3o (ERP) na nuvem, estar\u00e1 presente no evento com solu\u00e7\u00f5es para otimizar a gest\u00e3o nos escrit\u00f3rios cont\u00e1beis, al\u00e9m de discutir sobre um tema relevante e quente do mercado, a Reforma Tribut\u00e1ria.<\/p>\n\n\n\n<p><a href=\"https:\/\/www.portalcontnews.com.br\/21o-cbc-saiba-sobre-reforma-tributaria-e-as-oportunidades-para-o-setor-contabil\/\" target=\"_blank\" rel=\"noopener\"><strong><em>Leia aqui<\/em><\/strong><\/a><\/p>\n\n\n\n<p><\/p>\n\n\n\n<h2 class=\"wp-block-heading\">ERP Omie<\/h2>\n\n\n\n<p><strong>Ve\u00edculo: Podcast Sebrae Startups &#8211; A Jornada<\/strong><\/p>\n\n\n\n<p>T\u00edtulo: Arbitragem e competitividade empresarial: Uma abordagem sobre resolu\u00e7\u00e3o de conflitos<\/p>\n\n\n\n<p>Resumo: Marcelo Lombardo participa de entrevista para o podcast e conta sua trajet\u00f3ria profissional, como a funda\u00e7\u00e3o da Omie.<\/p>\n\n\n\n<p><a href=\"https:\/\/open.spotify.com\/episode\/1aFpDhSrv6tqOtFGpD2sjd\" target=\"_blank\" rel=\"noopener\"><strong><em>Leia aqui<\/em><\/strong><\/a><\/p>\n","protected":false},"excerpt":{"rendered":"<p>Venha conferir os principais releases da Omie na imprensa nas \u00faltimas semanas. Fique por dentro de tudo<\/p>\n","protected":false},"author":10,"featured_media":11436,"comment_status":"closed","ping_status":"closed","sticky":false,"template":"","format":"standard","meta":{"footnotes":""},"categories":[406],"tags":[],"class_list":["post-21553","post","type-post","status-publish","format-standard","has-post-thumbnail","hentry","category-imprensa"],"_links":{"self":[{"href":"https:\/\/www.omie.com.br\/blog\/wp-json\/wp\/v2\/posts\/21553","targetHints":{"allow":["GET"]}}],"collection":[{"href":"https:\/\/www.omie.com.br\/blog\/wp-json\/wp\/v2\/posts"}],"about":[{"href":"https:\/\/www.omie.com.br\/blog\/wp-json\/wp\/v2\/types\/post"}],"author":[{"embeddable":true,"href":"https:\/\/www.omie.com.br\/blog\/wp-json\/wp\/v2\/users\/10"}],"replies":[{"embeddable":true,"href":"https:\/\/www.omie.com.br\/blog\/wp-json\/wp\/v2\/comments?post=21553"}],"version-history":[{"count":1,"href":"https:\/\/www.omie.com.br\/blog\/wp-json\/wp\/v2\/posts\/21553\/revisions"}],"predecessor-version":[{"id":21554,"href":"https:\/\/www.omie.com.br\/blog\/wp-json\/wp\/v2\/posts\/21553\/revisions\/21554"}],"wp:featuredmedia":[{"embeddable":true,"href":"https:\/\/www.omie.com.br\/blog\/wp-json\/wp\/v2\/media\/11436"}],"wp:attachment":[{"href":"https:\/\/www.omie.com.br\/blog\/wp-json\/wp\/v2\/media?parent=21553"}],"wp:term":[{"taxonomy":"category","embeddable":true,"href":"https:\/\/www.omie.com.br\/blog\/wp-json\/wp\/v2\/categories?post=21553"},{"taxonomy":"post_tag","embeddable":true,"href":"https:\/\/www.omie.com.br\/blog\/wp-json\/wp\/v2\/tags?post=21553"}],"curies":[{"name":"wp","href":"https:\/\/api.w.org\/{rel}","templated":true}]}}