{"id":21763,"date":"2024-10-01T14:43:25","date_gmt":"2024-10-01T17:43:25","guid":{"rendered":"https:\/\/www.omie.com.br\/blog\/?p=21763"},"modified":"2024-10-01T14:45:38","modified_gmt":"2024-10-01T17:45:38","slug":"confira-os-principais-releases-da-omie-na-imprensa-8","status":"publish","type":"post","link":"https:\/\/www.omie.com.br\/blog\/confira-os-principais-releases-da-omie-na-imprensa-8\/","title":{"rendered":"Confira os principais releases da Omie na imprensa"},"content":{"rendered":"\n<h2 class=\"wp-block-heading\">PDV.Restaurante<\/h2>\n\n\n\n<p><strong>Ve\u00edculo: Abrasel<\/strong><\/p>\n\n\n\n<p>T\u00edtulo: 5 benef\u00edcios da tecnologia para o setor de bares e restaurantes<br><\/p>\n\n\n\n<p>Resumo: O setor de bares e restaurantes registrou um crescimento de 22% (abertura de empresas) em rela\u00e7\u00e3o ao ano anterior. Nesse cen\u00e1rio, \u00e9 vital que os empres\u00e1rios adotem tecnologias, como sistemas de Ponto de Vendas (PDV), para fortalecer seus neg\u00f3cios. Uma op\u00e7\u00e3o acess\u00edvel \u00e9 o Omie.PDV Restaurante, dispon\u00edvel gratuitamente na Google Play Store.<br><a href=\"https:\/\/abrasel.com.br\/revista\/gestao-do-setor\/5-beneficios-tecnologia-setor\/\" target=\"_blank\" rel=\"noopener\"><strong><em>Leia aqui<\/em><\/strong><\/a><\/p>\n\n\n\n<p><\/p>\n\n\n\n<h2 class=\"wp-block-heading\">Franquias<\/h2>\n\n\n\n<p><strong>Ve\u00edculo: The News<\/strong><\/p>\n\n\n\n<p>T\u00edtulo: Andrea e Marco tiveram retorno em 7 meses<br><\/p>\n\n\n\n<p>Resumo: Eles viraram parceiros da Omie, plataforma digital que organiza opera\u00e7\u00f5es de pequenas e m\u00e9dias empresas, com franquias que geram faturamento m\u00e9dio de R$ 1,5 milh\u00e3o por m\u00eas. Clique aqui pra fazer parte e ter lucro sob o seu investimento.<br><a href=\"https:\/\/thenewscc.beehiiv.com\/p\/23-09-2024\" target=\"_blank\" rel=\"noopener\"><strong><em>Leia aqui<\/em><\/strong><\/a><\/p>\n\n\n\n<p><\/p>\n\n\n\n<h2 class=\"wp-block-heading\">BF 2024<\/h2>\n\n\n\n<p><strong>Ve\u00edculo: Gazeta da Semana<\/strong><\/p>\n\n\n\n<p>T\u00edtulo: Aurora Suh, CRO na Omie | Tech para transformar empresas e o Brasil<br><\/p>\n\n\n\n<p>Resumo: As expectativas para a Black Friday s\u00e3o promissoras. Com o mercado de trabalho em alta e a recupera\u00e7\u00e3o do cr\u00e9dito, as vendas devem crescer neste semestre. A seguir, confira quatro dicas essenciais do e-book sobre Black Friday da Omie para impulsionar as vendas<br><a href=\"https:\/\/gazetadasemana.com.br\/noticia\/191934\/quatro-dicas-para-potencializar-as-vendas-na-black-friday\" target=\"_blank\" rel=\"noopener\"><strong><em>Leia aqui<\/em><\/strong><\/a><\/p>\n\n\n\n<p><\/p>\n\n\n\n<h2 class=\"wp-block-heading\">Loggi e Omie<\/h2>\n\n\n\n<p><strong>Ve\u00edculo: LogWeb<\/strong><\/p>\n\n\n\n<p>T\u00edtulo: Omie e Loggi se unem para oferecer gest\u00e3o e log\u00edstica mais eficientes para PMEs<br><\/p>\n\n\n\n<p>Resumo:A Omie firma parceria com a Loggi e agora as PMEs ter\u00e3o iintegra\u00e7\u00e3o do sistema de gest\u00e3o empresarial com o servi\u00e7o de log\u00edstica, que possibilita o agendamento da entrega de produtos pela Loggi diretamente pelo ERP Omie, simplificando processos e garantindo mais agilidade.<br><a href=\"https:\/\/www.logweb.com.br\/omie-e-loggi-se-unem-para-oferecer-gestao-e-logistica-mais-eficientes-para-pmes\/\" target=\"_blank\" rel=\"noopener\"><strong><em>Leia aqui<\/em><\/strong><\/a><\/p>\n\n\n\n<p><\/p>\n\n\n\n<h2 class=\"wp-block-heading\">Dia do Contador<\/h2>\n\n\n\n<p><strong>Ve\u00edculo: Jornal Cont\u00e1bil<\/strong><\/p>\n\n\n\n<p>T\u00edtulo: Dia do Contador: 7 \u00e1reas para quem quer trabalhar com contabilidade<br><\/p>\n\n\n\n<p>Resumo: Trabalhar com contabilidade oferece diversas oportunidades em \u00e1reas que v\u00e3o muito al\u00e9m do tradicional e provam que a profiss\u00e3o, que est\u00e1 em alta, se torna cada vez mais essencial. Um cen\u00e1rio de mudan\u00e7as, como as exigidas pela Reforma Tribut\u00e1ria, por exemplo, pede profissionais preparados. Com isso, em homenagem ao Dia do Contador, comemorado no pr\u00f3ximo dia 22 de setembro, conhe\u00e7a alguns setores e a import\u00e2ncia de cada um para quem deseja trabalhar nesse mercado.<br><a href=\"https:\/\/www.jornalcontabil.com.br\/dia-do-contador-7-areas-para-quem-quer-trabalhar-com-contabilidade\/\" target=\"_blank\" rel=\"noopener\"><em><strong>Leia aqui<\/strong><br><\/em><br><\/a><\/p>\n\n\n\n<h2 class=\"wp-block-heading\">Omie Institucional<\/h2>\n\n\n\n<p><strong>Ve\u00edculo: Podcast Alfa<\/strong><\/p>\n\n\n\n<p>T\u00edtulo: Aurora Suh, CRO na Omie | Tech para transformar empresas e o Brasil<br><\/p>\n\n\n\n<p>Resumo: Entrevista da Aurora para o podcast Alfa sobre o que \u00e9 a Omie, como ela ajuda as PMEs no Brasil, seus servi\u00e7os e constru\u00e7\u00e3o de marca.<br><a href=\"https:\/\/www.youtube.com\/watch?v=BPRg9LEmWlY\" target=\"_blank\" rel=\"noopener\"><strong><em>Leia aqui<\/em><\/strong><\/a><\/p>\n","protected":false},"excerpt":{"rendered":"<p>Venha conferir os principais releases da Omie na imprensa nas \u00faltimas semanas. Fique por dentro de tudo<\/p>\n","protected":false},"author":10,"featured_media":10991,"comment_status":"closed","ping_status":"closed","sticky":false,"template":"","format":"standard","meta":{"footnotes":""},"categories":[406,394],"tags":[],"class_list":["post-21763","post","type-post","status-publish","format-standard","has-post-thumbnail","hentry","category-imprensa","category-omie"],"_links":{"self":[{"href":"https:\/\/www.omie.com.br\/blog\/wp-json\/wp\/v2\/posts\/21763","targetHints":{"allow":["GET"]}}],"collection":[{"href":"https:\/\/www.omie.com.br\/blog\/wp-json\/wp\/v2\/posts"}],"about":[{"href":"https:\/\/www.omie.com.br\/blog\/wp-json\/wp\/v2\/types\/post"}],"author":[{"embeddable":true,"href":"https:\/\/www.omie.com.br\/blog\/wp-json\/wp\/v2\/users\/10"}],"replies":[{"embeddable":true,"href":"https:\/\/www.omie.com.br\/blog\/wp-json\/wp\/v2\/comments?post=21763"}],"version-history":[{"count":3,"href":"https:\/\/www.omie.com.br\/blog\/wp-json\/wp\/v2\/posts\/21763\/revisions"}],"predecessor-version":[{"id":21766,"href":"https:\/\/www.omie.com.br\/blog\/wp-json\/wp\/v2\/posts\/21763\/revisions\/21766"}],"wp:featuredmedia":[{"embeddable":true,"href":"https:\/\/www.omie.com.br\/blog\/wp-json\/wp\/v2\/media\/10991"}],"wp:attachment":[{"href":"https:\/\/www.omie.com.br\/blog\/wp-json\/wp\/v2\/media?parent=21763"}],"wp:term":[{"taxonomy":"category","embeddable":true,"href":"https:\/\/www.omie.com.br\/blog\/wp-json\/wp\/v2\/categories?post=21763"},{"taxonomy":"post_tag","embeddable":true,"href":"https:\/\/www.omie.com.br\/blog\/wp-json\/wp\/v2\/tags?post=21763"}],"curies":[{"name":"wp","href":"https:\/\/api.w.org\/{rel}","templated":true}]}}