{"id":21827,"date":"2024-10-15T15:50:56","date_gmt":"2024-10-15T18:50:56","guid":{"rendered":"https:\/\/www.omie.com.br\/blog\/?p=21827"},"modified":"2024-10-15T15:53:52","modified_gmt":"2024-10-15T18:53:52","slug":"confira-os-principais-releases-da-omie-na-imprensa-9","status":"publish","type":"post","link":"https:\/\/www.omie.com.br\/blog\/confira-os-principais-releases-da-omie-na-imprensa-9\/","title":{"rendered":"Confira os principais releases da Omie na imprensa"},"content":{"rendered":"\n<h2 class=\"wp-block-heading\">Franquias Omie<\/h2>\n\n\n\n<p><strong>Ve\u00edculo: Mapa das Franquias<\/strong><\/p>\n\n\n\n<p>T\u00edtulo: Omie inaugura 18 franquias em nove regi\u00f5es do Brasil<\/p>\n\n\n\n<p>Resumo: A Omie acaba de inaugurar 18 franquias nos estados da Bahia, Esp\u00edrito Santo, Goi\u00e1s, Rio Grande do Norte, Minas Gerais, Paran\u00e1, Pernambuco, Rio de Janeiro e S\u00e3o Paulo. As unidades de tecnologia levam os benef\u00edcios do ERP \u2013 que, por meio da automatiza\u00e7\u00e3o de processos, gera redu\u00e7\u00e3o de custos e aumento de produtividade \u2013 para impulsionar os neg\u00f3cios locais.<br><a href=\"https:\/\/mapadasfranquias.com.br\/noticia\/omie-inaugura-18-franquias-em-nove-regioes-do-brasil\/\" target=\"_blank\" rel=\"noopener\"><strong><em>Leia aqui<\/em><\/strong><\/a><\/p>\n\n\n\n<p><\/p>\n\n\n\n<h2 class=\"wp-block-heading\">Franquias Omie<\/h2>\n\n\n\n<p><strong>Ve\u00edculo: Portal ContNews<\/strong><\/p>\n\n\n\n<p>T\u00edtulo: Oportunidade de neg\u00f3cio para contadores: franquias de tecnologia<\/p>\n\n\n\n<p>Resumo: Com o crescimento acelerado do mercado de tecnologia e a demanda crescente por solu\u00e7\u00f5es voltadas para pequenas e m\u00e9dias empresas (PMEs), os contadores t\u00eam a possibilidade de investir em franquias de solu\u00e7\u00f5es de gest\u00e3o empresarial, como serem franqueados da Omie.<br><a href=\"https:\/\/www.contabeis.com.br\/noticias\/67509\/oportunidade-de-negocio-para-contadores-franquias-de-tecnologia\/\" target=\"_blank\" rel=\"noopener\"><strong><em>Leia aqui<\/em><\/strong><\/a><\/p>\n\n\n\n<p><\/p>\n\n\n\n<h2 class=\"wp-block-heading\">Omie Academy<\/h2>\n\n\n\n<p><strong>Ve\u00edculo: ABES &#8211; Associa\u00e7\u00e3o Brasileira das Empresas de Software<\/strong><\/p>\n\n\n\n<p>T\u00edtulo: Omie leva ERP para salas de aulas de universidades<\/p>\n\n\n\n<p>Resumo: Alunos de institui\u00e7\u00f5es do Ecossistema \u00c2nima, UNIFACP e Unoesc ser\u00e3o preparados para o mercado de trabalho com o contato pr\u00e1tico do ERP Omie.<br><a href=\"https:\/\/abes.com.br\/omie-leva-erp-para-salas-de-aulas-de-universidades\/\" target=\"_blank\" rel=\"noopener\"><strong><em>Leia aqui<\/em><\/strong><\/a><\/p>\n\n\n\n<p><\/p>\n\n\n\n<h2 class=\"wp-block-heading\">Dia do Empreendedor<\/h2>\n\n\n\n<p><strong>Ve\u00edculo: Exame<\/strong><\/p>\n\n\n\n<p>T\u00edtulo: Dia do Empreendedor: 8 livros recomendados por fundadores e CEOs de sucesso<\/p>\n\n\n\n<p>Resumo: Para comemorar a data, 6 empreendedores e executivos, de empresas como Petz, KaBuM!, Bemobi, Omie, S\u00f3lides e Superl\u00f3gica, indicam leituras que os ajudaram nos neg\u00f3cios, carreira e at\u00e9 na vida pessoal<br><a href=\"https:\/\/exame.com\/negocios\/dia-do-empreendedor-8-livros-recomendados-por-fundadores-e-ceos-de-sucesso\/\" target=\"_blank\" rel=\"noopener\"><strong><em>Leia aqui<\/em><\/strong><\/a><\/p>\n\n\n\n<p><\/p>\n\n\n\n<h2 class=\"wp-block-heading\">Reforma Tribut\u00e1ria<\/h2>\n\n\n\n<p><strong>Ve\u00edculo: E Sucessul<\/strong><\/p>\n\n\n\n<p>T\u00edtulo: Reforma tribut\u00e1ria traz novos desafios para os pequenos neg\u00f3cios<\/p>\n\n\n\n<p>Resumo: Mais de dois milh\u00f5es de empresas do Simples Nacional est\u00e3o em atividades ligadas majoritariamente ao B2B; Setor precisar\u00e1 estar mais atento a quest\u00f5es ligadas \u00e0 apropria\u00e7\u00e3o e gera\u00e7\u00e3o de cr\u00e9dito tribut\u00e1rio. \u00c9 o que diz artigo do Felipe Berald para empreendedores.<br><a href=\"https:\/\/esucessu.com.br\/noticias\/artigos\/2024\/10\/02\/reforma-tributaria-traz-novos-desafios-para-os-pequenos-negocios.html\" target=\"_blank\" rel=\"noopener\"><strong><em>Leia aqui<\/em><\/strong><\/a><\/p>\n","protected":false},"excerpt":{"rendered":"<p>Venha conferir os principais releases da Omie na imprensa nas \u00faltimas semanas. Fique por dentro de tudo.<\/p>\n","protected":false},"author":10,"featured_media":11436,"comment_status":"closed","ping_status":"closed","sticky":false,"template":"","format":"standard","meta":{"footnotes":""},"categories":[394,406],"tags":[],"class_list":["post-21827","post","type-post","status-publish","format-standard","has-post-thumbnail","hentry","category-omie","category-imprensa"],"_links":{"self":[{"href":"https:\/\/www.omie.com.br\/blog\/wp-json\/wp\/v2\/posts\/21827","targetHints":{"allow":["GET"]}}],"collection":[{"href":"https:\/\/www.omie.com.br\/blog\/wp-json\/wp\/v2\/posts"}],"about":[{"href":"https:\/\/www.omie.com.br\/blog\/wp-json\/wp\/v2\/types\/post"}],"author":[{"embeddable":true,"href":"https:\/\/www.omie.com.br\/blog\/wp-json\/wp\/v2\/users\/10"}],"replies":[{"embeddable":true,"href":"https:\/\/www.omie.com.br\/blog\/wp-json\/wp\/v2\/comments?post=21827"}],"version-history":[{"count":3,"href":"https:\/\/www.omie.com.br\/blog\/wp-json\/wp\/v2\/posts\/21827\/revisions"}],"predecessor-version":[{"id":21831,"href":"https:\/\/www.omie.com.br\/blog\/wp-json\/wp\/v2\/posts\/21827\/revisions\/21831"}],"wp:featuredmedia":[{"embeddable":true,"href":"https:\/\/www.omie.com.br\/blog\/wp-json\/wp\/v2\/media\/11436"}],"wp:attachment":[{"href":"https:\/\/www.omie.com.br\/blog\/wp-json\/wp\/v2\/media?parent=21827"}],"wp:term":[{"taxonomy":"category","embeddable":true,"href":"https:\/\/www.omie.com.br\/blog\/wp-json\/wp\/v2\/categories?post=21827"},{"taxonomy":"post_tag","embeddable":true,"href":"https:\/\/www.omie.com.br\/blog\/wp-json\/wp\/v2\/tags?post=21827"}],"curies":[{"name":"wp","href":"https:\/\/api.w.org\/{rel}","templated":true}]}}