{"id":22397,"date":"2024-11-26T15:53:02","date_gmt":"2024-11-26T18:53:02","guid":{"rendered":"https:\/\/www.omie.com.br\/blog\/?p=22397"},"modified":"2024-11-28T10:35:35","modified_gmt":"2024-11-28T13:35:35","slug":"confira-os-principais-releases-da-omie-na-imprensa-12","status":"publish","type":"post","link":"https:\/\/www.omie.com.br\/blog\/confira-os-principais-releases-da-omie-na-imprensa-12\/","title":{"rendered":"Confira os principais releases da Omie na imprensa"},"content":{"rendered":"\n<h1 class=\"wp-block-heading\">Reforma Tribut\u00e1ria<\/h1>\n\n\n\n<p><strong>Ve\u00edculo:<\/strong> Portal Cont\u00e1beis<\/p>\n\n\n\n<p>T\u00edtulo:\u00a0 Reforma Tribut\u00e1ria: novas oportunidades para contadores<\/p>\n\n\n\n<p>Resumo:A reforma tribut\u00e1ria no Brasil traz desafios e oportunidades para contadores, permitindo que ampliem sua atua\u00e7\u00e3o como consultores estrat\u00e9gicos e impulsionem o faturamento. Para apoi\u00e1-los na adapta\u00e7\u00e3o e agregar valor aos clientes, a Omie lan\u00e7ou o Portal CERTO, com recursos como atualiza\u00e7\u00f5es, cursos, ebooks, palestras e mentorias focados nas mudan\u00e7as legislativas.<\/p>\n\n\n\n<p><a href=\"https:\/\/www.contabeis.com.br\/noticias\/68163\/reforma-tributaria-novas-oportunidades-para-contadores\/\" target=\"_blank\" rel=\"noopener\"><em>\u00a0<strong>Leia aqui<\/strong><\/em><\/a><\/p>\n\n\n\n<p><br><strong>Ve\u00edculo:<\/strong> Carta Capital<\/p>\n\n\n\n<p>T\u00edtulo: Quatro raz\u00f5es para pequenos neg\u00f3cios iniciarem j\u00e1 o planejamento da Reforma Tribut\u00e1ria<br>Resumo: A Reforma Tribut\u00e1ria pode impulsionar PMEs, mas exige prepara\u00e7\u00e3o antecipada. O economista Felipe Beraldi, da Omie, ressalta que a mudan\u00e7a \u00e9 como uma \u201cnova constitui\u00e7\u00e3o\u201d, com estrutura e prazos definidos. Adaptar-se cedo evita perdas financeiras e operacionais.<\/p>\n\n\n\n<p><a href=\"https:\/\/www.cartacapital.com.br\/do-micro-ao-macro\/quatro-razoes-para-pequenos-negocios-iniciarem-ja-o-planejamento-da-reforma-tributaria\/\" target=\"_blank\" rel=\"noopener\"><strong><em>Leia aqui<\/em><\/strong><\/a><\/p>\n\n\n\n<p><\/p>\n\n\n\n<h1 class=\"wp-block-heading\">Reconhecimento EY<\/h1>\n\n\n\n<p><strong>Ve\u00edculo:<\/strong> Veja<\/p>\n\n\n\n<p>T\u00edtulo: Veja quem foram os homenageados da 27\u00aa edi\u00e7\u00e3o do Empreendedor do Ano da EY\u00a0<\/p>\n\n\n\n<p>Resumo:Marcelo Lombardo foi o homenageado selecionado como destaque da categoria Emerging na 27\u00aa edi\u00e7\u00e3o do Programa Empreendedor do Ano Brasil, promovido pela EY. Na a\u00e7\u00e3o, a categoria Emerging se destinou a celebrar seis profissionais \u00e0 frente de empresas promissoras, com crescimento acelerado.<\/p>\n\n\n\n<p><a href=\"https:\/\/veja.abril.com.br\/brasil\/veja-quem-foram-os-homenageados-da-27a-edicao-do-empreendedor-do-ano-da-ey\/\" target=\"_blank\" rel=\"noopener\"><strong><em>Leia aqui<\/em><\/strong><\/a><\/p>\n\n\n\n<p><strong>Ve\u00edculo:<\/strong> Jornal Cont\u00e1bil<br>T\u00edtulo:&nbsp; Marcelo Lombardo \u00e9 escolhido representante da categoria Emerging no 27\u00ba Programa Empreendedor do Ano Brasil<\/p>\n\n\n\n<p>Resumo: Marcelo Lombardo foi o homenageado selecionado como destaque da categoria Emerging na 27\u00aa edi\u00e7\u00e3o do Programa Empreendedor do Ano Brasil, promovido pela EY. Na a\u00e7\u00e3o, a categoria Emerging se destinou a celebrar seis profissionais \u00e0 frente de empresas promissoras, com crescimento acelerado.<\/p>\n\n\n\n<p><a href=\"https:\/\/www.jornalcontabil.com.br\/marcelo-lombardo-e-escolhido-representante-da-categoria-emerging-no-27o-programa-empreendedor-do-ano-brasil\/\" target=\"_blank\" rel=\"noopener\"><strong>Leia aqui<\/strong><\/a><\/p>\n\n\n\n<p><\/p>\n\n\n\n<h1 class=\"wp-block-heading\">IODE PMEs<\/h1>\n\n\n\n<p><strong>Ve\u00edculo:<\/strong> Globo<\/p>\n\n\n\n<p>T\u00edtulo: Como as pequenas e m\u00e9dias empresas est\u00e3o utilizando a inova\u00e7\u00e3o para se destacar no mercado<\/p>\n\n\n\n<p>Resumo: Material da Globo que reune as principais informa\u00e7\u00f5es sobre empresas e inova\u00e7\u00e3o, traz dados do IODE PMEs.<\/p>\n\n\n\n<p><a href=\"https:\/\/gente.globo.com\/texto-inovacao-e-competitividade-nas-pmes-brasileiras\/\" target=\"_blank\" rel=\"noopener\"><strong><em>Leia aqui<\/em><\/strong><\/a><br><\/p>\n","protected":false},"excerpt":{"rendered":"<p>Venha conferir os principais releases da Omie na imprensa nas \u00faltimas semanas. Fique por dentro de tudo<\/p>\n","protected":false},"author":10,"featured_media":10991,"comment_status":"closed","ping_status":"closed","sticky":false,"template":"","format":"standard","meta":{"footnotes":""},"categories":[406],"tags":[],"class_list":["post-22397","post","type-post","status-publish","format-standard","has-post-thumbnail","hentry","category-imprensa"],"_links":{"self":[{"href":"https:\/\/www.omie.com.br\/blog\/wp-json\/wp\/v2\/posts\/22397","targetHints":{"allow":["GET"]}}],"collection":[{"href":"https:\/\/www.omie.com.br\/blog\/wp-json\/wp\/v2\/posts"}],"about":[{"href":"https:\/\/www.omie.com.br\/blog\/wp-json\/wp\/v2\/types\/post"}],"author":[{"embeddable":true,"href":"https:\/\/www.omie.com.br\/blog\/wp-json\/wp\/v2\/users\/10"}],"replies":[{"embeddable":true,"href":"https:\/\/www.omie.com.br\/blog\/wp-json\/wp\/v2\/comments?post=22397"}],"version-history":[{"count":1,"href":"https:\/\/www.omie.com.br\/blog\/wp-json\/wp\/v2\/posts\/22397\/revisions"}],"predecessor-version":[{"id":22398,"href":"https:\/\/www.omie.com.br\/blog\/wp-json\/wp\/v2\/posts\/22397\/revisions\/22398"}],"wp:featuredmedia":[{"embeddable":true,"href":"https:\/\/www.omie.com.br\/blog\/wp-json\/wp\/v2\/media\/10991"}],"wp:attachment":[{"href":"https:\/\/www.omie.com.br\/blog\/wp-json\/wp\/v2\/media?parent=22397"}],"wp:term":[{"taxonomy":"category","embeddable":true,"href":"https:\/\/www.omie.com.br\/blog\/wp-json\/wp\/v2\/categories?post=22397"},{"taxonomy":"post_tag","embeddable":true,"href":"https:\/\/www.omie.com.br\/blog\/wp-json\/wp\/v2\/tags?post=22397"}],"curies":[{"name":"wp","href":"https:\/\/api.w.org\/{rel}","templated":true}]}}