{"id":22718,"date":"2024-12-10T13:21:27","date_gmt":"2024-12-10T16:21:27","guid":{"rendered":"https:\/\/www.omie.com.br\/blog\/?p=22718"},"modified":"2025-02-03T16:10:32","modified_gmt":"2025-02-03T19:10:32","slug":"confira-os-principais-releases-da-omie-na-imprensa-13","status":"publish","type":"post","link":"https:\/\/www.omie.com.br\/blog\/confira-os-principais-releases-da-omie-na-imprensa-13\/","title":{"rendered":"Confira os principais releases da Omie na imprensa"},"content":{"rendered":"\n<h1 class=\"wp-block-heading\">Reforma Tribut\u00e1ria<\/h1>\n\n\n\n<p><strong>Ve\u00edculo:<\/strong> PEGN<\/p>\n\n\n\n<p>T\u00edtulo:\u00a0 Omie lan\u00e7a curso gratuito sobre Reforma Tribut\u00e1ria para pequenas e m\u00e9dias empresas<\/p>\n\n\n\n<p>Resumo: Mat\u00e9ria resultado do evento para influenciadores e jornalistas realizado ontem, dia 4, na Omie traz o lan\u00e7amento do curso gratuito sobre Reforma Tribut\u00e1ria para empreendedores, al\u00e9m da calculadora financeira e sondagem Omie sobre como as PMEs est\u00e3o vendo esse tema.<a href=\"https:\/\/revistapegn.globo.com\/gestao\/noticia\/2024\/12\/omie-lanca-curso-gratuito-sobre-reforma-tributaria-para-pequenas-e-medias-empresas.ghtml\" target=\"_blank\" rel=\"noopener\">\u00a0<\/a><\/p>\n\n\n\n<p><a href=\"https:\/\/revistapegn.globo.com\/gestao\/noticia\/2024\/12\/omie-lanca-curso-gratuito-sobre-reforma-tributaria-para-pequenas-e-medias-empresas.ghtml\" target=\"_blank\" rel=\"noopener\"><strong><em>Leia aqui<\/em><br><br><\/strong><\/a><\/p>\n\n\n\n<h1 class=\"wp-block-heading\">Sondagem RT<\/h1>\n\n\n\n<p><strong>Ve\u00edculo:<\/strong> O Globo<\/p>\n\n\n\n<p>T\u00edtulo:\u00a0 Reforma Tribut\u00e1ria: 65% das pequenas empresas preveem impacto direto com as novas regras<\/p>\n\n\n\n<p>Resumo: As pequenas empresas brasileiras est\u00e3o se preparando para mudan\u00e7as significativas com a Reforma Tribut\u00e1ria. De acordo com a Sondagem Omie das Pequenas Empresas, pesquisa realizada pela Omie com 285 l\u00edderes de CNPJs optantes pelo Simples Nacional, 65% dos entrevistados, entre CEOs, diretores, s\u00f3cios, gerentes e empres\u00e1rios, acreditam que as novas regras ter\u00e3o impacto direto em seus neg\u00f3cios.<\/p>\n\n\n\n<p><a href=\"https:\/\/oglobo.globo.com\/blogs\/miriam-leitao\/post\/2024\/12\/reforma-tributaria-65percent-das-pequenas-empresas-preveem-impacto-direto-com-as-novas-regras.ghtml\" target=\"_blank\" rel=\"noopener\"><strong><em>Leia aqui<\/em><\/strong><\/a><\/p>\n\n\n\n<p><\/p>\n\n\n\n<h1 class=\"wp-block-heading\">IODE-PMEs<\/h1>\n\n\n\n<p><strong>Ve\u00edculo:<\/strong> Exame<\/p>\n\n\n\n<p>T\u00edtulo:Faturamento das PMEs avan\u00e7a 5,8% em outubro e inicia quarto trimestre em crescimento<\/p>\n\n\n\n<p>Resumo: A movimenta\u00e7\u00e3o financeira das pequenas e m\u00e9dias empresas (PMEs) brasileiras em outubro cresceu 5,8%, de acordo com o \u00cdndice Omie de Desempenho Econ\u00f4mico das PMEs (IODE-PMEs). No acumulado do ano, o setor tamb\u00e9m apresenta um avan\u00e7o de 5,8%.<\/p>\n\n\n\n<p><a href=\"https:\/\/exame.com\/negocios\/faturamento-das-pmes-avanca-58-em-outubro-e-inicia-quarto-trimestre-em-crescimento\/\" target=\"_blank\" rel=\"noopener\"><strong><em>Leia aqui<\/em><\/strong><\/a><\/p>\n\n\n\n<p><\/p>\n\n\n\n<h1 class=\"wp-block-heading\">Calculadora Reforma Tribut\u00e1ria<\/h1>\n\n\n\n<p><strong>Ve\u00edculo:<\/strong> Portal da Reforma Tribut\u00e1ria<\/p>\n\n\n\n<p>T\u00edtulo:\u00a0 Omie disponibiliza Calculadora da Reforma Tribut\u00e1ria para pequenas empresas<\/p>\n\n\n\n<p>Resumo: A Omie passou a disponibilizar em sua loja virtual a Calculadora da Reforma Tribut\u00e1ria. A ferramenta foi desenvolvida pela ROIT, que utiliza intelig\u00eancia artificial para simular os impactos das mudan\u00e7as e facilitar a an\u00e1lise de cen\u00e1rios fiscais futuros.<\/p>\n\n\n\n<p><a href=\"https:\/\/reformatributaria.com.br\/omie-disponibiliza-calculadora-da-reforma-tributaria-para-pequenas-empresas\/\" target=\"_blank\" rel=\"noopener\"><strong><em>Leia aqui<\/em><\/strong><\/a><\/p>\n\n\n\n<p><\/p>\n","protected":false},"excerpt":{"rendered":"<p>Venha conferir os principais releases da Omie na imprensa nas \u00faltimas semanas. Fique por dentro de tudo<\/p>\n","protected":false},"author":10,"featured_media":11436,"comment_status":"closed","ping_status":"closed","sticky":false,"template":"","format":"standard","meta":{"footnotes":""},"categories":[406],"tags":[],"class_list":["post-22718","post","type-post","status-publish","format-standard","has-post-thumbnail","hentry","category-imprensa"],"_links":{"self":[{"href":"https:\/\/www.omie.com.br\/blog\/wp-json\/wp\/v2\/posts\/22718","targetHints":{"allow":["GET"]}}],"collection":[{"href":"https:\/\/www.omie.com.br\/blog\/wp-json\/wp\/v2\/posts"}],"about":[{"href":"https:\/\/www.omie.com.br\/blog\/wp-json\/wp\/v2\/types\/post"}],"author":[{"embeddable":true,"href":"https:\/\/www.omie.com.br\/blog\/wp-json\/wp\/v2\/users\/10"}],"replies":[{"embeddable":true,"href":"https:\/\/www.omie.com.br\/blog\/wp-json\/wp\/v2\/comments?post=22718"}],"version-history":[{"count":1,"href":"https:\/\/www.omie.com.br\/blog\/wp-json\/wp\/v2\/posts\/22718\/revisions"}],"predecessor-version":[{"id":22719,"href":"https:\/\/www.omie.com.br\/blog\/wp-json\/wp\/v2\/posts\/22718\/revisions\/22719"}],"wp:featuredmedia":[{"embeddable":true,"href":"https:\/\/www.omie.com.br\/blog\/wp-json\/wp\/v2\/media\/11436"}],"wp:attachment":[{"href":"https:\/\/www.omie.com.br\/blog\/wp-json\/wp\/v2\/media?parent=22718"}],"wp:term":[{"taxonomy":"category","embeddable":true,"href":"https:\/\/www.omie.com.br\/blog\/wp-json\/wp\/v2\/categories?post=22718"},{"taxonomy":"post_tag","embeddable":true,"href":"https:\/\/www.omie.com.br\/blog\/wp-json\/wp\/v2\/tags?post=22718"}],"curies":[{"name":"wp","href":"https:\/\/api.w.org\/{rel}","templated":true}]}}