{"id":23771,"date":"2025-03-20T13:49:55","date_gmt":"2025-03-20T16:49:55","guid":{"rendered":"https:\/\/www.omie.com.br\/blog\/?p=23771"},"modified":"2025-03-20T13:49:55","modified_gmt":"2025-03-20T16:49:55","slug":"o-que-e-razao-social-mei","status":"publish","type":"post","link":"https:\/\/www.omie.com.br\/blog\/o-que-e-razao-social-mei\/","title":{"rendered":"O que \u00e9 raz\u00e3o social MEI e principais d\u00favidas"},"content":{"rendered":"\n<p>Ao se tornar Microempreendedor Individual, voc\u00ea pode se questionar o que \u00e9 raz\u00e3o social MEI, certo? Ela aparece em documentos importantes, como notas fiscais e contratos, e garante que seu empreendimento esteja formalizado perante o governo.<\/p>\n\n\n\n<p>\u00c9 muito comum que a raz\u00e3o social seja confundida com nome fantasia, quando na verdade eles s\u00e3o diferentes, al\u00e9m de pilares importantes de quem \u00e9 Microempreendedor Individual, cumprindo o papel de identifica\u00e7\u00e3o do neg\u00f3cio.<\/p>\n\n\n\n<p>Quer entender melhor o que \u00e9 raz\u00e3o social MEI, como escolher a sua, quais documentos s\u00e3o necess\u00e1rios para registr\u00e1-la e se \u00e9 poss\u00edvel alter\u00e1-la depois? Continue lendo e tire todas as suas d\u00favidas sobre o assunto!<\/p>\n\n\n\n<h2 class=\"wp-block-heading\">O que \u00e9 raz\u00e3o social<\/h2>\n\n\n\n<p>A raz\u00e3o social \u00e9 o nome oficial de uma empresa, usado em documentos legais, contratos e para fins fiscais. \u00c9 como o governo e outras empresas reconhecem oficialmente o seu neg\u00f3cio. Cada tipo de empresa tem suas regras para formar a raz\u00e3o social, mas todas precisam registr\u00e1-la oficialmente para come\u00e7ar a funcionar legalmente.<\/p>\n\n\n\n<p>Para empresas maiores, como Limitadas (Ltda.) ou Sociedades An\u00f4nimas (S.A.), a raz\u00e3o social geralmente inclui o nome dos s\u00f3cios ou uma descri\u00e7\u00e3o da atividade da empresa, seguida do tipo de empresa. Por exemplo, &#8220;Silva Com\u00e9rcio de Alimentos Ltda.&#8221; ou &#8220;Construtora Pilar S.A.&#8221;.<\/p>\n\n\n\n<p>As Empresas Individuais de Responsabilidade Limitada (EIRELI) tamb\u00e9m t\u00eam flexibilidade na escolha da raz\u00e3o social, podendo usar o nome do dono ou uma denomina\u00e7\u00e3o do neg\u00f3cio, seguido de &#8220;EIRELI&#8221;.<\/p>\n\n\n\n<h2 class=\"wp-block-heading\">O que \u00e9 raz\u00e3o social MEI<\/h2>\n\n\n\n<p>No caso do <a href=\"https:\/\/www.omie.com.br\/blog\/guia-mei-tudo-que-voce-precisa-saber\/\">Microempreendedor Individual (MEI)<\/a>, a raz\u00e3o social funciona de um jeito mais simples. A raz\u00e3o social MEI \u00e9 formada pelo seu nome completo seguido do seu n\u00famero de CPF. \u00c9 assim que seu neg\u00f3cio ser\u00e1 oficialmente reconhecido.<\/p>\n\n\n\n<p>Essa formata\u00e7\u00e3o \u00e9 exclusiva para MEIs e foi implementada a partir de dezembro de 2022, substituindo o formato anterior que utilizava somente o CPF do empreendedor.<\/p>\n\n\n\n<p>Agora, se Jos\u00e9 Santos, com CPF 123.456.789-00, se tornar um MEI, sua raz\u00e3o social ser\u00e1 &#8220;Jos\u00e9 Santos 123.456.789-00&#8221;. Diferentemente de outras empresas, o MEI n\u00e3o pode criar um nome personalizado ou incluir o tipo de neg\u00f3cio na raz\u00e3o social.<\/p>\n\n\n\n<p>Quando voc\u00ea se registra como MEI, a raz\u00e3o social \u00e9 criada automaticamente com as informa\u00e7\u00f5es que voc\u00ea fornece no momento do registro no Portal do Empreendedor, no formul\u00e1rio de abertura.&nbsp;<\/p>\n\n\n\n<h2 class=\"wp-block-heading\">Como escolher a raz\u00e3o social MEI?<\/h2>\n\n\n\n<p>Ap\u00f3s saber o que \u00e9 raz\u00e3o social MEI, surge a d\u00favida de como escolher a raz\u00e3o social do seu empreendimento. Como j\u00e1 mencionamos, ela \u00e9 criada automaticamente usando suas informa\u00e7\u00f5es pessoais, ou seja, n\u00e3o h\u00e1 como escolh\u00ea-la.<\/p>\n\n\n\n<p>O que precisa fazer para abrir MEI \u00e9 fornecer seus dados corretos e atualizados quando se registra como MEI. Use seu nome completo exatamente como est\u00e1 no CPF e digite o n\u00famero do CPF sem erros. Se errar essas informa\u00e7\u00f5es, pode ter problemas depois com documentos e com o reconhecimento legal do seu neg\u00f3cio.<\/p>\n\n\n\n<p>Mesmo que voc\u00ea n\u00e3o possa escolher sua raz\u00e3o social MEI, n\u00e3o se preocupe. Ainda \u00e9 poss\u00edvel criar um nome fantasia para seu neg\u00f3cio. Esse nome fantasia \u00e9 o que voc\u00ea vai usar para divulgar sua empresa e \u00e9 como os clientes v\u00e3o conhecer seu neg\u00f3cio.&nbsp;<\/p>\n\n\n\n<h2 class=\"wp-block-heading\">Documenta\u00e7\u00e3o necess\u00e1ria para abrir a raz\u00e3o social MEI<\/h2>\n\n\n\n<p>Para se tornar um MEI e obter sua raz\u00e3o social, voc\u00ea vai precisar de alguns documentos b\u00e1sicos. O processo \u00e9 f\u00e1cil e pode ser feito pela internet, mas \u00e9 bom ter tudo preparado antes de come\u00e7ar.&nbsp;<\/p>\n\n\n\n<p>Primeiro, tenha em m\u00e3os seus documentos pessoais: RG ou CNH, CPF e t\u00edtulo de eleitor. Se voc\u00ea declarou Imposto de Renda no ano anterior, tamb\u00e9m vai precisar do n\u00famero do recibo.<\/p>\n\n\n\n<p>Al\u00e9m disso, \u00e9 necess\u00e1rio um comprovante de endere\u00e7o recente. Pode ser uma conta de luz ou \u00e1gua, por exemplo.<\/p>\n\n\n\n<p>Pense bem sobre o que voc\u00ea vai fazer no seu neg\u00f3cio e escolha uma atividade principal (e outras secund\u00e1rias, se quiser) de uma lista oficial chamada CNAE. Ent\u00e3o, decida onde vai ser o endere\u00e7o do seu neg\u00f3cio. Pode ser seu endere\u00e7o residencial mesmo, caso n\u00e3o tenha um estabelecimento fixo.<\/p>\n\n\n\n<p>Com tudo isso pronto, voc\u00ea pode fazer seu registro no site do Portal do Empreendedor. L\u00e1, voc\u00ea vai preencher um formul\u00e1rio com suas informa\u00e7\u00f5es e sua raz\u00e3o social MEI ser\u00e1 criada automaticamente.<\/p>\n\n\n\n<h2 class=\"wp-block-heading\">Posso mudar a raz\u00e3o social MEI?<\/h2>\n\n\n\n<p>N\u00e3o, voc\u00ea n\u00e3o pode mudar a raz\u00e3o social do seu MEI. Isso acontece porque a raz\u00e3o social MEI \u00e9 feita com seu nome e CPF, ent\u00e3o ela fica ligada diretamente a voc\u00ea. Por isso, n\u00e3o \u00e9 poss\u00edvel fazer mudan\u00e7as nela depois.<\/p>\n\n\n\n<p>Por\u00e9m, existem algumas situa\u00e7\u00f5es especiais que voc\u00ea precisa saber:<\/p>\n\n\n\n<ul class=\"wp-block-list\">\n<li>se aconteceu algum erro na hora de digitar seu nome ou CPF quando voc\u00ea fez o registro, voc\u00ea pode pedir para a Receita Federal corrigir isso;<\/li>\n\n\n\n<li>se voc\u00ea mudar seu nome legalmente, por exemplo, por causa de casamento ou div\u00f3rcio, voc\u00ea vai precisar atualizar seu cadastro de MEI para mostrar seu novo nome;<\/li>\n\n\n\n<li>se seu neg\u00f3cio crescer muito e n\u00e3o puder mais ser um MEI, voc\u00ea vai precisar mudar para outro tipo de empresa, como Microempresa ou Empresa de Pequeno Porte. Nesse caso, voc\u00ea poder\u00e1 escolher uma nova raz\u00e3o social.<\/li>\n<\/ul>\n\n\n\n<h2 class=\"wp-block-heading\">Diferen\u00e7a entre raz\u00e3o social MEI e nome fantasia<\/h2>\n\n\n\n<p>Quando voc\u00ea tem um MEI, voc\u00ea vai lidar com dois nomes diferentes para seu neg\u00f3cio: a raz\u00e3o social e o nome fantasia.<\/p>\n\n\n\n<p>O nome fantasia \u00e9 o nome que voc\u00ea escolhe para seu neg\u00f3cio ser conhecido pelos clientes. Por exemplo, Maria Santos pode chamar seu neg\u00f3cio de &#8220;Bolos da Maria&#8221;. Esse nome vai aparecer na fachada da loja, nos cart\u00f5es de visita, nas redes sociais e em todo material de divulga\u00e7\u00e3o.<\/p>\n\n\n\n<p>A raz\u00e3o social MEI n\u00e3o pode ser mudada e segue um formato padr\u00e3o, enquanto o nome fantasia pode ser criativo e mostrar o que seu neg\u00f3cio faz. Voc\u00ea pode mudar o nome fantasia quando quiser.<\/p>\n\n\n\n<p>Todo MEI precisa ter uma raz\u00e3o social, mas o nome fantasia \u00e9 opcional, voc\u00ea pode ter ou n\u00e3o.<\/p>\n\n\n\n<p>\u00c9 importante saber quando usar cada nome. Quando for emitir uma nota fiscal, use a raz\u00e3o social MEI. Quando for fazer um cart\u00e3o de visitas ou uma placa para a loja, use o nome fantasia.<\/p>\n\n\n\n<h2 class=\"wp-block-heading\">Sistema ERP: gest\u00e3o eficiente para o seu MEI<\/h2>\n\n\n\n<p>Entender o que \u00e9 raz\u00e3o social MEI \u00e9 muito importante para quem \u00e9 microempreendedor. Mas cuidar do seu neg\u00f3cio vai al\u00e9m de ter uma raz\u00e3o social. \u00c9 preciso organizar as contas, emitir notas fiscais e controlar as vendas. Nesse cen\u00e1rio, um sistema ERP ajuda voc\u00ea em sua gest\u00e3o.<\/p>\n\n\n\n<p>Com o ERP da Omie, voc\u00ea emite notas fiscais em segundos. Esque\u00e7a as complica\u00e7\u00f5es com prefeituras e obriga\u00e7\u00f5es fiscais \u2014 o sistema faz tudo automaticamente, sem limites de emiss\u00e3o. Seu controle financeiro ganha precis\u00e3o absoluta, com visibilidade clara de entradas, sa\u00eddas e lucros reais.<\/p>\n\n\n\n<p>O CRM integrado transforma leads em clientes fi\u00e9is, enquanto o controle de estoque elimina perdas e otimiza seu capital. Tudo isso com acesso instant\u00e2neo pelo celular ou computador, 24 horas por dia.<\/p>\n\n\n\n<p>Pare de limitar o crescimento do seu neg\u00f3cio com m\u00e9todos ultrapassados. Experimente o <a href=\"https:\/\/www.omie.com.br\/sistema-erp\/\">ERP da Omie<\/a> agora mesmo e descubra como transformar o seu empreendimento!<\/p>\n","protected":false},"excerpt":{"rendered":"<p>O que \u00e9 raz\u00e3o social MEI? Veja como esse nome oficial \u00e9 gerado, se h\u00e1 formas de altera\u00e7\u00e3o ou corre\u00e7\u00e3o e muito mais.<\/p>\n","protected":false},"author":39,"featured_media":23772,"comment_status":"closed","ping_status":"closed","sticky":false,"template":"","format":"standard","meta":{"footnotes":""},"categories":[416,400],"tags":[],"class_list":["post-23771","post","type-post","status-publish","format-standard","has-post-thumbnail","hentry","category-mei","category-sou-empreendedor"],"_links":{"self":[{"href":"https:\/\/www.omie.com.br\/blog\/wp-json\/wp\/v2\/posts\/23771","targetHints":{"allow":["GET"]}}],"collection":[{"href":"https:\/\/www.omie.com.br\/blog\/wp-json\/wp\/v2\/posts"}],"about":[{"href":"https:\/\/www.omie.com.br\/blog\/wp-json\/wp\/v2\/types\/post"}],"author":[{"embeddable":true,"href":"https:\/\/www.omie.com.br\/blog\/wp-json\/wp\/v2\/users\/39"}],"replies":[{"embeddable":true,"href":"https:\/\/www.omie.com.br\/blog\/wp-json\/wp\/v2\/comments?post=23771"}],"version-history":[{"count":1,"href":"https:\/\/www.omie.com.br\/blog\/wp-json\/wp\/v2\/posts\/23771\/revisions"}],"predecessor-version":[{"id":23773,"href":"https:\/\/www.omie.com.br\/blog\/wp-json\/wp\/v2\/posts\/23771\/revisions\/23773"}],"wp:featuredmedia":[{"embeddable":true,"href":"https:\/\/www.omie.com.br\/blog\/wp-json\/wp\/v2\/media\/23772"}],"wp:attachment":[{"href":"https:\/\/www.omie.com.br\/blog\/wp-json\/wp\/v2\/media?parent=23771"}],"wp:term":[{"taxonomy":"category","embeddable":true,"href":"https:\/\/www.omie.com.br\/blog\/wp-json\/wp\/v2\/categories?post=23771"},{"taxonomy":"post_tag","embeddable":true,"href":"https:\/\/www.omie.com.br\/blog\/wp-json\/wp\/v2\/tags?post=23771"}],"curies":[{"name":"wp","href":"https:\/\/api.w.org\/{rel}","templated":true}]}}