{"id":2496,"date":"2026-03-20T09:59:24","date_gmt":"2026-03-20T12:59:24","guid":{"rendered":"https:\/\/www.omie.com.br\/blog\/?p=2496"},"modified":"2026-03-20T10:00:05","modified_gmt":"2026-03-20T13:00:05","slug":"entenda-a-importancia-de-retirar-o-pro-labore","status":"publish","type":"post","link":"https:\/\/www.omie.com.br\/blog\/entenda-a-importancia-de-retirar-o-pro-labore\/","title":{"rendered":"Pr\u00f3-labore: sou obrigado a retirar? Saiba o que diz a lei"},"content":{"rendered":"\n<h1 class=\"wp-block-heading\">O pr\u00f3-labore \u00e9 obrigat\u00f3rio? Entenda como ele funciona<\/h1>\n\n\n\n<p>A gest\u00e3o de uma empresa envolve decis\u00f5es que v\u00e3o muito al\u00e9m da estrat\u00e9gia comercial ou da opera\u00e7\u00e3o log\u00edstica. No cerne da conformidade administrativa est\u00e1 o pr\u00f3-labore, um tema que, embora comum, ainda gera interpreta\u00e7\u00f5es equivocadas que podem custar caro ao patrim\u00f4nio dos s\u00f3cios.<\/p>\n\n\n\n<p>Saber separar as finan\u00e7as individuais das finan\u00e7as da empresa \u00e9 fundamental para evitar o diagn\u00f3stico de confus\u00e3o patrimonial. Por esse motivo, \u00e9 indispens\u00e1vel entender como funciona o pr\u00f3-labore e como utiliz\u00e1-lo para garantir a seguran\u00e7a jur\u00eddica da opera\u00e7\u00e3o.<\/p>\n\n\n\n<p>Neste guia, abordaremos a obrigatoriedade legal, os riscos da aus\u00eancia de retirada e como estruturar essa remunera\u00e7\u00e3o de forma estrat\u00e9gica para proteger tanto o s\u00f3cio quanto o caixa da companhia. Acompanhe os t\u00f3picos a seguir para dominar as regras desse pilar da <a target=\"_blank\" href=\"https:\/\/www.omie.com.br\/blog\/gestao-de-contabilidade-como-oferecer-essa-consultoria\/\" rel=\"noreferrer noopener\">gest\u00e3o cont\u00e1bil<\/a>!<\/p>\n\n\n\n<h2 class=\"wp-block-heading\">O que \u00e9 pr\u00f3-labore e por que ele existe para s\u00f3cios?<\/h2>\n\n\n\n<p>Todo s\u00f3cio que trabalha para uma organiza\u00e7\u00e3o tem direito a um pagamento. Esse \u00e9 o chamado pr\u00f3-labore, que, em latim, significa \u201cpelo trabalho\u201d e <strong>se trata da remunera\u00e7\u00e3o destinada ao s\u00f3cio ou dono de uma empresa.<\/strong><\/p>\n\n\n\n<p>No entendimento da legisla\u00e7\u00e3o trabalhista, a defini\u00e7\u00e3o do que \u00e9 pr\u00f3-labore difere de um sal\u00e1rio comum, j\u00e1 que n\u00e3o existem regulamenta\u00e7\u00f5es sobre 13\u00b0 sal\u00e1rio, <a target=\"_blank\" href=\"https:\/\/www.omie.com.br\/blog\/como-sacar-o-fgts-para-investir-ou-abrir-um-negocio\/\" rel=\"noreferrer noopener\">FGTS (Fundo de Garantia do Tempo de Servi\u00e7o)<\/a>, entre outros direitos.<\/p>\n\n\n\n<p>Sendo assim, esses direitos assegurados para um trabalhador registrado em uma empresa s\u00e3o opcionais para o s\u00f3cio. Para firmar esses benef\u00edcios, \u00e9 poss\u00edvel elaborar um acordo entre a companhia e o administrador para definir como ser\u00e3o os termos do pr\u00f3-labore.<\/p>\n\n\n\n<h2 class=\"wp-block-heading\">Sou obrigado a retirar o pr\u00f3-labore? O que a lei exige<\/h2>\n\n\n\n<p>Esse \u00e9 o ponto onde muitos gestores se exp\u00f5em a riscos desnecess\u00e1rios. A legisla\u00e7\u00e3o brasileira determina que o s\u00f3cio que trabalha na empresa \u00e9 classificado como contribuinte obrigat\u00f3rio da Previd\u00eancia Social. Portanto, se h\u00e1 presta\u00e7\u00e3o de servi\u00e7o ou gest\u00e3o ativa por parte do s\u00f3cio, a retirada de pr\u00f3-labore n\u00e3o \u00e9 opcional, mas uma exig\u00eancia legal.<\/p>\n\n\n\n<p>O Decreto n\u00ba 3.048\/99 e a Lei n\u00ba 8.212\/91 estabelecem que o pr\u00f3-labore \u00e9 a base de incid\u00eancia para a contribui\u00e7\u00e3o previdenci\u00e1ria do administrador. Caso a empresa opte por n\u00e3o registrar a retirada e realize apenas a<a target=\"_blank\" href=\"https:\/\/www.omie.com.br\/blog\/distribuicao-de-lucros-em-empresas\/\" rel=\"noreferrer noopener\"> distribui\u00e7\u00e3o de lucros<\/a> para remunerar o trabalho do s\u00f3cio, ela corre o risco de ter esses valores reclassificados pela Receita Federal.<\/p>\n\n\n\n<p><strong>Na pr\u00e1tica, o fisco pode entender que a distribui\u00e7\u00e3o de lucros foi utilizada para camuflar rendimentos do trabalho, <\/strong>exigindo o pagamento retroativo de impostos e encargos.<\/p>\n\n\n\n<p>Portanto, a obrigatoriedade est\u00e1 vinculada ao exerc\u00edcio da atividade. Se voc\u00ea assina pela empresa, toma decis\u00f5es estrat\u00e9gicas ou executa tarefas operacionais, a formaliza\u00e7\u00e3o do pr\u00f3-labore \u00e9 a \u00fanica via para manter a conformidade fiscal e evitar autua\u00e7\u00f5es pesadas.<\/p>\n\n\n\n<h2 class=\"wp-block-heading\">Diferen\u00e7a entre pr\u00f3-labore, sal\u00e1rio e distribui\u00e7\u00e3o de lucros<\/h2>\n\n\n\n<p>Para uma gest\u00e3o s\u00eanior, a clareza sobre esses tr\u00eas conceitos \u00e9 inegoci\u00e1vel. O sal\u00e1rio dos funcion\u00e1rios \u00e9 regido pela CLT, sendo acrescido de benef\u00edcios como f\u00e9rias, 13\u00ba e FGTS. J\u00e1 o pr\u00f3-labore \u00e9 definido no <a target=\"_blank\" href=\"https:\/\/www.omie.com.br\/blog\/o-que-e-contrato-social-e-para-que-serve\/\" rel=\"noreferrer noopener\">Contrato Social<\/a> e, sobre ele, n\u00e3o incidem obrigatoriamente esses encargos trabalhistas, apenas o recolhimento previdenci\u00e1rio e o IRRF, quando aplic\u00e1vel.<\/p>\n\n\n\n<p>A distribui\u00e7\u00e3o de lucros, por sua vez, \u00e9 o rendimento do capital. Ela ocorre ap\u00f3s a apura\u00e7\u00e3o do resultado positivo e, atualmente, goza de isen\u00e7\u00e3o de Imposto de Renda para quem recebe (desde que a empresa esteja em dia com seus tributos). O erro cl\u00e1ssico \u00e9 tentar substituir integralmente o pr\u00f3-labore pela distribui\u00e7\u00e3o de lucros para &#8220;economizar&#8221; no INSS.<\/p>\n\n\n\n<p>Essa pr\u00e1tica cria uma vulnerabilidade jur\u00eddica perigosa. <strong>Sem o pr\u00f3-labore, a empresa n\u00e3o comprova o custo do gerenciamento, e o s\u00f3cio perde a prote\u00e7\u00e3o previdenci\u00e1ria. <\/strong>O equil\u00edbrio ideal \u00e9 manter um pr\u00f3-labore condizente com a fun\u00e7\u00e3o e utilizar a distribui\u00e7\u00e3o para o excedente, otimizando o planejamento tribut\u00e1rio de forma leg\u00edtima.<\/p>\n\n\n\n<h2 class=\"wp-block-heading\">Quais riscos sua empresa corre ao n\u00e3o pagar o pr\u00f3-labore?<\/h2>\n\n\n\n<p>A aus\u00eancia de retirada formal gera um sinal de alerta para os \u00f3rg\u00e3os fiscalizadores. Caso a companhia n\u00e3o registre o pr\u00f3-labore em sua contabilidade e seja fiscalizada, ela \u00e9 obrigada a pagar o valor proporcional referente ao INSS patronal e individual, acrescido de multas que podem chegar a 75% sobre o valor devido.<\/p>\n\n\n\n<p>Al\u00e9m do impacto financeiro direto, existe o risco previdenci\u00e1rio. O s\u00f3cio que n\u00e3o retira pr\u00f3-labore n\u00e3o contribui para a sua pr\u00f3pria prote\u00e7\u00e3o social. Em caso de afastamento por doen\u00e7a ou necessidade de aposentadoria, ele estar\u00e1 descoberto, pois n\u00e3o haver\u00e1 registros de contribui\u00e7\u00e3o como contribuinte individual pela empresa.<\/p>\n\n\n\n<p><strong>Outro ponto sens\u00edvel \u00e9 a caracteriza\u00e7\u00e3o de fraude.<\/strong> Se a fiscaliza\u00e7\u00e3o identificar que a empresa teve atividade, mas &#8220;zero&#8221; custo com administradores, ela pode invalidar a contabilidade e<a target=\"_blank\" href=\"https:\/\/www.omie.com.br\/blog\/o-que-e-lucro-arbitrado\/\" rel=\"noreferrer noopener\"> arbitrar o lucro<\/a>, resultando em impostos muito superiores aos que seriam pagos na opera\u00e7\u00e3o regularizada.<\/p>\n\n\n\n<h2 class=\"wp-block-heading\">Como o pr\u00f3-labore garante prote\u00e7\u00e3o ao s\u00f3cio e \u00e0 empresa?<\/h2>\n\n\n\n<p>Engana-se quem v\u00ea o pr\u00f3-labore apenas como um custo. Ele \u00e9, na verdade, um mecanismo de prote\u00e7\u00e3o. Para o s\u00f3cio, garante o status de segurado do INSS, permitindo acesso a:<\/p>\n\n\n\n<ul class=\"wp-block-list\">\n<li>Aposentadoria por idade ou tempo de contribui\u00e7\u00e3o;<\/li>\n\n\n\n<li>Aux\u00edlio-doen\u00e7a e aux\u00edlio-acidente;<\/li>\n\n\n\n<li>Pens\u00e3o por morte para dependentes.<\/li>\n<\/ul>\n\n\n\n<p>Para a empresa, o pr\u00f3-labore documentado blinda o neg\u00f3cio contra a desconsidera\u00e7\u00e3o da personalidade jur\u00eddica. Quando as contas est\u00e3o separadas e as obriga\u00e7\u00f5es pagas, o patrim\u00f4nio pessoal do s\u00f3cio fica mais protegido contra d\u00edvidas da empresa. Al\u00e9m disso,<strong> a regularidade fiscal \u00e9 um pr\u00e9-requisito para participar de licita\u00e7\u00f5es, obter empr\u00e9stimos banc\u00e1rios<\/strong> com taxas reduzidas e atrair investidores que exigem compliance rigoroso.<\/p>\n\n\n\n<h2 class=\"wp-block-heading\">Pr\u00f3-labore: veja como calcular e definir o valor ideal<\/h2>\n\n\n\n<p>N\u00e3o existe um valor fixo estipulado em lei, exceto pela regra de que o pr\u00f3-labore n\u00e3o deve ser inferior ao sal\u00e1rio m\u00ednimo vigente. Para definir o montante ideal, o s\u00f3cio deve considerar quanto o mercado pagaria para um profissional contratado exercer as mesmas fun\u00e7\u00f5es. Para fazer o c\u00e1lculo do pr\u00f3-labore, voc\u00ea pode utilizar as seguintes etapas:<\/p>\n\n\n\n<ul class=\"wp-block-list\">\n<li>Defina as fun\u00e7\u00f5es: liste as responsabilidades t\u00e9cnicas e administrativas;<\/li>\n\n\n\n<li>Pesquise a m\u00e9dia salarial: utilize tabelas de mercado para cargos similares;<\/li>\n\n\n\n<li>Analise o<a href=\"https:\/\/www.omie.com.br\/blog\/guia-fluxo-de-caixa-o-que-e-como-fazer\/\" target=\"_blank\" rel=\"noreferrer noopener\"> fluxo de caixa<\/a>: o valor deve ser sustent\u00e1vel para a opera\u00e7\u00e3o;<\/li>\n\n\n\n<li>Considere o teto do INSS: para evitar pagamentos acima do limite de benef\u00edcio.<\/li>\n<\/ul>\n\n\n\n<p><strong>Geralmente, o valor do pr\u00f3-labore \u00e9 maior do que o sal\u00e1rio dos colaboradores,<\/strong> j\u00e1 que as responsabilidades s\u00e3o maiores e a jornada costuma ser mais extensa. No entanto, ele deve ser fixado com prud\u00eancia para n\u00e3o asfixiar a liquidez da empresa.<\/p>\n\n\n\n<h2 class=\"wp-block-heading\">Como fazer a retirada do pr\u00f3-labore sem erro<\/h2>\n\n\n\n<p>Para entender como fazer a retirada do pr\u00f3-labore de forma correta, \u00e9 preciso seguir um rito administrativo que garanta o rastro documental da opera\u00e7\u00e3o. A informalidade \u00e9 a maior inimiga da seguran\u00e7a jur\u00eddica. Os passos essenciais s\u00e3o:<\/p>\n\n\n\n<ul class=\"wp-block-list\">\n<li>Previs\u00e3o contratual: verifique se o Contrato Social prev\u00ea a retirada;<\/li>\n\n\n\n<li>Escritura\u00e7\u00e3o cont\u00e1bil: o valor deve ser lan\u00e7ado como despesa administrativa;<\/li>\n\n\n\n<li>Emiss\u00e3o do recibo: utilize um documento de quita\u00e7\u00e3o assinado pelo s\u00f3cio;<\/li>\n\n\n\n<li>Pagamento banc\u00e1rio: a transfer\u00eancia deve sair da conta da empresa para a conta do s\u00f3cio, identificada como pr\u00f3-labore.<\/li>\n<\/ul>\n\n\n\n<p>Esse processo, quando acompanhado por um suporte especializado, garante que, em uma eventual auditoria, cada centavo transferido tenha uma justificativa legal clara, eliminando o risco de confus\u00e3o patrimonial.<\/p>\n\n\n\n<h2 class=\"wp-block-heading\">Entenda os impostos que incidem sobre o pr\u00f3-labore<\/h2>\n\n\n\n<p>A carga tribut\u00e1ria varia conforme o<a target=\"_blank\" href=\"https:\/\/www.omie.com.br\/blog\/regime-tributario-saiba-como-escolher-o-melhor-para-sua-empresa\/\" rel=\"noreferrer noopener\"> regime tribut\u00e1rio<\/a> da companhia, e \u00e9 aqui que o planejamento faz a diferen\u00e7a. Ao gerar a Guia de Previd\u00eancia Social (GPS) ou o documento unificado de arrecada\u00e7\u00e3o, os seguintes impostos s\u00e3o observados:<\/p>\n\n\n\n<ul class=\"wp-block-list\">\n<li><strong>Simples Nacional:<\/strong> para empresas nos Anexos I, II, III e V, incide apenas a reten\u00e7\u00e3o de 11% de INSS do s\u00f3cio (respeitando o teto) e o IRPF conforme a tabela progressiva;<\/li>\n\n\n\n<li><a href=\"https:\/\/www.omie.com.br\/blog\/lucro-presumido-e-o-regime-certo-para-o-seu-negocio\/\" target=\"_blank\" rel=\"noreferrer noopener\"><strong>Lucro Presumido<\/strong><\/a><strong> ou Real: <\/strong>al\u00e9m dos 11% do s\u00f3cio, a empresa deve pagar 20% de INSS patronal sobre o valor do pr\u00f3-labore;<\/li>\n\n\n\n<li><strong>MEI:<\/strong> o administrador deve informar na DASN-MEI o faturamento e o que foi retirado como pr\u00f3-labore, mantendo as al\u00edquotas da categoria.<\/li>\n<\/ul>\n\n\n\n<h2 class=\"wp-block-heading\">Pr\u00f3-labore: como comprovar renda e declarar no imposto de renda?<\/h2>\n\n\n\n<p>Diferentemente do funcion\u00e1rio que possui holerite, o s\u00f3cio utiliza o pr\u00f3-labore para comprovar sua capacidade financeira perante bancos e institui\u00e7\u00f5es de cr\u00e9dito. Para comprovar renda, voc\u00ea pode utilizar os comprovantes de contribui\u00e7\u00e3o com o INSS ou o Decore (Declara\u00e7\u00e3o de Percep\u00e7\u00e3o de Rendimentos) emitido pelo contador.<\/p>\n\n\n\n<p>No ajuste anual de pessoa f\u00edsica, o valor do pr\u00f3-labore deve constar na ficha de &#8220;Rendimentos Tribut\u00e1veis Recebidos de Pessoa Jur\u00eddica&#8221;. \u00c9 fundamental incluir os dados da fonte pagadora e as reten\u00e7\u00f5es de IRRF e previd\u00eancia. A consist\u00eancia entre o que a empresa declara e o que o s\u00f3cio informa \u00e9 o que mant\u00e9m o CPF longe da malha fina.<\/p>\n\n\n\n<h2 class=\"wp-block-heading\">Como definir um pr\u00f3-labore saud\u00e1vel com planejamento financeiro?<\/h2>\n\n\n\n<p>Definir o pr\u00f3-labore contribui diretamente para que seja poss\u00edvel gerir as finan\u00e7as de forma organizada. Quando o administrador deixa de retirar o valor, ao contabilizar o lucro ou os custos, os indicadores podem ser mascarados.<\/p>\n\n\n\n<p><strong>Sem essa despesa fixa, a margem de lucro parece maior do que realmente \u00e9, <\/strong>o que prejudica o c\u00e1lculo do valor dos produtos e servi\u00e7os. Um <a target=\"_blank\" href=\"https:\/\/www.omie.com.br\/blog\/5-dicas-planejamento-financeiro-empresarial\/\" rel=\"noreferrer noopener\">planejamento financeiro <\/a>eficiente exige que o s\u00f3cio seja tratado como um custo fixo previs\u00edvel. Isso permite:<\/p>\n\n\n\n<ul class=\"wp-block-list\">\n<li>Previsibilidade de caixa;<\/li>\n\n\n\n<li>Precifica\u00e7\u00e3o correta de servi\u00e7os;<\/li>\n\n\n\n<li>Separa\u00e7\u00e3o total entre vida pessoal e profissional.<\/li>\n<\/ul>\n\n\n\n<p>A retirada do pr\u00f3-labore n\u00e3o \u00e9 apenas um cumprimento burocr\u00e1tico, mas uma ferramenta estrat\u00e9gica de prote\u00e7\u00e3o e organiza\u00e7\u00e3o. Ao formalizar essa remunera\u00e7\u00e3o, o s\u00f3cio cumpre sua obriga\u00e7\u00e3o legal com a Previd\u00eancia Social, garante seus direitos futuros e blinda a empresa contra riscos de autua\u00e7\u00f5es e confus\u00e3o patrimonial.<\/p>\n\n\n\n<p>Agora que voc\u00ea j\u00e1 entendeu mais sobre esse tema, confira como voc\u00ea pode facilitar a gest\u00e3o fiscal de sua empresa com o<a target=\"_blank\" href=\"https:\/\/www.omie.com.br\/funcionalidades\/controle-financeiro-empresarial\/\" rel=\"noreferrer noopener\"> sistema de gest\u00e3o Omie!<\/a><\/p>\n","protected":false},"excerpt":{"rendered":"<p>Saiba se o pr\u00f3-labore \u00e9 obrigat\u00f3rio, entenda direitos e riscos para quem \u00e9 s\u00f3cio de empresa e aprenda a import\u00e2ncia da retirada correta!<\/p>\n","protected":false},"author":10,"featured_media":26589,"comment_status":"closed","ping_status":"closed","sticky":false,"template":"","format":"standard","meta":{"footnotes":""},"categories":[410],"tags":[],"class_list":["post-2496","post","type-post","status-publish","format-standard","has-post-thumbnail","hentry","category-contabilidade-empresarial"],"_links":{"self":[{"href":"https:\/\/www.omie.com.br\/blog\/wp-json\/wp\/v2\/posts\/2496","targetHints":{"allow":["GET"]}}],"collection":[{"href":"https:\/\/www.omie.com.br\/blog\/wp-json\/wp\/v2\/posts"}],"about":[{"href":"https:\/\/www.omie.com.br\/blog\/wp-json\/wp\/v2\/types\/post"}],"author":[{"embeddable":true,"href":"https:\/\/www.omie.com.br\/blog\/wp-json\/wp\/v2\/users\/10"}],"replies":[{"embeddable":true,"href":"https:\/\/www.omie.com.br\/blog\/wp-json\/wp\/v2\/comments?post=2496"}],"version-history":[{"count":2,"href":"https:\/\/www.omie.com.br\/blog\/wp-json\/wp\/v2\/posts\/2496\/revisions"}],"predecessor-version":[{"id":26590,"href":"https:\/\/www.omie.com.br\/blog\/wp-json\/wp\/v2\/posts\/2496\/revisions\/26590"}],"wp:featuredmedia":[{"embeddable":true,"href":"https:\/\/www.omie.com.br\/blog\/wp-json\/wp\/v2\/media\/26589"}],"wp:attachment":[{"href":"https:\/\/www.omie.com.br\/blog\/wp-json\/wp\/v2\/media?parent=2496"}],"wp:term":[{"taxonomy":"category","embeddable":true,"href":"https:\/\/www.omie.com.br\/blog\/wp-json\/wp\/v2\/categories?post=2496"},{"taxonomy":"post_tag","embeddable":true,"href":"https:\/\/www.omie.com.br\/blog\/wp-json\/wp\/v2\/tags?post=2496"}],"curies":[{"name":"wp","href":"https:\/\/api.w.org\/{rel}","templated":true}]}}