{"id":26298,"date":"2026-02-18T13:49:07","date_gmt":"2026-02-18T16:49:07","guid":{"rendered":"https:\/\/www.omie.com.br\/blog\/?p=26298"},"modified":"2026-03-04T13:53:20","modified_gmt":"2026-03-04T16:53:20","slug":"reforma-tributaria-para-industria-o-que-muda-na-pratica","status":"publish","type":"post","link":"https:\/\/www.omie.com.br\/blog\/reforma-tributaria-para-industria-o-que-muda-na-pratica\/","title":{"rendered":"Reforma tribut\u00e1ria para ind\u00fastria: o que muda na pr\u00e1tica"},"content":{"rendered":"\n<p>Para a ind\u00fastria brasileira, 2026 n\u00e3o representa apenas o in\u00edcio de um novo exerc\u00edcio fiscal. \u00c9 o marco zero de uma transforma\u00e7\u00e3o estrutural na l\u00f3gica de apura\u00e7\u00e3o, cr\u00e9dito e forma\u00e7\u00e3o de custo.<\/p>\n\n\n\n<p>A substitui\u00e7\u00e3o do IPI, ICMS, PIS e Cofins pelo IVA Dual, composto por CBS e IBS, altera profundamente a din\u00e2mica de cr\u00e9ditos sobre insumos, energia, servi\u00e7os e ativo imobilizado. Ao mesmo tempo, inaugura um modelo de cr\u00e9dito financeiro com n\u00e3o-cumulatividade plena, exigindo rastreabilidade e conformidade em tempo real.<\/p>\n\n\n\n<p>O industrial que ainda opera com sistemas desconectados entre fiscal, financeiro e Controle de Produ\u00e7\u00e3o (PCP) corre risco direto de perder cr\u00e9ditos, errar na composi\u00e7\u00e3o de custo e comprometer margem.<\/p>\n\n\n\n<p>Neste conte\u00fado, voc\u00ea vai entender reforma tribut\u00e1ria o que muda para a ind\u00fastria na pr\u00e1tica, como a transi\u00e7\u00e3o afeta custo de produ\u00e7\u00e3o e por que a automa\u00e7\u00e3o fiscal ser\u00e1 determinante para manter competitividade.<\/p>\n\n\n\n<p>Acompanhe!<\/p>\n\n\n\n<h2 class=\"wp-block-heading\">O fim do IPI e o nascimento do IVA Dual (IBS + CBS)<\/h2>\n\n\n\n<p>A<strong> primeira mudan\u00e7a estrutural \u00e9 a substitui\u00e7\u00e3o do modelo fragmentado por um sistema de<\/strong><a target=\"_blank\" href=\"https:\/\/www.omie.com.br\/blog\/iva-cbs-ibs-como-funciona\/\" rel=\"noreferrer noopener\"><strong> IVA Dual.<\/strong><\/a> O IPI, imposto historicamente vinculado \u00e0 produ\u00e7\u00e3o industrial, ser\u00e1 gradualmente reduzido at\u00e9 ter al\u00edquota zerada para a maioria dos produtos, com exce\u00e7\u00e3o de segmentos espec\u00edficos ligados \u00e0 Zona Franca de Manaus.<\/p>\n\n\n\n<p>Em paralelo, entram em cena:<\/p>\n\n\n\n<ul class=\"wp-block-list\">\n<li><a href=\"https:\/\/www.omie.com.br\/blog\/imposto-cbs-o-que-e-como-funciona\/\" target=\"_blank\" rel=\"noreferrer noopener\">CBS <\/a>(Contribui\u00e7\u00e3o sobre Bens e Servi\u00e7os), de compet\u00eancia federal;<\/li>\n\n\n\n<li><a href=\"https:\/\/www.omie.com.br\/blog\/ibs-entenda-o-que-e-o-imposto-de-bens-e-servicos-e-como-vai-funcionar\/\" target=\"_blank\" rel=\"noreferrer noopener\">IBS <\/a>(Imposto sobre Bens e Servi\u00e7os), de compet\u00eancia estadual e municipal.<\/li>\n<\/ul>\n\n\n\n<p>Em 2026, inicia-se a fase de teste com al\u00edquotas iniciais de 0,9% para CBS e 0,1% para IBS. O sistema antigo ainda coexistir\u00e1 durante o per\u00edodo de transi\u00e7\u00e3o.<\/p>\n\n\n\n<p>Para a ind\u00fastria, isso significa operar simultaneamente dois regimes por v\u00e1rios anos. O impacto n\u00e3o est\u00e1 apenas na guia de imposto, mas na l\u00f3gica de apura\u00e7\u00e3o e no reflexo direto no custo industrial.<\/p>\n\n\n\n<h2 class=\"wp-block-heading\">A revolu\u00e7\u00e3o do cr\u00e9dito financeiro na ind\u00fastria<\/h2>\n\n\n\n<p>Este \u00e9 o ponto mais sens\u00edvel da reforma para o setor industrial. No modelo anterior, o cr\u00e9dito era predominantemente f\u00edsico. Para gerar cr\u00e9dito, o insumo precisava estar diretamente vinculado ao produto final.<\/p>\n\n\n\n<p>Isso gerava disputas interpretativas e limita\u00e7\u00f5es na recupera\u00e7\u00e3o de valores.<strong> Com o novo sistema, adota-se o princ\u00edpio da n\u00e3o-cumulatividade plena via cr\u00e9dito financeiro.<\/strong><\/p>\n\n\n\n<p>Na pr\u00e1tica:<\/p>\n\n\n\n<ul class=\"wp-block-list\">\n<li>Energia el\u00e9trica gera cr\u00e9dito;<\/li>\n\n\n\n<li>Servi\u00e7os contratados geram cr\u00e9dito;<\/li>\n\n\n\n<li>M\u00e1quinas e equipamentos geram cr\u00e9dito;<\/li>\n\n\n\n<li>Insumos indiretos tamb\u00e9m podem gerar cr\u00e9dito.<\/li>\n<\/ul>\n\n\n\n<p>Desde que o fornecedor tenha recolhido corretamente o imposto. Essa mudan\u00e7a amplia a base de cr\u00e9dito, mas aumenta a responsabilidade sobre compliance da cadeia.<\/p>\n\n\n\n<p>O impacto no<a target=\"_blank\" href=\"https:\/\/www.omie.com.br\/blog\/guia-fluxo-de-caixa-o-que-e-como-fazer\/\" rel=\"noreferrer noopener\"> fluxo de caixa <\/a>\u00e9 direto. O cr\u00e9dito s\u00f3 \u00e9 aproveitado se o imposto tiver sido efetivamente pago na etapa anterior. Isso exige controle sobre a regularidade fiscal do fornecedor.<\/p>\n\n\n\n<p>Sem integra\u00e7\u00e3o fiscal adequada, a ind\u00fastria pode:<\/p>\n\n\n\n<ul class=\"wp-block-list\">\n<li>Perder cr\u00e9ditos por inconsist\u00eancia documental;<\/li>\n\n\n\n<li>Gerar diverg\u00eancias na apura\u00e7\u00e3o;<\/li>\n\n\n\n<li>Comprometer a forma\u00e7\u00e3o do custo industrial.<\/li>\n<\/ul>\n\n\n\n<p>\u00c9 aqui que o <a target=\"_blank\" href=\"https:\/\/www.omie.com.br\/blog\/planejamento-tributario-reforma-tributaria\/\" rel=\"noreferrer noopener\">Planejamento Tribut\u00e1rio<\/a> 2026 deixa de ser te\u00f3rico e passa a ser operacional.<\/p>\n\n\n\n<h2 class=\"wp-block-heading\">Imposto Seletivo: o impacto setorial na manufatura<\/h2>\n\n\n\n<p>Al\u00e9m do IVA Dual, <strong>a reforma cria o chamado Imposto Seletivo, conhecido informalmente como \u201cimposto do pecado\u201d<\/strong>. Ele incidir\u00e1 sobre produtos considerados prejudiciais \u00e0 sa\u00fade ou ao meio ambiente, como:<\/p>\n\n\n\n<ul class=\"wp-block-list\">\n<li>Bebidas alco\u00f3licas;<\/li>\n\n\n\n<li>Produtos derivados do tabaco;<\/li>\n\n\n\n<li>Ve\u00edculos espec\u00edficos;<\/li>\n\n\n\n<li>Extra\u00e7\u00e3o mineral.<\/li>\n<\/ul>\n\n\n\n<p>Para ind\u00fastrias desses segmentos, o impacto n\u00e3o est\u00e1 apenas na al\u00edquota adicional, mas na necessidade de recalibrar pre\u00e7o, margem e estrat\u00e9gia comercial. O imposto seletivo n\u00e3o gera cr\u00e9dito como o IVA Dual. Ele \u00e9 cumulativo e tem car\u00e1ter extrafiscal, voltado \u00e0 pol\u00edtica p\u00fablica. A ind\u00fastria afetada precisa revisar sua estrutura de custos e posicionamento competitivo com anteced\u00eancia.<\/p>\n\n\n\n<h2 class=\"wp-block-heading\">Desonera\u00e7\u00e3o de investimentos e exporta\u00e7\u00f5es<\/h2>\n\n\n\n<p>Se h\u00e1 pontos de aten\u00e7\u00e3o, h\u00e1 tamb\u00e9m oportunidades relevantes.<\/p>\n\n\n\n<h3 class=\"wp-block-heading\">Ativo imobilizado com recupera\u00e7\u00e3o mais eficiente<\/h3>\n\n\n\n<p>No modelo anterior, o cr\u00e9dito sobre m\u00e1quinas e equipamentos era limitado e, muitas vezes, recuperado ao longo de anos. Com a l\u00f3gica do cr\u00e9dito financeiro, <strong>a aquisi\u00e7\u00e3o de ativo imobilizado passa a gerar cr\u00e9dito de forma mais direta, melhorando o retorno sobre investimento<\/strong> e impactando decis\u00f5es de capex.<\/p>\n\n\n\n<h3 class=\"wp-block-heading\">Exporta\u00e7\u00e3o sem res\u00edduos tribut\u00e1rios<\/h3>\n\n\n\n<p>Outro avan\u00e7o importante \u00e9 a promessa de exporta\u00e7\u00e3o limpa. A ind\u00fastria brasileira poder\u00e1 exportar sem carregar res\u00edduos de impostos acumulados na cadeia produtiva. Isso tende a aumentar competitividade internacional, especialmente para setores intensivos em insumos tributados.<\/p>\n\n\n\n<p>Para capturar esse benef\u00edcio, \u00e9 essencial que o sistema de gest\u00e3o de custos industriais esteja corretamente parametrizado e integrado ao fiscal.<\/p>\n\n\n\n<h2 class=\"wp-block-heading\">Por que a automa\u00e7\u00e3o fiscal \u00e9 a \u00fanica sa\u00edda em 2026?<\/h2>\n\n\n\n<p>A transi\u00e7\u00e3o entre dois regimes por at\u00e9 dez anos cria um ambiente de alta complexidade operacional. Calcular manualmente qual regra aplicar, qual al\u00edquota usar, qual cr\u00e9dito aproveitar e qual sistema considerar deixa de ser vi\u00e1vel em escala industrial.<\/p>\n\n\n\n<p>A ind\u00fastria precisar\u00e1 de:<\/p>\n\n\n\n<ul class=\"wp-block-list\">\n<li>Classifica\u00e7\u00e3o correta por <a href=\"https:\/\/www.omie.com.br\/blog\/o-que-e-codigo-ncm-para-que-serve-e-como-consultar\/\" target=\"_blank\" rel=\"noreferrer noopener\">NCM<\/a>;<\/li>\n\n\n\n<li>Atualiza\u00e7\u00e3o autom\u00e1tica de al\u00edquotas;<\/li>\n\n\n\n<li>Integra\u00e7\u00e3o entre fiscal, estoque e PCP;<\/li>\n\n\n\n<li>Rastreabilidade total de cr\u00e9ditos.<\/li>\n<\/ul>\n\n\n\n<p>A<strong> IA Fiscal Omie assume papel central nesse cen\u00e1rio. Ela identifica automaticamente a regra aplic\u00e1vel <\/strong>a cada opera\u00e7\u00e3o, ajusta par\u00e2metros conforme o calend\u00e1rio oficial e garante que o custo industrial refletido no <a target=\"_blank\" href=\"https:\/\/www.omie.com.br\/blog\/pcp-produtividade-pequena-media-industria\/\" rel=\"noreferrer noopener\">Controle de Produ\u00e7\u00e3o (PCP)<\/a> esteja alinhado ao regime vigente. Sem automa\u00e7\u00e3o, o risco n\u00e3o \u00e9 apenas erro fiscal. \u00c9 distor\u00e7\u00e3o no custo de produ\u00e7\u00e3o, erro de precifica\u00e7\u00e3o e perda de margem.<\/p>\n\n\n\n<h2 class=\"wp-block-heading\">Conclus\u00e3o: de ind\u00fastrias reativas para ind\u00fastrias integradas<\/h2>\n\n\n\n<p>A <a target=\"_blank\" href=\"https:\/\/www.omie.com.br\/blog\/reforma-tributaria-vantagens-e-atualizacoes\/\" rel=\"noreferrer noopener\">reforma tribut\u00e1ria<\/a> para ind\u00fastria n\u00e3o \u00e9 apenas uma mudan\u00e7a de siglas. \u00c9 uma reestrutura\u00e7\u00e3o completa da l\u00f3gica de cr\u00e9dito, apura\u00e7\u00e3o e forma\u00e7\u00e3o de custo.<\/p>\n\n\n\n<p>Empresas que tratam o tema apenas como obriga\u00e7\u00e3o fiscal tendem a reagir. Ind\u00fastrias que integram ch\u00e3o de f\u00e1brica, financeiro e fiscal em um Sistema de Gest\u00e3o Online passam a operar com previsibilidade. Em 2026, a organiza\u00e7\u00e3o ser\u00e1 premiada. A desorganiza\u00e7\u00e3o ser\u00e1 penalizada.<\/p>\n\n\n\n<p>Sua ind\u00fastria est\u00e1 pronta para a transi\u00e7\u00e3o tribut\u00e1ria de 2026? <strong>Garanta a seguran\u00e7a dos seus cr\u00e9ditos e a precis\u00e3o do seu custo industrial com a Omie.<\/strong> Agende uma demonstra\u00e7\u00e3o do m\u00f3dulo de Manufatura e prepare sua opera\u00e7\u00e3o para a nova era fiscal.<\/p>\n","protected":false},"excerpt":{"rendered":"<p>Para a ind\u00fastria brasileira, 2026 n\u00e3o representa apenas o in\u00edcio de um novo exerc\u00edcio fiscal. \u00c9 o marco zero de uma transforma\u00e7\u00e3o estrutural na l\u00f3gica de apura\u00e7\u00e3o, cr\u00e9dito e forma\u00e7\u00e3o de custo. A substitui\u00e7\u00e3o do IPI, ICMS, PIS e Cofins pelo IVA Dual, composto por CBS e IBS, altera profundamente a din\u00e2mica de cr\u00e9ditos sobre [&hellip;]<\/p>\n","protected":false},"author":10,"featured_media":26299,"comment_status":"closed","ping_status":"closed","sticky":false,"template":"","format":"standard","meta":{"footnotes":""},"categories":[405],"tags":[],"class_list":["post-26298","post","type-post","status-publish","format-standard","has-post-thumbnail","hentry","category-legislacao-e-tributacao"],"_links":{"self":[{"href":"https:\/\/www.omie.com.br\/blog\/wp-json\/wp\/v2\/posts\/26298","targetHints":{"allow":["GET"]}}],"collection":[{"href":"https:\/\/www.omie.com.br\/blog\/wp-json\/wp\/v2\/posts"}],"about":[{"href":"https:\/\/www.omie.com.br\/blog\/wp-json\/wp\/v2\/types\/post"}],"author":[{"embeddable":true,"href":"https:\/\/www.omie.com.br\/blog\/wp-json\/wp\/v2\/users\/10"}],"replies":[{"embeddable":true,"href":"https:\/\/www.omie.com.br\/blog\/wp-json\/wp\/v2\/comments?post=26298"}],"version-history":[{"count":1,"href":"https:\/\/www.omie.com.br\/blog\/wp-json\/wp\/v2\/posts\/26298\/revisions"}],"predecessor-version":[{"id":26300,"href":"https:\/\/www.omie.com.br\/blog\/wp-json\/wp\/v2\/posts\/26298\/revisions\/26300"}],"wp:featuredmedia":[{"embeddable":true,"href":"https:\/\/www.omie.com.br\/blog\/wp-json\/wp\/v2\/media\/26299"}],"wp:attachment":[{"href":"https:\/\/www.omie.com.br\/blog\/wp-json\/wp\/v2\/media?parent=26298"}],"wp:term":[{"taxonomy":"category","embeddable":true,"href":"https:\/\/www.omie.com.br\/blog\/wp-json\/wp\/v2\/categories?post=26298"},{"taxonomy":"post_tag","embeddable":true,"href":"https:\/\/www.omie.com.br\/blog\/wp-json\/wp\/v2\/tags?post=26298"}],"curies":[{"name":"wp","href":"https:\/\/api.w.org\/{rel}","templated":true}]}}