{"id":26302,"date":"2026-02-17T13:56:51","date_gmt":"2026-02-17T16:56:51","guid":{"rendered":"https:\/\/www.omie.com.br\/blog\/?p=26302"},"modified":"2026-03-04T13:58:59","modified_gmt":"2026-03-04T16:58:59","slug":"cronograma-da-reforma-tributaria-prepare-sua-empresa","status":"publish","type":"post","link":"https:\/\/www.omie.com.br\/blog\/cronograma-da-reforma-tributaria-prepare-sua-empresa\/","title":{"rendered":"Cronograma da reforma tribut\u00e1ria: prepare sua empresa"},"content":{"rendered":"\n<p>A <a target=\"_blank\" href=\"https:\/\/www.omie.com.br\/blog\/reforma-tributaria-vantagens-e-atualizacoes\/\" rel=\"noreferrer noopener\">Reforma Tribut\u00e1ria<\/a> \u00e9 uma mudan\u00e7a de rota, n\u00e3o um evento pontual. Ela acontece ao longo de aproximadamente 10 anos e come\u00e7a a ter efeito pr\u00e1tico j\u00e1 em 2026. Por isso, mais importante do que decorar siglas como IBS e CBS \u00e9 entender o cronograma de transi\u00e7\u00e3o e o que cada etapa exige da sua empresa.<\/p>\n\n\n\n<p>O ponto de aten\u00e7\u00e3o para o empreendedor \u00e9 claro. Durante v\u00e1rios anos, o sistema antigo continua existindo ao mesmo tempo em que o novo entra em opera\u00e7\u00e3o. Isso aumenta a necessidade de conformidade fiscal, organiza\u00e7\u00e3o de cadastros e controle de notas. Quem deixa para ajustar processos e tecnologia na \u00faltima hora tende a ter mais retrabalho e maior risco de inconsist\u00eancia nos registros.<\/p>\n\n\n\n<p>Neste guia, voc\u00ea vai ver o cronograma reforma tribut\u00e1ria por fases, o que muda a partir de 2026 e quais a\u00e7\u00f5es pr\u00e1ticas ajudam sua empresa a atravessar o per\u00edodo de transi\u00e7\u00e3o com mais previsibilidade.<\/p>\n\n\n\n<p>Acompanhe.<\/p>\n\n\n\n<h2 class=\"wp-block-heading\">2024 e 2025: per\u00edodo de regulamenta\u00e7\u00e3o<\/h2>\n\n\n\n<p>Os anos de 2024 e 2025 s\u00e3o marcados pela <strong>consolida\u00e7\u00e3o das regras por meio de leis complementares e defini\u00e7\u00f5es operacionais do novo modelo<\/strong>. Para o empreendedor, \u00e9 um per\u00edodo de prepara\u00e7\u00e3o estrat\u00e9gica. O foco n\u00e3o \u00e9 \u201cemitir diferente\u201d ainda, mas mapear impacto.<\/p>\n\n\n\n<p>O que vale fazer nessa etapa:<\/p>\n\n\n\n<ul class=\"wp-block-list\">\n<li>Revisar como seu setor se comporta com a l\u00f3gica do<a href=\"https:\/\/www.omie.com.br\/blog\/iva-cbs-ibs-como-funciona\/\" target=\"_blank\" rel=\"noreferrer noopener\"> IVA Dual<\/a> e do cr\u00e9dito financeiro;<\/li>\n\n\n\n<li>Estruturar <a href=\"https:\/\/www.omie.com.br\/blog\/planejamento-tributario-para-empresas-tudo-o-que-voce-precisa-saber\/\" target=\"_blank\" rel=\"noreferrer noopener\">Planejamento Tribut\u00e1rio<\/a> para 2026 com base no que j\u00e1 est\u00e1 sendo regulamentado;<\/li>\n\n\n\n<li>Auditar processos internos de compras, faturamento e cadastro para reduzir inconsist\u00eancias;<\/li>\n\n\n\n<li>Avaliar se o sistema atual suporta um cen\u00e1rio de transi\u00e7\u00e3o, ou se tende a exigir controles paralelos.<\/li>\n<\/ul>\n\n\n\n<p>A recomenda\u00e7\u00e3o mais segura aqui \u00e9 come\u00e7ar a organizar dados e processos antes do ano de teste, porque o ajuste costuma levar mais tempo do que o empres\u00e1rio imagina.<\/p>\n\n\n\n<h2 class=\"wp-block-heading\">2026: in\u00edcio da conviv\u00eancia e al\u00edquotas de teste<\/h2>\n\n\n\n<p>Este \u00e9 o marco pr\u00e1tico do cronograma. <strong>Em 2026, o novo modelo come\u00e7a a existir formalmente com al\u00edquotas de teste. <\/strong>Ao mesmo tempo, os tributos antigos continuam sendo aplicados.<\/p>\n\n\n\n<p>Em janeiro de 2026, inicia-se a cobran\u00e7a da <a target=\"_blank\" href=\"https:\/\/www.omie.com.br\/blog\/imposto-cbs-o-que-e-como-funciona\/\" rel=\"noreferrer noopener\">CBS<\/a>, na esfera federal, com al\u00edquota de teste de 0,9%. Tamb\u00e9m entra o <a target=\"_blank\" href=\"https:\/\/www.omie.com.br\/blog\/ibs-entenda-o-que-e-o-imposto-de-bens-e-servicos-e-como-vai-funcionar\/\" rel=\"noreferrer noopener\">IBS<\/a>, na esfera estadual e municipal, com al\u00edquota de teste de 0,1%.<\/p>\n\n\n\n<p>O grande desafio de adapta\u00e7\u00e3o \u00e9 a conviv\u00eancia. A empresa passa a lidar com o sistema antigo e o novo simultaneamente, o que exige disciplina na<a target=\"_blank\" href=\"https:\/\/www.omie.com.br\/blog\/como-fazer-uma-boa-gestao-de-nota-fiscal-eletronica\/\" rel=\"noreferrer noopener\"> gest\u00e3o de notas fiscais<\/a>, consist\u00eancia de cadastro e rastreabilidade de opera\u00e7\u00f5es.<\/p>\n\n\n\n<p>Nesse ponto, planilhas e controles manuais tendem a falhar porque aumentam risco de diverg\u00eancia e retrabalho.<\/p>\n\n\n\n<p>A <strong>IA Fiscal Omie entra como camada de automa\u00e7\u00e3o para apoiar esse cen\u00e1rio<\/strong> de dupla apura\u00e7\u00e3o, mantendo a emiss\u00e3o alinhada \u00e0s regras em vigor, sem depender de ajustes manuais constantes de tabelas.<\/p>\n\n\n\n<h2 class=\"wp-block-heading\">2027 e 2028: extin\u00e7\u00e3o de PIS e Cofins e mudan\u00e7a no IPI<\/h2>\n\n\n\n<p>A transi\u00e7\u00e3o avan\u00e7a e o cronograma come\u00e7a a substituir tributos federais de forma mais definitiva. A partir de 2027, <a target=\"_blank\" href=\"https:\/\/www.omie.com.br\/blog\/o-que-e-pis-e-quem-tem-direito-a-usar\/\" rel=\"noreferrer noopener\">PIS<\/a> e <a target=\"_blank\" href=\"https:\/\/www.omie.com.br\/blog\/voce-sabe-o-que-e-o-imposto-cofins\/\" rel=\"noreferrer noopener\">Cofins<\/a> deixam de existir, sendo absorvidos pela CBS. Isso simplifica a estrutura federal, mas exige que a empresa esteja com processos e parametriza\u00e7\u00f5es coerentes com o modelo novo.<\/p>\n\n\n\n<p>O IPI, por sua vez, passa a ter al\u00edquota reduzida a zero para a maioria dos produtos, com exce\u00e7\u00f5es espec\u00edficas, especialmente ligadas \u00e0 competitividade da Zona Franca de Manaus.<\/p>\n\n\n\n<p>Na pr\u00e1tica, esse per\u00edodo costuma gerar ajustes importantes de fluxo, porque tributos e cr\u00e9ditos mudam de lugar. <strong>O<\/strong> <strong>controle de<\/strong><a target=\"_blank\" href=\"https:\/\/www.omie.com.br\/blog\/guia-fluxo-de-caixa-o-que-e-como-fazer\/\" rel=\"noreferrer noopener\"><strong> fluxo de caixa<\/strong><\/a><strong> precisa refletir a nova din\u00e2mica<\/strong> para que o gestor n\u00e3o tome decis\u00e3o baseada em um cen\u00e1rio que j\u00e1 mudou.<\/p>\n\n\n\n<h2 class=\"wp-block-heading\">2029 a 2032: transi\u00e7\u00e3o gradual do ICMS e do ISS<\/h2>\n\n\n\n<p>Aqui entra o trecho mais longo do cronograma. <a target=\"_blank\" href=\"https:\/\/www.omie.com.br\/blog\/icms-o-que-e-como-acessar-calculo-muito-mais\/\" rel=\"noreferrer noopener\">ICMS <\/a>e <a target=\"_blank\" href=\"https:\/\/www.omie.com.br\/blog\/iss-como-funciona-o-imposto-sobre-servico\/\" rel=\"noreferrer noopener\">ISS<\/a> n\u00e3o acabam de uma vez. Eles s\u00e3o reduzidos progressivamente at\u00e9 a extin\u00e7\u00e3o completa.<\/p>\n\n\n\n<p>Esse per\u00edodo exige aten\u00e7\u00e3o por tr\u00eas motivos:<\/p>\n\n\n\n<ul class=\"wp-block-list\">\n<li>Coexist\u00eancia prolongada de regras, com impacto em opera\u00e7\u00f5es, precifica\u00e7\u00e3o e compliance;<\/li>\n\n\n\n<li>Necessidade de manter hist\u00f3rico de dados limpo para lidar com transi\u00e7\u00e3o de cr\u00e9ditos e auditorias;<\/li>\n\n\n\n<li>Depend\u00eancia ainda maior de tecnologia para evitar inconsist\u00eancias repetidas, principalmente em empresas com alto volume de notas.<\/li>\n<\/ul>\n\n\n\n<p>\u00c9 tamb\u00e9m o <strong>momento em que a organiza\u00e7\u00e3o de cadastros, NCMs, CSTs e regras fiscais precisa estar madura,<\/strong> porque o risco n\u00e3o est\u00e1 apenas no imposto em si, mas na rastreabilidade do que foi apurado e como foi registrado.<\/p>\n\n\n\n<h2 class=\"wp-block-heading\">2033: o novo sistema entra plenamente em vigor<\/h2>\n\n\n\n<p>Em 2033, a transi\u00e7\u00e3o termina e o sistema antigo \u00e9 encerrado. A empresa passa a operar com o modelo novo como padr\u00e3o, com CBS e IBS como eixos centrais da tributa\u00e7\u00e3o sobre consumo.<\/p>\n\n\n\n<p>Nesse est\u00e1gio, a l\u00f3gica de destino ganha peso operacional e a gest\u00e3o fiscal passa a exigir ainda mais clareza sobre opera\u00e7\u00e3o, emiss\u00e3o e cadeia de cr\u00e9ditos. Chegar em 2033 bem significa ter atravessado os anos anteriores com organiza\u00e7\u00e3o, processo e tecnologia.<\/p>\n\n\n\n<h2 class=\"wp-block-heading\">Checklist de prepara\u00e7\u00e3o: o que fazer agora<\/h2>\n\n\n\n<p>A Reforma Tribut\u00e1ria n\u00e3o exige apenas mudan\u00e7a de guia. Ela exige que o dado seja confi\u00e1vel. Por isso, as a\u00e7\u00f5es pr\u00e1ticas s\u00e3o simples na forma, mas importantes na execu\u00e7\u00e3o.<\/p>\n\n\n\n<p>Veja um checklist direto para come\u00e7ar.<\/p>\n\n\n\n<ul class=\"wp-block-list\">\n<li>Auditar cadastros cr\u00edticos, como NCM, CNAE e regras fiscais associadas;<\/li>\n\n\n\n<li>Revisar o processo de emiss\u00e3o e compras para reduzir inconsist\u00eancia de classifica\u00e7\u00e3o;<\/li>\n\n\n\n<li>Treinar quem lida com notas e rotinas fiscais, com foco em disciplina de processo;<\/li>\n\n\n\n<li>Estruturar relat\u00f3rios e rotinas de confer\u00eancia para garantir conformidade cont\u00ednua;<\/li>\n\n\n\n<li>Migrar de controles manuais para um sistema que acompanhe a legisla\u00e7\u00e3o com atualiza\u00e7\u00f5es autom\u00e1ticas, reduzindo depend\u00eancia de ajustes operacionais.<\/li>\n<\/ul>\n\n\n\n<h2 class=\"wp-block-heading\">Quem se antecipa, lidera<\/h2>\n\n\n\n<p>O cronograma da reforma tribut\u00e1ria n\u00e3o \u00e9 motivo para paralisar decis\u00f5es. Ele \u00e9 um mapa para preparar a empresa com calma e m\u00e9todo.<\/p>\n\n\n\n<p>A fase pr\u00e1tica come\u00e7a em 2026 e exige conviv\u00eancia entre regimes. Isso aumenta a necessidade de tecnologia, organiza\u00e7\u00e3o e conformidade fiscal. Quem se organiza antes evita ajustes apressados e fortalece competitividade ao longo de toda a transi\u00e7\u00e3o.<\/p>\n\n\n\n<p>N\u00e3o espere 2026 chegar para organizar seu fiscal.<strong> Prepare sua empresa hoje com o ecossistema Omie e tenha tranquilidade durante toda a transi\u00e7\u00e3o da Reforma<\/strong>.<\/p>\n\n\n\n<p>Conhe\u00e7a as solu\u00e7\u00f5es fiscais da Omie!<\/p>\n","protected":false},"excerpt":{"rendered":"<p>A Reforma Tribut\u00e1ria \u00e9 uma mudan\u00e7a de rota, n\u00e3o um evento pontual. Ela acontece ao longo de aproximadamente 10 anos e come\u00e7a a ter efeito pr\u00e1tico j\u00e1 em 2026. Por isso, mais importante do que decorar siglas como IBS e CBS \u00e9 entender o cronograma de transi\u00e7\u00e3o e o que cada etapa exige da sua [&hellip;]<\/p>\n","protected":false},"author":10,"featured_media":26303,"comment_status":"closed","ping_status":"closed","sticky":false,"template":"","format":"standard","meta":{"footnotes":""},"categories":[405],"tags":[],"class_list":["post-26302","post","type-post","status-publish","format-standard","has-post-thumbnail","hentry","category-legislacao-e-tributacao"],"_links":{"self":[{"href":"https:\/\/www.omie.com.br\/blog\/wp-json\/wp\/v2\/posts\/26302","targetHints":{"allow":["GET"]}}],"collection":[{"href":"https:\/\/www.omie.com.br\/blog\/wp-json\/wp\/v2\/posts"}],"about":[{"href":"https:\/\/www.omie.com.br\/blog\/wp-json\/wp\/v2\/types\/post"}],"author":[{"embeddable":true,"href":"https:\/\/www.omie.com.br\/blog\/wp-json\/wp\/v2\/users\/10"}],"replies":[{"embeddable":true,"href":"https:\/\/www.omie.com.br\/blog\/wp-json\/wp\/v2\/comments?post=26302"}],"version-history":[{"count":1,"href":"https:\/\/www.omie.com.br\/blog\/wp-json\/wp\/v2\/posts\/26302\/revisions"}],"predecessor-version":[{"id":26304,"href":"https:\/\/www.omie.com.br\/blog\/wp-json\/wp\/v2\/posts\/26302\/revisions\/26304"}],"wp:featuredmedia":[{"embeddable":true,"href":"https:\/\/www.omie.com.br\/blog\/wp-json\/wp\/v2\/media\/26303"}],"wp:attachment":[{"href":"https:\/\/www.omie.com.br\/blog\/wp-json\/wp\/v2\/media?parent=26302"}],"wp:term":[{"taxonomy":"category","embeddable":true,"href":"https:\/\/www.omie.com.br\/blog\/wp-json\/wp\/v2\/categories?post=26302"},{"taxonomy":"post_tag","embeddable":true,"href":"https:\/\/www.omie.com.br\/blog\/wp-json\/wp\/v2\/tags?post=26302"}],"curies":[{"name":"wp","href":"https:\/\/api.w.org\/{rel}","templated":true}]}}