{"id":26306,"date":"2026-02-16T14:01:06","date_gmt":"2026-02-16T17:01:06","guid":{"rendered":"https:\/\/www.omie.com.br\/blog\/?p=26306"},"modified":"2026-03-04T14:03:05","modified_gmt":"2026-03-04T17:03:05","slug":"impacto-da-reforma-tributaria-no-preco-dos-produtos","status":"publish","type":"post","link":"https:\/\/www.omie.com.br\/blog\/impacto-da-reforma-tributaria-no-preco-dos-produtos\/","title":{"rendered":"Impacto da reforma tribut\u00e1ria no pre\u00e7o dos produtos"},"content":{"rendered":"\n<p>A <a target=\"_blank\" href=\"https:\/\/www.omie.com.br\/blog\/reforma-tributaria-vantagens-e-atualizacoes\/\" rel=\"noreferrer noopener\">Reforma Tribut\u00e1ria<\/a> promete simplificar o sistema, mas a pergunta mais comum em quem vende e em quem compra \u00e9 direta. O pre\u00e7o vai subir ou vai cair? Em 2026, com o in\u00edcio do IVA Dual, a precifica\u00e7\u00e3o deixa de seguir uma l\u00f3gica que escondia parte do imposto dentro do pr\u00f3prio c\u00e1lculo e passa a operar com mais transpar\u00eancia.<\/p>\n\n\n\n<p>Essa mudan\u00e7a tem impacto real na rotina de empresas de ind\u00fastria, com\u00e9rcio e servi\u00e7os. O pre\u00e7o final n\u00e3o ser\u00e1 definido apenas por margem desejada. Ele ser\u00e1 influenciado por cr\u00e9dito financeiro, aproveitamento de insumos e precis\u00e3o na apura\u00e7\u00e3o de IBS e CBS durante a conviv\u00eancia entre regimes.<\/p>\n\n\n\n<p>Neste conte\u00fado, voc\u00ea vai entender como a reforma tribut\u00e1ria pre\u00e7os pode afetar o valor final dos produtos, por que o c\u00e1lculo por fora muda a forma de enxergar custos e como recalcular pre\u00e7os sem perder competitividade nem margem de contribui\u00e7\u00e3o.<\/p>\n\n\n\n<p>Acompanhe!<\/p>\n\n\n\n<h2 class=\"wp-block-heading\">O fim do c\u00e1lculo \u201cpor dentro\u201d e a transpar\u00eancia no pre\u00e7o<\/h2>\n\n\n\n<p>A <strong>principal mudan\u00e7a conceitual na forma\u00e7\u00e3o de pre\u00e7o est\u00e1 no modo como o tributo entra na conta<\/strong>. No modelo atual, tributos como ICMS, PIS e Cofins participam da base de c\u00e1lculo de forma indireta, o que faz o imposto incidir sobre ele mesmo.<\/p>\n\n\n\n<p>\u00c9 o famoso imposto \u201cpor dentro\u201d. Na pr\u00e1tica, isso dificulta a leitura do pre\u00e7o real do produto, porque parte do tributo j\u00e1 est\u00e1 embutida na base.<\/p>\n\n\n\n<p>Com o<a target=\"_blank\" href=\"https:\/\/www.omie.com.br\/blog\/iva-cbs-ibs-como-funciona\/\" rel=\"noreferrer noopener\"> IVA Dual<\/a>, a l\u00f3gica passa a ser \u201cpor fora\u201d. O imposto \u00e9 calculado sobre o valor do produto de forma mais clara, destacada, com maior visibilidade do que \u00e9 pre\u00e7o e do que \u00e9 tributo.<\/p>\n\n\n\n<p>Essa mudan\u00e7a \u00e9 relevante porque traz duas consequ\u00eancias imediatas:<\/p>\n\n\n\n<ul class=\"wp-block-list\">\n<li>O empres\u00e1rio passa a enxergar melhor sua forma\u00e7\u00e3o de pre\u00e7o e sua margem de contribui\u00e7\u00e3o;<\/li>\n\n\n\n<li>O consumidor tende a ver com mais clareza o peso do tributo no pre\u00e7o final.<\/li>\n<\/ul>\n\n\n\n<p>Para o gestor, isso torna ainda mais importante separar custo, pre\u00e7o, imposto e margem, porque a transpar\u00eancia reduz espa\u00e7o para erros de percep\u00e7\u00e3o.<\/p>\n\n\n\n<h2 class=\"wp-block-heading\">O impacto do cr\u00e9dito pleno na redu\u00e7\u00e3o de custos<\/h2>\n\n\n\n<p>A pergunta sobre pre\u00e7o n\u00e3o tem uma resposta \u00fanica porque o efeito depende do quanto a empresa consegue aproveitar cr\u00e9ditos ao longo da cadeia. Com a n\u00e3o-cumulatividade plena e o cr\u00e9dito financeiro, <strong>a empresa tende a ter uma base mais ampla de cr\u00e9ditos.<\/strong> Isso inclui compras de insumos, servi\u00e7os, energia e etapas relevantes do processo produtivo e operacional.<\/p>\n\n\n\n<p>Quando a empresa aproveita esses cr\u00e9ditos com precis\u00e3o, o custo efetivo de aquisi\u00e7\u00e3o diminui. E quando o custo cai, existe espa\u00e7o para duas estrat\u00e9gias.<\/p>\n\n\n\n<ul class=\"wp-block-list\">\n<li>Repassar parte da efici\u00eancia para o mercado e ganhar competitividade;<\/li>\n\n\n\n<li>Manter pre\u00e7o e recuperar margem, fortalecendo caixa e investimento.<\/li>\n<\/ul>\n\n\n\n<p>O ponto de aten\u00e7\u00e3o \u00e9 que o cr\u00e9dito depende de conformidade. Se a compra n\u00e3o estiver bem registrada ou se houver inconsist\u00eancias, o cr\u00e9dito pode n\u00e3o ser aproveitado como deveria. Nesse cen\u00e1rio, o custo n\u00e3o cai. E o pre\u00e7o final pode n\u00e3o se beneficiar.<\/p>\n\n\n\n<p>\u00c9 por isso que precifica\u00e7\u00e3o em 2026 deixa de ser intui\u00e7\u00e3o. Ela passa a ser resultado de gest\u00e3o de cr\u00e9ditos e consist\u00eancia de dados.<\/p>\n\n\n\n<h2 class=\"wp-block-heading\">Setores em foco: quem tende a ganhar e quem precisa de mais cuidado<\/h2>\n\n\n\n<p>O efeito da reforma tribut\u00e1ria no pre\u00e7o dos produtos muda de setor para setor, porque cada um tem um perfil diferente de insumos, servi\u00e7os e estrutura de custos.<\/p>\n\n\n\n<h3 class=\"wp-block-heading\">Ind\u00fastria<\/h3>\n\n\n\n<p>A ind\u00fastria tende a ser impactada de forma mais profunda por dois motivos. <strong>A mudan\u00e7a na l\u00f3gica de cr\u00e9dito e a altera\u00e7\u00e3o do <\/strong><a target=\"_blank\" href=\"https:\/\/www.omie.com.br\/blog\/imposto-sobre-produtos-industrializados-ipi\/\" rel=\"noreferrer noopener\"><strong>IPI<\/strong><\/a><strong>. <\/strong>Com maior possibilidade de cr\u00e9dito sobre insumos, energia e etapas da cadeia, existe potencial de redu\u00e7\u00e3o do custo efetivo. Isso pode abrir espa\u00e7o para pre\u00e7os mais competitivos, principalmente em cadeias com alto volume de compras tributadas.<\/p>\n\n\n\n<p>Al\u00e9m disso, com o IPI sendo reduzido a zero para a maioria dos produtos ao longo da transi\u00e7\u00e3o, a composi\u00e7\u00e3o de custo industrial tende a mudar, exigindo revis\u00e3o de precifica\u00e7\u00e3o e estrat\u00e9gia comercial.<\/p>\n\n\n\n<h3 class=\"wp-block-heading\">Com\u00e9rcio<\/h3>\n\n\n\n<p>No com\u00e9rcio, o impacto depende do lugar ocupado na cadeia e do perfil de compras. Empresas com estrutura de compra bem organizada e alto volume de entradas com cr\u00e9dito aproveit\u00e1vel podem sentir melhora de custo e competitividade.<\/p>\n\n\n\n<p>J\u00e1 quem tem baixa disciplina de cadastro, inconsist\u00eancia em notas e pouca rastreabilidade tende a ter menos efici\u00eancia na recupera\u00e7\u00e3o de cr\u00e9ditos.<\/p>\n\n\n\n<p>Nesse cen\u00e1rio, o risco n\u00e3o \u00e9 apenas pre\u00e7o. \u00c9 margem. <strong>A empresa pode manter o pre\u00e7o, mas perder competitividade se o concorrente aproveitar melhor os cr\u00e9ditos<\/strong> e ajustar valores com mais agilidade.<\/p>\n\n\n\n<h3 class=\"wp-block-heading\">Servi\u00e7os<\/h3>\n\n\n\n<p>O setor de servi\u00e7os tende a exigir mais cuidado porque, em muitos modelos de neg\u00f3cio, h\u00e1 menos insumos f\u00edsicos que geram cr\u00e9dito. Isso n\u00e3o significa que o pre\u00e7o vai subir automaticamente. Significa que a estrat\u00e9gia precisa considerar a estrutura real de custos, o volume de servi\u00e7os contratados e o quanto a empresa consegue capturar cr\u00e9ditos dentro da sua opera\u00e7\u00e3o.<\/p>\n\n\n\n<p>Para servi\u00e7os, a revis\u00e3o de pre\u00e7o em 2026 pode envolver ajustar o modelo de precifica\u00e7\u00e3o e refor\u00e7ar efici\u00eancia interna para proteger margem de contribui\u00e7\u00e3o.<\/p>\n\n\n\n<blockquote class=\"wp-block-quote is-layout-flow wp-block-quote-is-layout-flow\">\n<p>Leia tamb\u00e9m: <a target=\"_blank\" href=\"https:\/\/www.omie.com.br\/blog\/preco-de-venda\/\" rel=\"noreferrer noopener\">Como calcular pre\u00e7o de venda.<\/a><\/p>\n<\/blockquote>\n\n\n\n<h2 class=\"wp-block-heading\">IA Fiscal e a forma\u00e7\u00e3o de pre\u00e7o com mais seguran\u00e7a<\/h2>\n\n\n\n<p>Em 2026, o desafio de adapta\u00e7\u00e3o aumenta porque haver\u00e1 conviv\u00eancia entre tributos do modelo antigo e do novo, principalmente nos primeiros anos de transi\u00e7\u00e3o. Isso aumenta o risco de erro humano em apura\u00e7\u00e3o e precifica\u00e7\u00e3o.<\/p>\n\n\n\n<p><strong>\u00c9 nesse ponto que a IA Fiscal Omie se torna relevante.<\/strong><\/p>\n\n\n\n<p>Com atualiza\u00e7\u00e3o autom\u00e1tica de regras e al\u00edquotas, o sistema ajuda a reduzir inconsist\u00eancias operacionais. Al\u00e9m disso, ao integrar apura\u00e7\u00e3o fiscal, Gest\u00e3o de Custos e Pre\u00e7os, Forma\u00e7\u00e3o de Pre\u00e7o de Venda e <a target=\"_blank\" href=\"https:\/\/www.omie.com.br\/blog\/guia-fluxo-de-caixa-o-que-e-como-fazer\/\" rel=\"noreferrer noopener\">Fluxo de Caixa<\/a>, a empresa consegue recalcular pre\u00e7o com base em dados consistentes.<\/p>\n\n\n\n<p>O ponto central \u00e9 garantir que a margem desejada continue existindo depois de considerar novos d\u00e9bitos de <a target=\"_blank\" href=\"https:\/\/www.omie.com.br\/blog\/ibs-entenda-o-que-e-o-imposto-de-bens-e-servicos-e-como-vai-funcionar\/\" rel=\"noreferrer noopener\">IBS <\/a>e <a target=\"_blank\" href=\"https:\/\/www.omie.com.br\/blog\/imposto-cbs-o-que-e-como-funciona\/\" rel=\"noreferrer noopener\">CBS <\/a>e os cr\u00e9ditos de entrada. Quando isso \u00e9 acompanhado com m\u00e9todo, a precifica\u00e7\u00e3o deixa de ser tentativa e erro.<\/p>\n\n\n\n<h2 class=\"wp-block-heading\">Imposto Seletivo e al\u00edquotas reduzidas<\/h2>\n\n\n\n<p>O IVA Dual n\u00e3o ser\u00e1 uniforme para todos os itens. A reforma prev\u00ea al\u00edquotas reduzidas para categorias consideradas essenciais e a exist\u00eancia do Imposto Seletivo para produtos espec\u00edficos, com car\u00e1ter extrafiscal.<\/p>\n\n\n\n<p>Na pr\u00e1tica,<strong> isso significa que dois produtos podem ter din\u00e2micas de pre\u00e7o diferentes<\/strong>, mesmo dentro do mesmo segmento, dependendo do enquadramento.<\/p>\n\n\n\n<p>Para empresas que vendem itens com al\u00edquota reduzida, a aten\u00e7\u00e3o deve ser garantir que o cadastro e a classifica\u00e7\u00e3o estejam corretos para n\u00e3o pagar mais do que deveria. Para empresas em categorias com imposto seletivo, o foco deve ser ajustar precifica\u00e7\u00e3o e estrat\u00e9gia comercial com anteced\u00eancia para proteger margem.<\/p>\n\n\n\n<h2 class=\"wp-block-heading\">Precificar com dados \u00e9 o novo diferencial<\/h2>\n\n\n\n<p>A reforma tribut\u00e1ria pre\u00e7os n\u00e3o define que tudo vai subir ou que tudo vai cair. Ela muda o modo como o pre\u00e7o \u00e9 formado e como a empresa protege sua margem.<\/p>\n\n\n\n<p>Em 2026, a competitividade estar\u00e1 ligada \u00e0 capacidade de rastrear cr\u00e9ditos, entender o custo real e ajustar pre\u00e7os com agilidade. Empresas que tratam a precifica\u00e7\u00e3o como rotina fixa podem perder margem ou espa\u00e7o no mercado. J\u00e1 quem trabalha com dados e automa\u00e7\u00e3o tende a reagir com mais seguran\u00e7a.<\/p>\n\n\n\n<p>N\u00e3o perca sua margem de lucro na transi\u00e7\u00e3o de 2026. <strong>Use a intelig\u00eancia da Omie para formar pre\u00e7os competitivos e autom\u00e1ticos com base nas novas regras fiscais<\/strong>.<\/p>\n\n\n\n<p>Conhe\u00e7a nossa solu\u00e7\u00e3o de Gest\u00e3o Financeira!<\/p>\n","protected":false},"excerpt":{"rendered":"<p>Entenda como o fim do imposto &#8220;por dentro&#8221; e o novo sistema de cr\u00e9ditos em 2026 impactam o pre\u00e7o dos produtos e a margem de lucro da sua empresa.<\/p>\n","protected":false},"author":10,"featured_media":26307,"comment_status":"closed","ping_status":"closed","sticky":false,"template":"","format":"standard","meta":{"footnotes":""},"categories":[405],"tags":[],"class_list":["post-26306","post","type-post","status-publish","format-standard","has-post-thumbnail","hentry","category-legislacao-e-tributacao"],"_links":{"self":[{"href":"https:\/\/www.omie.com.br\/blog\/wp-json\/wp\/v2\/posts\/26306","targetHints":{"allow":["GET"]}}],"collection":[{"href":"https:\/\/www.omie.com.br\/blog\/wp-json\/wp\/v2\/posts"}],"about":[{"href":"https:\/\/www.omie.com.br\/blog\/wp-json\/wp\/v2\/types\/post"}],"author":[{"embeddable":true,"href":"https:\/\/www.omie.com.br\/blog\/wp-json\/wp\/v2\/users\/10"}],"replies":[{"embeddable":true,"href":"https:\/\/www.omie.com.br\/blog\/wp-json\/wp\/v2\/comments?post=26306"}],"version-history":[{"count":1,"href":"https:\/\/www.omie.com.br\/blog\/wp-json\/wp\/v2\/posts\/26306\/revisions"}],"predecessor-version":[{"id":26308,"href":"https:\/\/www.omie.com.br\/blog\/wp-json\/wp\/v2\/posts\/26306\/revisions\/26308"}],"wp:featuredmedia":[{"embeddable":true,"href":"https:\/\/www.omie.com.br\/blog\/wp-json\/wp\/v2\/media\/26307"}],"wp:attachment":[{"href":"https:\/\/www.omie.com.br\/blog\/wp-json\/wp\/v2\/media?parent=26306"}],"wp:term":[{"taxonomy":"category","embeddable":true,"href":"https:\/\/www.omie.com.br\/blog\/wp-json\/wp\/v2\/categories?post=26306"},{"taxonomy":"post_tag","embeddable":true,"href":"https:\/\/www.omie.com.br\/blog\/wp-json\/wp\/v2\/tags?post=26306"}],"curies":[{"name":"wp","href":"https:\/\/api.w.org\/{rel}","templated":true}]}}