{"id":26403,"date":"2026-02-11T16:19:00","date_gmt":"2026-02-11T19:19:00","guid":{"rendered":"https:\/\/www.omie.com.br\/blog\/?p=26403"},"modified":"2026-03-13T11:53:17","modified_gmt":"2026-03-13T14:53:17","slug":"aliquota-padrao-do-iva-o-que-esperar-para-o-seu-negocio","status":"publish","type":"post","link":"https:\/\/www.omie.com.br\/blog\/aliquota-padrao-do-iva-o-que-esperar-para-o-seu-negocio\/","title":{"rendered":"Al\u00edquota padr\u00e3o do IVA: o que esperar para o seu neg\u00f3cio"},"content":{"rendered":"\n<p>Em 2026, a pergunta que mais pesa no or\u00e7amento \u00e9 simples: qual ser\u00e1 a al\u00edquota padr\u00e3o do IVA no Brasil? O IVA Dual, formado por <a target=\"_blank\" href=\"https:\/\/www.omie.com.br\/blog\/ibs-entenda-o-que-e-o-imposto-de-bens-e-servicos-e-como-vai-funcionar\/\" rel=\"noreferrer noopener\">IBS <\/a>e CBS, promete simplificar a tributa\u00e7\u00e3o sobre consumo, mas a proje\u00e7\u00e3o de uma al\u00edquota alta muda a conta do pre\u00e7o, da margem e do fluxo de caixa.<\/p>\n\n\n\n<p>Neste guia, voc\u00ea vai entender por que o n\u00famero tende a ficar elevado, o que acontece j\u00e1 em 2026 com a al\u00edquota de teste e como transformar incerteza em previsibilidade com gest\u00e3o. Se a sua empresa vai precisar recalcular pre\u00e7os, rever contratos ou ajustar mix de produtos, siga a leitura e organize esse plano agora.<\/p>\n\n\n\n<h2 class=\"wp-block-heading\">A estimativa da al\u00edquota padr\u00e3o: por que o n\u00famero tende a ser alto<\/h2>\n\n\n\n<p>Antes de olhar percentuais e proje\u00e7\u00f5es, \u00e9 importante entender a l\u00f3gica por tr\u00e1s da constru\u00e7\u00e3o da al\u00edquota padr\u00e3o. O valor estimado n\u00e3o surge de forma aleat\u00f3ria. Ele \u00e9 resultado de escolhas estruturais da<a target=\"_blank\" href=\"https:\/\/www.omie.com.br\/blog\/reforma-tributaria-vantagens-e-atualizacoes\/\" rel=\"noreferrer noopener\"> Reforma Tribut\u00e1ria <\/a>e de compromissos assumidos pelo governo com a arrecada\u00e7\u00e3o.<\/p>\n\n\n\n<p>Nos pr\u00f3ximos pontos, voc\u00ea entende por que essa al\u00edquota tende a ser elevada e como essa conta \u00e9 feita.<\/p>\n\n\n\n<h3 class=\"wp-block-heading\">Neutralidade tribut\u00e1ria muda a l\u00f3gica do jogo<\/h3>\n\n\n\n<p>A reforma foi desenhada com a diretriz de manter a carga total. Na pr\u00e1tica, <strong>isso for\u00e7a uma al\u00edquota capaz de \u201cbancar\u201d exce\u00e7\u00f5es, regimes diferenciados e isen\u00e7\u00f5es, sem perder arrecada\u00e7\u00e3o<\/strong>. Quanto mais tratamentos favorecidos entram na regra, mais press\u00e3o recai sobre o que fica na al\u00edquota padr\u00e3o.<\/p>\n\n\n\n<h3 class=\"wp-block-heading\">A faixa estimada e o que ela sinaliza para o gestor<\/h3>\n\n\n\n<p>As proje\u00e7\u00f5es tratam a al\u00edquota como intervalo, n\u00e3o como n\u00famero cravado. O mercado acompanhou uma estimativa inicial de 26,5% e, com altera\u00e7\u00f5es discutidas na regulamenta\u00e7\u00e3o, passou a circular a refer\u00eancia perto de 27,97% em simula\u00e7\u00f5es divulgadas em nota t\u00e9cnica e repercutidas na imprensa econ\u00f4mica. Use essa faixa como b\u00fassola de cen\u00e1rio para testar pre\u00e7o, margem e competitividade.<\/p>\n\n\n\n<h2 class=\"wp-block-heading\">O in\u00edcio em 2026: a al\u00edquota de teste e o que muda na pr\u00e1tica<\/h2>\n\n\n\n<p>Apesar da aten\u00e7\u00e3o estar voltada para o percentual final, a transi\u00e7\u00e3o come\u00e7a antes. Em 2026, a cobran\u00e7a inicial do <a target=\"_blank\" href=\"https:\/\/www.omie.com.br\/blog\/iva-descubra-o-que-e-e-como-funciona-o-imposto\/\" rel=\"noreferrer noopener\">IVA <\/a>j\u00e1 entra em vigor e exige ajustes operacionais das empresas. A seguir, veja como funciona essa al\u00edquota de teste e por que ela deve ser tratada como um per\u00edodo estrat\u00e9gico de adapta\u00e7\u00e3o.<\/p>\n\n\n\n<h3 class=\"wp-block-heading\">IBS e CBS come\u00e7am pequenos, mas j\u00e1 exigem preparo<\/h3>\n\n\n\n<p>A transi\u00e7\u00e3o <strong>prev\u00ea cobran\u00e7a em 2026 com IBS a 0,1% e <\/strong><a target=\"_blank\" href=\"https:\/\/www.omie.com.br\/blog\/imposto-cbs-o-que-e-como-funciona\/\" rel=\"noreferrer noopener\"><strong>CBS <\/strong><\/a><strong>a 0,9%, totalizando 1%. <\/strong>\u00c9 um come\u00e7o de calibragem e adapta\u00e7\u00e3o, mas j\u00e1 coloca o tema na rotina fiscal e nos sistemas. Ignorar esse in\u00edcio costuma custar caro em retrabalho.<\/p>\n\n\n\n<h3 class=\"wp-block-heading\">O que sua empresa ganha ao tratar 2026 como \u201cano de ajuste\u201d<\/h3>\n\n\n\n<p>O impacto financeiro tende a ser menor do que o cen\u00e1rio final, mas o impacto operacional n\u00e3o. \u00c9 o momento de mapear cadastro fiscal, validar regras de tributa\u00e7\u00e3o por item e revisar processos de faturamento. Quem usa 2026 para organizar a casa chega em 2027 com menos risco e mais velocidade.<\/p>\n\n\n\n<h2 class=\"wp-block-heading\">Impacto por setor: quem sente mais a al\u00edquota padr\u00e3o do IVA<\/h2>\n\n\n\n<p>A al\u00edquota padr\u00e3o n\u00e3o afeta todos os neg\u00f3cios da mesma forma. O impacto varia conforme a cadeia de cr\u00e9ditos, o perfil de custos e o modelo operacional de cada setor. Para entender onde o risco \u00e9 maior e onde pode haver neutralidade, vale analisar setor por setor com aten\u00e7\u00e3o.<\/p>\n\n\n\n<h3 class=\"wp-block-heading\">Ind\u00fastria: cr\u00e9dito mais relevante e reorganiza\u00e7\u00e3o de cadeia<\/h3>\n\n\n\n<p>Em geral, ind\u00fastria tende a sentir mais a din\u00e2mica do cr\u00e9dito e da n\u00e3o cumulatividade. <strong>O ponto cr\u00edtico vira governan\u00e7a de insumos, classifica\u00e7\u00e3o fiscal e consist\u00eancia de documentos<\/strong> para aproveitar cr\u00e9ditos com seguran\u00e7a. Para o gestor, a prioridade \u00e9 rastreabilidade e padroniza\u00e7\u00e3o.<\/p>\n\n\n\n<h3 class=\"wp-block-heading\">Com\u00e9rcio: margem apertada e pre\u00e7o sob vigil\u00e2ncia di\u00e1ria<\/h3>\n\n\n\n<p>No com\u00e9rcio, a sensibilidade \u00e9 direta no pre\u00e7o final. Pequenas varia\u00e7\u00f5es de imposto, taxa e frete j\u00e1 mudam competitividade. Por isso, a rotina de gest\u00e3o de pre\u00e7os e margens precisa ser conectada ao fiscal e ao financeiro, sem depender de planilhas.<\/p>\n\n\n\n<h3 class=\"wp-block-heading\">Servi\u00e7os: aten\u00e7\u00e3o m\u00e1xima na forma\u00e7\u00e3o de pre\u00e7o e no repasse<\/h3>\n\n\n\n<p>Servi\u00e7os tendem a exigir mais cuidado porque a carga atual varia muito por munic\u00edpio e atividade. Com uma refer\u00eancia alta para o padr\u00e3o, o risco \u00e9 repassar imposto sem m\u00e9todo e corroer margem sem perceber. O caminho \u00e9 revisar precifica\u00e7\u00e3o, contratos e pol\u00edtica comercial com base em cen\u00e1rios.<\/p>\n\n\n\n<h2 class=\"wp-block-heading\">Al\u00edquotas reduzidas e regimes espec\u00edficos: onde mora o detalhe<\/h2>\n\n\n\n<p>Embora a al\u00edquota padr\u00e3o seja a refer\u00eancia do sistema, ela n\u00e3o se aplica a todas as atividades. A Reforma Tribut\u00e1ria prev\u00ea exce\u00e7\u00f5es importantes, que podem aliviar ou alterar significativamente a carga em determinados casos. Identificar corretamente esses enquadramentos ser\u00e1 decisivo para evitar erros de pre\u00e7o e de faturamento.<\/p>\n\n\n\n<h3 class=\"wp-block-heading\">O que muda \u00e9 a regra, mas o \u201cseu\u201d item pode ser exce\u00e7\u00e3o<\/h3>\n\n\n\n<p>Mesmo com al\u00edquota padr\u00e3o como refer\u00eancia, a legisla\u00e7\u00e3o prev\u00ea tratamentos diferenciados. Na pr\u00e1tica,<strong> isso cria dois riscos. O primeiro \u00e9 cobrar a mais e perder venda. <\/strong>O segundo \u00e9 cobrar a menos e assumir passivo. Por isso, a empresa precisa amarrar produto, <a target=\"_blank\" href=\"https:\/\/www.omie.com.br\/blog\/o-que-e-codigo-ncm-para-que-serve-e-como-consultar\/\" rel=\"noreferrer noopener\">NCM<\/a>, servi\u00e7o e CNAE ao tratamento correto, com rotina de confer\u00eancia.<\/p>\n\n\n\n<h3 class=\"wp-block-heading\">Por que exce\u00e7\u00f5es influenciam o padr\u00e3o<\/h3>\n\n\n\n<p>As exce\u00e7\u00f5es n\u00e3o ficam isoladas. Elas pressionam o n\u00edvel necess\u00e1rio da al\u00edquota de refer\u00eancia para manter a arrecada\u00e7\u00e3o, rela\u00e7\u00e3o destacada em comunica\u00e7\u00f5es do Minist\u00e9rio da Fazenda sobre calibragem e manuten\u00e7\u00e3o de carga.<\/p>\n\n\n\n<h2 class=\"wp-block-heading\">A import\u00e2ncia do c\u00e1lculo \u201cpor fora\u201d no planejamento<\/h2>\n\n\n\n<p>Com uma al\u00edquota elevada, a forma de calcular o imposto passa a ter impacto direto na margem. O modelo de c\u00e1lculo \u201cpor fora\u201d muda a l\u00f3gica tradicional de forma\u00e7\u00e3o de pre\u00e7os e exige mais cuidado na an\u00e1lise financeira.<\/p>\n\n\n\n<p>Nos pr\u00f3ximos pontos, voc\u00ea entende por que esse detalhe t\u00e9cnico se torna estrat\u00e9gico em 2026.<\/p>\n\n\n\n<h3 class=\"wp-block-heading\">O imposto deixa de ser \u201cum item a mais\u201d e vira parte do desenho do pre\u00e7o<\/h3>\n\n\n\n<p>Com al\u00edquota alta,<strong> o modo de calcular e apresentar o imposto influencia margem e percep\u00e7\u00e3o de valor. <\/strong>No \u201cpor fora\u201d, o tributo n\u00e3o comp\u00f5e a pr\u00f3pria base, o que muda a matem\u00e1tica da forma\u00e7\u00e3o de pre\u00e7o e a compara\u00e7\u00e3o entre canais.<\/p>\n\n\n\n<h3 class=\"wp-block-heading\">Como evitar a corros\u00e3o silenciosa da margem<\/h3>\n\n\n\n<p>O erro comum \u00e9 olhar s\u00f3 para faturamento e esquecer custo total, imposto efetivo e taxas. O planejamento precisa simular cen\u00e1rios por categoria, canal e cliente, com foco em margem l\u00edquida.<\/p>\n\n\n\n<h2 class=\"wp-block-heading\">Como a IA Fiscal da Omie reduz a incerteza da al\u00edquota<\/h2>\n\n\n\n<p>Diante de um cen\u00e1rio em que regras e percentuais ainda est\u00e3o em consolida\u00e7\u00e3o, a capacidade de adapta\u00e7\u00e3o se torna t\u00e3o importante quanto o conhecimento t\u00e9cnico. Aqui, o foco \u00e9 mostrar como a tecnologia ajuda a absorver mudan\u00e7as sem travar a opera\u00e7\u00e3o ou gerar retrabalho constante.<\/p>\n\n\n\n<h3 class=\"wp-block-heading\">Atualiza\u00e7\u00e3o em nuvem para acompanhar a transi\u00e7\u00e3o sem parar a opera\u00e7\u00e3o<\/h3>\n\n\n\n<p>A al\u00edquota final depende de regulamenta\u00e7\u00e3o e calibra\u00e7\u00e3o ao longo do tempo. <strong>O ponto de gest\u00e3o n\u00e3o \u00e9 \u201cadivinhar o n\u00famero\u201d, e sim evitar que cada mudan\u00e7a gere mutir\u00e3o interno<\/strong> de cadastros e regras. Um sistema de gest\u00e3o Omie em nuvem ajuda a absorver atualiza\u00e7\u00f5es com mais controle e menos ruptura.<\/p>\n\n\n\n<h3 class=\"wp-block-heading\">Menos erro humano, mais consist\u00eancia em escala<\/h3>\n\n\n\n<p>Quanto mais itens, filiais e canais, maior a chance de diverg\u00eancia manual. Ao centralizar faturamento, fiscal e financeiro, voc\u00ea reduz retrabalho e ganha trilha de auditoria para sustentar decis\u00f5es. Se fizer sentido para o seu plano, vale cruzar este tema com IA Fiscal Omie,<a target=\"_blank\" href=\"https:\/\/www.omie.com.br\/blog\/planejamento-tributario-para-empresas-tudo-o-que-voce-precisa-saber\/\" rel=\"noreferrer noopener\"> Planejamento Tribut\u00e1rio<\/a> 2026 e Gest\u00e3o de Pre\u00e7os e Margens.<\/p>\n\n\n\n<h2 class=\"wp-block-heading\">Previsibilidade n\u00e3o depende do n\u00famero final, depende da sua gest\u00e3o<\/h2>\n\n\n\n<p>A al\u00edquota padr\u00e3o do IVA \u00e9 uma vari\u00e1vel externa. O que voc\u00ea controla \u00e9 a velocidade de adapta\u00e7\u00e3o, a consist\u00eancia do seu cadastro fiscal e a disciplina de precifica\u00e7\u00e3o e margem. Em 2026, use a al\u00edquota de teste como sinal para organizar processos e preparar cen\u00e1rios, antes que a transi\u00e7\u00e3o acelere.<\/p>\n\n\n\n<p>Quer proteger sua margem contra as varia\u00e7\u00f5es da Reforma Tribut\u00e1ria sem travar a opera\u00e7\u00e3o<strong>. Conhe\u00e7a como a Omie, com IA Fiscal e gest\u00e3o integrada,<\/strong> ajuda sua empresa a manter conformidade e previsibilidade ao longo da transi\u00e7\u00e3o.<\/p>\n","protected":false},"excerpt":{"rendered":"<p>Saiba qual \u00e9 a proje\u00e7\u00e3o da al\u00edquota padr\u00e3o do IVA Dual (IBS e CBS) e como ela impactar\u00e1 a precifica\u00e7\u00e3o e a competitividade do seu neg\u00f3cio em 2026.<\/p>\n","protected":false},"author":10,"featured_media":26404,"comment_status":"closed","ping_status":"closed","sticky":false,"template":"","format":"standard","meta":{"footnotes":""},"categories":[405],"tags":[],"class_list":["post-26403","post","type-post","status-publish","format-standard","has-post-thumbnail","hentry","category-legislacao-e-tributacao"],"_links":{"self":[{"href":"https:\/\/www.omie.com.br\/blog\/wp-json\/wp\/v2\/posts\/26403","targetHints":{"allow":["GET"]}}],"collection":[{"href":"https:\/\/www.omie.com.br\/blog\/wp-json\/wp\/v2\/posts"}],"about":[{"href":"https:\/\/www.omie.com.br\/blog\/wp-json\/wp\/v2\/types\/post"}],"author":[{"embeddable":true,"href":"https:\/\/www.omie.com.br\/blog\/wp-json\/wp\/v2\/users\/10"}],"replies":[{"embeddable":true,"href":"https:\/\/www.omie.com.br\/blog\/wp-json\/wp\/v2\/comments?post=26403"}],"version-history":[{"count":1,"href":"https:\/\/www.omie.com.br\/blog\/wp-json\/wp\/v2\/posts\/26403\/revisions"}],"predecessor-version":[{"id":26405,"href":"https:\/\/www.omie.com.br\/blog\/wp-json\/wp\/v2\/posts\/26403\/revisions\/26405"}],"wp:featuredmedia":[{"embeddable":true,"href":"https:\/\/www.omie.com.br\/blog\/wp-json\/wp\/v2\/media\/26404"}],"wp:attachment":[{"href":"https:\/\/www.omie.com.br\/blog\/wp-json\/wp\/v2\/media?parent=26403"}],"wp:term":[{"taxonomy":"category","embeddable":true,"href":"https:\/\/www.omie.com.br\/blog\/wp-json\/wp\/v2\/categories?post=26403"},{"taxonomy":"post_tag","embeddable":true,"href":"https:\/\/www.omie.com.br\/blog\/wp-json\/wp\/v2\/tags?post=26403"}],"curies":[{"name":"wp","href":"https:\/\/api.w.org\/{rel}","templated":true}]}}