{"id":5534,"date":"2018-10-16T20:15:00","date_gmt":"2018-10-16T23:15:00","guid":{"rendered":"https:\/\/www.omie.com.br\/blog\/?p=5534"},"modified":"2024-07-30T13:18:41","modified_gmt":"2024-07-30T16:18:41","slug":"we-are-omie-um-evento-para-marcar-uma-historia-e-dar-voz-a-uma-nacao","status":"publish","type":"post","link":"https:\/\/www.omie.com.br\/blog\/we-are-omie-um-evento-para-marcar-uma-historia-e-dar-voz-a-uma-nacao\/","title":{"rendered":"We Are Omie: Um evento para marcar uma hist\u00f3ria e dar voz a uma na\u00e7\u00e3o"},"content":{"rendered":"<p>Um evento para marcar uma hist\u00f3ria e dar voz a uma na\u00e7\u00e3o.<\/p>\n<p>Tem jornadas que a gente trilha e decide acreditar que vai chegar l\u00e1.<\/p>\n<p>Liderar o evento mais inovador de empreendedorismo do Brasil foi uma destas minhas jornadas, uma das que decidi trilhar com a certeza de que chegaria l\u00e1.<\/p>\n<p>Reunimos um n\u00famero absolutamente expressivo de p\u00fablico, colocando em um mesmo espa\u00e7o contadores e empreendedores de diversos segmentos, na primeira edi\u00e7\u00e3o deste que foi tamb\u00e9m nosso primeiro evento de marca.<\/p>\n<p>Um evento propriet\u00e1rio cujo objetivo era dar voz a uma na\u00e7\u00e3o \u2013 a na\u00e7\u00e3o que empreende diariamente e luta arduamente, mesmo em um cen\u00e1rio t\u00e3o complexo como o \u00a0que vivemos atualmente no Brasil. A na\u00e7\u00e3o dos inconformados. A na\u00e7\u00e3o de quem quer melhorar na vida, prosperar, alcan\u00e7ar no pr\u00f3ximo n\u00edvel. <strong>A na\u00e7\u00e3o Omie<\/strong>.<\/p>\n<p>Na semana em que o brasileiro iria \u00e0s urnas definir o futuro do pa\u00eds, fomos honrados com a presen\u00e7a de mais de 2.800 participantes, com uma flutua\u00e7\u00e3o m\u00ednima (quase zero) de p\u00fablico. Uma multid\u00e3o que abriu o pavilh\u00e3o Transam\u00e9rica Expo, pontual no credenciamento \u00e0s 7:30h e come\u00e7ou a se dispersar l\u00e1 pelas 19:30h, no meio do happy hour e j\u00e1 findadas as trilhas de conhecimento e as rodadas de neg\u00f3cio.<\/p>\n<p>Muito conte\u00fado \u2013 o de verdade, aquele que faz a roda girar, o que traz insights relevantes, o que tem aplica\u00e7\u00e3o imediata no neg\u00f3cio \u2013 em tr\u00eas trilhas simult\u00e2neas e complementares, manteve a audi\u00eancia atenta e engajada: era incr\u00edvel olhar para a plateia e ver olhos atentos, sorrisos, intera\u00e7\u00f5es com palestrantes e anota\u00e7\u00f5es correndo soltas no smartphone, no moleskine, no tablet&#8230;<\/p>\n<p>Uma feira de neg\u00f3cios seleta, com solu\u00e7\u00f5es complementares a nossa, tornou o dia dos expositores um sucesso na gera\u00e7\u00e3o e capta\u00e7\u00e3o de oportunidades de neg\u00f3cios. Um time de produ\u00e7\u00e3o s\u00eanior e que se identificou com o prop\u00f3sito do evento tornou poss\u00edvel que a ambienta\u00e7\u00e3o do pavilh\u00e3o fosse percebida como fluida, aconchegante, elegante, bonita e o servi\u00e7o de alimentos e bebidas, um show \u00e0 parte.<\/p>\n<p>Foram muitas, mas muitas fotos mesmo, compartilhadas nas redes sociais e no APP do evento. Foram muitos, mas muitos feedbacks positivos mesmo, recebidos por e-mail, por mensagens instant\u00e2neas, pelo telefone, nas m\u00eddias sociais. Foram muitas, muitas hist\u00f3rias reais mesmo, impactadas com um novo \u00e2nimo e ajuste de foco para que cada empreendedor, cada contador ali presente possa levar seu neg\u00f3cio para o pr\u00f3ximo n\u00edvel.<\/p>\n<p>Um evento que nasceu gigante, que entregou excel\u00eancia e que posicionou definitivamente o prop\u00f3sito da Omie no mercado empreendedor. Somos Omie e propagamos a cultura do crescimento porque nosso prop\u00f3sito \u00e9 levar prosperidade e organiza\u00e7\u00e3o para as PME\u2019s do Brasil. Com um sistema de gest\u00e3o que \u00e9 simples, intuitivo e eficiente, tangibilizamos nossos valores, ao permitir que a gest\u00e3o continue \u00a0nas m\u00e3os de quem decide, enquanto o neg\u00f3cio cresce e acontece, com intelig\u00eancia artificial, robotiza\u00e7\u00e3o, kanban visual e processos de neg\u00f3cios eficientes.<\/p>\n<p>Como foi trilhar esta jornada? Foi como ser paciente de uma opera\u00e7\u00e3o de alta complexidade sem anestesia e 100% consciente. Uma daquelas jornadas que voc\u00ea s\u00f3 entende se anda por ela. Uma das que vale cada l\u00e1grima, cada sorriso, cada cicatriz, cada aprendizado. Uma das que mostra quem \u00e9 e quem n\u00e3o \u00e9 \u2013 uma das poucas que comprova que o imposs\u00edvel pode ser alcan\u00e7ado.<\/p>\n<p>Gratid\u00e3o. A quem trilhou esta jornada t\u00e3o de perto comigo \u2013 obrigada time, voc\u00eas s\u00e3o extraordin\u00e1rios. A quem nos ajudou a tirar este projeto do papel \u2013 Up, voc\u00eas s\u00e3o memor\u00e1veis. A quem me deu liberdade para pirar. A cada um que nos honrou com sua presen\u00e7a e levou consigo um pouco de tudo que viu ali \u2013 voc\u00eas se tornaram Omie e parte da cultura do crescimento.<\/p>\n<p>E, claro prepare-se: WeAreOmie Business Experience 2019 &#8211; uma nova jornada vem a\u00ed.<\/p>\n<p>\u200d<br \/>\n<iframe title=\"YouTube video player\" src=\"https:\/\/www.youtube.com\/embed\/jZ4K_SzibtA\" width=\"560\" height=\"315\" frameborder=\"0\" allowfullscreen=\"allowfullscreen\"><\/iframe><\/p>\n","protected":false},"excerpt":{"rendered":"<p>O evento mais inovador de empreendedorismo, a certeza de que, juntos, \u00e9 poss\u00edvel empreender, crescer e prosperar no Brasil. #CulturaDoCrescimento<\/p>\n","protected":false},"author":10,"featured_media":5535,"comment_status":"closed","ping_status":"closed","sticky":false,"template":"","format":"standard","meta":{"footnotes":""},"categories":[403,394],"tags":[],"class_list":["post-5534","post","type-post","status-publish","format-standard","has-post-thumbnail","hentry","category-eventos","category-omie"],"_links":{"self":[{"href":"https:\/\/www.omie.com.br\/blog\/wp-json\/wp\/v2\/posts\/5534","targetHints":{"allow":["GET"]}}],"collection":[{"href":"https:\/\/www.omie.com.br\/blog\/wp-json\/wp\/v2\/posts"}],"about":[{"href":"https:\/\/www.omie.com.br\/blog\/wp-json\/wp\/v2\/types\/post"}],"author":[{"embeddable":true,"href":"https:\/\/www.omie.com.br\/blog\/wp-json\/wp\/v2\/users\/10"}],"replies":[{"embeddable":true,"href":"https:\/\/www.omie.com.br\/blog\/wp-json\/wp\/v2\/comments?post=5534"}],"version-history":[{"count":1,"href":"https:\/\/www.omie.com.br\/blog\/wp-json\/wp\/v2\/posts\/5534\/revisions"}],"predecessor-version":[{"id":18371,"href":"https:\/\/www.omie.com.br\/blog\/wp-json\/wp\/v2\/posts\/5534\/revisions\/18371"}],"wp:featuredmedia":[{"embeddable":true,"href":"https:\/\/www.omie.com.br\/blog\/wp-json\/wp\/v2\/media\/5535"}],"wp:attachment":[{"href":"https:\/\/www.omie.com.br\/blog\/wp-json\/wp\/v2\/media?parent=5534"}],"wp:term":[{"taxonomy":"category","embeddable":true,"href":"https:\/\/www.omie.com.br\/blog\/wp-json\/wp\/v2\/categories?post=5534"},{"taxonomy":"post_tag","embeddable":true,"href":"https:\/\/www.omie.com.br\/blog\/wp-json\/wp\/v2\/tags?post=5534"}],"curies":[{"name":"wp","href":"https:\/\/api.w.org\/{rel}","templated":true}]}}