{"id":6928,"date":"2023-02-02T13:28:56","date_gmt":"2023-02-02T16:28:56","guid":{"rendered":"https:\/\/www.omie.com.br\/blog\/?p=6928"},"modified":"2024-06-24T14:50:23","modified_gmt":"2024-06-24T17:50:23","slug":"black-friday-omie-uma-campanha-muito-alem-das-vendas","status":"publish","type":"post","link":"https:\/\/www.omie.com.br\/blog\/black-friday-omie-uma-campanha-muito-alem-das-vendas\/","title":{"rendered":"Black Friday Omie: uma campanha muito al\u00e9m das vendas"},"content":{"rendered":"<p><span style=\"font-weight: 400;\">No \u00faltimo dia 25 de novembro aconteceu a Black Friday 2022, e, como sempre, o mundo inteiro parou para conferir os descontos e correr atr\u00e1s das melhores promo\u00e7\u00f5es do mercado.<\/span><\/p>\n<p><span style=\"font-weight: 400;\">Para n\u00f3s, a <\/span><a href=\"https:\/\/www.omie.com.br\/blog\/prepare-se-para-a-black-friday-2022-com-a-ajuda-de-seu-sistema-erp\"><span style=\"font-weight: 400;\">Black Friday Omie<\/span><\/a><span style=\"font-weight: 400;\"> come\u00e7ou l\u00e1 em outubro, com diversas a\u00e7\u00f5es voltadas para preparar o empreendedor para essa data t\u00e3o importante para os neg\u00f3cios. No Dia do Empreendedor, homenageamos e reconhecemos a import\u00e2ncia dos empres\u00e1rios e nos posicionamos ainda mais como parceiros que caminham na mesma dire\u00e7\u00e3o.\u00a0<\/span><\/p>\n<p><span style=\"font-weight: 400;\">E quer saber o que mais rolou na nossa superBlack Friday?\u00a0<\/span><\/p>\n<p><span style=\"font-weight: 400;\">Acompanhe tudo o que rolou na maior campanha que parou a Avenida Paulista em S\u00e3o Paulo, al\u00e9m de diversas outras a\u00e7\u00f5es comerciais para engajar o time interno. Confira!<\/span><\/p>\n<p><iframe title=\"Case Black Friday Omie\" width=\"800\" height=\"450\" src=\"https:\/\/www.youtube.com\/embed\/tU5iKS4houU?feature=oembed\" frameborder=\"0\" allow=\"accelerometer; autoplay; clipboard-write; encrypted-media; gyroscope; picture-in-picture; web-share\" referrerpolicy=\"strict-origin-when-cross-origin\" allowfullscreen><\/iframe><\/p>\n<p>&nbsp;<\/p>\n<h2><span style=\"font-weight: 400;\">SUPERLIVE<\/span><\/h2>\n<p><span style=\"font-weight: 400;\">O ponto alto da Black Friday Omie foi a superlive sobre empreendedorismo e neg\u00f3cios com participa\u00e7\u00e3o de grandes nomes, como a jornalista Christiane Pelajo e os empres\u00e1rios convidados Fl\u00e1via Paix\u00e3o, fundadora da edtech Empreender com PAIX\u00c3O, e Facundo Guerra, um dos empreendedores mais bem-sucedidos do Brasil.\u00a0<\/span><\/p>\n<p><span style=\"font-weight: 400;\">A ideia da superlive era ir al\u00e9m das vendas e trazer o empres\u00e1rio para um mundo de novas oportunidades e estrat\u00e9gias a partir do conhecimento. O principal tema abordado foi como os empreendedores podem aproveitar ao m\u00e1ximo as datas sazonais atrav\u00e9s de experi\u00eancias e dicas valiosas de quem mais entende do assunto.\u00a0<\/span><\/p>\n<p><span style=\"font-weight: 400;\">O est\u00fadio foi montado em frente ao shopping Cidade S\u00e3o Paulo, na Avenida Paulista, e permitiu que o p\u00fablico acompanhasse de perto o encontro. <\/span><\/p>\n<p><i><span style=\"font-weight: 400;\">A Black Friday era muito voltada para o varejo, mas acabou se tornando uma das datas mais importantes para o mercado em geral, ainda mais em um mundo t\u00e3o conectado [&#8230;]. \u00c9 fundamental conhecer as melhores pr\u00e1ticas para estar preparado\u201d<\/span><\/i><span style=\"font-weight: 400;\">, declarou Felipe Ribeiro, diretor de branding da Omie.<\/span><\/p>\n<p><span style=\"font-weight: 400;\">Foram mais de 1.500 visualiza\u00e7\u00f5es da nossa superlive, 5,4 mil impress\u00f5es e 2.200 novos inscritos conquistados no YouTube da Omie.<\/span><\/p>\n<p>&nbsp;<\/p>\n<h2><span style=\"font-weight: 400;\">M\u00e1quina de brindes<\/span><\/h2>\n<p><span style=\"font-weight: 400;\">No dia 21\/11, como uma pr\u00e9via da superlive, foi realizada uma a\u00e7\u00e3o interativa com m\u00e1quina de brindes para o p\u00fablico que passava pela Avenida Paulista. Os participantes tiveram a chance de levar para casa diversos brindes dos nossos principais clientes, al\u00e9m de itens personalizados Omie.<\/span><\/p>\n<p><span style=\"font-weight: 400;\">Foram distribu\u00eddos brindes da parceria Pantys + Desinch\u00e1 para mulheres, perfumes Amyi e tivemos a participa\u00e7\u00e3o de 620 participantes em apenas um dia!\u00a0<\/span><\/p>\n<p>&nbsp;<\/p>\n<h2><span style=\"font-weight: 400;\">Blitz de franquias<\/span><\/h2>\n<p><span style=\"font-weight: 400;\">Entre os dias 22\/11 e 05\/12 aconteceu uma megaopera\u00e7\u00e3o de visita \u00e0s franquias da Grande S\u00e3o Paulo, litoral e interior do estado.\u00a0\u00a0<\/span><\/p>\n<p><span style=\"font-weight: 400;\">Rodamos 1.200k com uma van especial 100% envelopada com a marca Omie. Durante os 8 dias de a\u00e7\u00e3o, foram 12 unidades visitadas e muitos encontros para abordar temas diversos do dia a dia, alinhamento de estrat\u00e9gias, processos e muito mais.\u00a0<\/span><\/p>\n<p><span style=\"font-weight: 400;\">Acreditamos que o bom relacionamento entre franqueado e franqueadora \u00e9 a base para o sucesso de ambos. Por isso, desenvolvemos essa a\u00e7\u00e3o n\u00e3o somente para ajudar a turbinar os resultados das unidades, mas para garantir maior proximidade com os times internos da Matriz que impactam diretamente o funil de vendas dos clientes.<\/span><\/p>\n<p>&nbsp;<\/p>\n<h2><span style=\"font-weight: 400;\">War Room<\/span><\/h2>\n<p><span style=\"font-weight: 400;\">Dos dias 22 a 30\/11 a Omie recebeu a maior a\u00e7\u00e3o comercial dos \u00faltimos tempos para essa Black Friday, em uma campanha interna de tirar o f\u00f4lego. Foi constru\u00edda uma \u201csala de guerra\u201d na Matriz, em S\u00e3o Paulo, totalmente personalizada para alocar os times comerciais durante o per\u00edodo com foco total no atingimento das metas.\u00a0<\/span><\/p>\n<p><span style=\"font-weight: 400;\">Foram mais de 170 colaboradores participando da a\u00e7\u00e3o em modelo h\u00edbrido, na qual os colaboradores de fora de S\u00e3o Paulo e Grande SP receberam o kit &#8220;mini war room&#8221; em casa para tamb\u00e9m viver essa experi\u00eancia. Aqui ningu\u00e9m fica de fora, e a War Room foi um sucesso de vendas!\u00a0<\/span><\/p>\n<p><span style=\"font-weight: 400;\">E foi assim que, com diversas a\u00e7\u00f5es voltadas para todos os p\u00fablicos, interno e externo, entregamos mais uma Black Friday de sucesso aqui na Omie. Tudo sempre pensado com foco total no nosso maior objetivo, o de impulsionar ainda mais o crescimento do ecossistema empreendedor brasileiro. E esse ano tem mais!<\/span><\/p>\n","protected":false},"excerpt":{"rendered":"<p>Acompanhe tudo o que rolou na maior campanha de Black Friday Omie que contou com diversas a\u00e7\u00f5es comerciais para engajar o time interno.<\/p>\n","protected":false},"author":10,"featured_media":11043,"comment_status":"closed","ping_status":"closed","sticky":false,"template":"","format":"standard","meta":{"footnotes":""},"categories":[394,403],"tags":[],"class_list":["post-6928","post","type-post","status-publish","format-standard","has-post-thumbnail","hentry","category-omie","category-eventos"],"_links":{"self":[{"href":"https:\/\/www.omie.com.br\/blog\/wp-json\/wp\/v2\/posts\/6928","targetHints":{"allow":["GET"]}}],"collection":[{"href":"https:\/\/www.omie.com.br\/blog\/wp-json\/wp\/v2\/posts"}],"about":[{"href":"https:\/\/www.omie.com.br\/blog\/wp-json\/wp\/v2\/types\/post"}],"author":[{"embeddable":true,"href":"https:\/\/www.omie.com.br\/blog\/wp-json\/wp\/v2\/users\/10"}],"replies":[{"embeddable":true,"href":"https:\/\/www.omie.com.br\/blog\/wp-json\/wp\/v2\/comments?post=6928"}],"version-history":[{"count":1,"href":"https:\/\/www.omie.com.br\/blog\/wp-json\/wp\/v2\/posts\/6928\/revisions"}],"predecessor-version":[{"id":19174,"href":"https:\/\/www.omie.com.br\/blog\/wp-json\/wp\/v2\/posts\/6928\/revisions\/19174"}],"wp:featuredmedia":[{"embeddable":true,"href":"https:\/\/www.omie.com.br\/blog\/wp-json\/wp\/v2\/media\/11043"}],"wp:attachment":[{"href":"https:\/\/www.omie.com.br\/blog\/wp-json\/wp\/v2\/media?parent=6928"}],"wp:term":[{"taxonomy":"category","embeddable":true,"href":"https:\/\/www.omie.com.br\/blog\/wp-json\/wp\/v2\/categories?post=6928"},{"taxonomy":"post_tag","embeddable":true,"href":"https:\/\/www.omie.com.br\/blog\/wp-json\/wp\/v2\/tags?post=6928"}],"curies":[{"name":"wp","href":"https:\/\/api.w.org\/{rel}","templated":true}]}}