{"id":6981,"date":"2022-12-12T16:24:19","date_gmt":"2022-12-12T19:24:19","guid":{"rendered":"https:\/\/www.omie.com.br\/blog\/?p=6981"},"modified":"2024-06-17T17:55:32","modified_gmt":"2024-06-17T20:55:32","slug":"omie-na-imprensa-veja-os-destaques-dessa-semana-14","status":"publish","type":"post","link":"https:\/\/www.omie.com.br\/blog\/omie-na-imprensa-veja-os-destaques-dessa-semana-14\/","title":{"rendered":"Omie na Imprensa: veja os destaques dessa semana!"},"content":{"rendered":"<h2 id=\"\">Black Friday<\/h2>\n<p id=\"\"><strong id=\"\">Omie realiza Live Shop com Facundo Guerra, Fl\u00e1via Paix\u00e3o e Christiane Pelajo<\/strong><\/p>\n<p id=\"\">Em parceria com a ag\u00eancia Just Live, a Omie realizou a\u00e7\u00f5es especiais de Black Friday, incluindo uma ativa\u00e7\u00e3o com pr\u00eamios para quem participasse e uma Super Live especial com nomes importantes do empreendedorismo, em um est\u00fadio de vidro montado na Avenida Paulista.<\/p>\n<blockquote id=\"\"><p><strong id=\"\">Leia mais: <\/strong><a id=\"\" href=\"https:\/\/startupi.com.br\/omie-realiza-live-shop\/\" target=\"_blank\" rel=\"noopener\"><strong id=\"\">Startupi<\/strong><\/a><\/p><\/blockquote>\n<p id=\"\">\u200d<\/p>\n<p id=\"\"><strong id=\"\">Descontos especiais para Black Friday<\/strong><\/p>\n<p id=\"\">At\u00e9 o final de novembro, a Omie anunciou ofertas especiais relacionadas \u00e0 Black Friday, que abrangiam desde novos clientes a contadores parceiros, al\u00e9m de descontos para novos franqueados.<\/p>\n<blockquote id=\"\"><p>\u200d<strong id=\"\">Leia mais: <\/strong><a id=\"\" href=\"https:\/\/www.contabeis.com.br\/noticias\/53833\/omie-anuncia-descontos-especiais-para-periodo-da-black-friday\/\" target=\"_blank\" rel=\"noopener\"><strong id=\"\">Portal Cont\u00e1beis<\/strong><\/a><strong id=\"\"> | <\/strong><a id=\"\" href=\"https:\/\/www.portalcontnews.com.br\/omie-anuncia-descontos-especiais-para-periodo-da-black-friday\/\" target=\"_blank\" rel=\"noopener\"><strong id=\"\">Portal ContNews<\/strong><\/a><\/p><\/blockquote>\n<p id=\"\"><strong id=\"\">5 dicas para otimizar a gest\u00e3o de estoque na Black Friday e impulsionar vendas no varejo<\/strong><\/p>\n<p id=\"\"><strong id=\"\">\u200d<\/strong>Para ajudar empres\u00e1rios que enfrentaram a alta demanda no varejo, a Omie levantou dicas para como se preparar da melhor forma para o per\u00edodo da Black Friday e fim de ano, pensando tamb\u00e9m em como alavancar as vendas no varejo.<strong id=\"\">\u200d<\/strong><\/p>\n<blockquote id=\"\"><p><strong id=\"\">Leia mais: <\/strong><a id=\"\" href=\"https:\/\/novovarejo.com.br\/5-dicas-para-otimizar-a-gestao-de-estoque-na-black-friday-e-impulsionar-vendas-no-varejo\/\" target=\"_blank\" rel=\"noopener\"><strong id=\"\">Novo Varejo<\/strong><\/a><\/p><\/blockquote>\n<p id=\"\">\u200d<\/p>\n<h2 id=\"\">IODE-PMES<\/h2>\n<p id=\"\"><strong id=\"\">M\u00e9dia financeira das PMEs recua em outubro, mostra IODE-PMEs<\/strong><\/p>\n<p id=\"\">O IODE-PMES de outubro aponta recuo da m\u00e9dia financeira das pequenas e m\u00e9dias empresas em 3,9% em compara\u00e7\u00e3o ao m\u00eas anterior e 1,7% em rela\u00e7\u00e3o ao mesmo per\u00edodo de 2021.<\/p>\n<blockquote id=\"\"><p><strong id=\"\">Leia mais: <\/strong><a id=\"\" href=\"https:\/\/exame.com\/negocios\/media-financeira-das-pequenas-e-medias-empresas-recua-em-outubro-mostra-iode-pmes\/\" target=\"_blank\" rel=\"noopener\"><strong id=\"\">Exame<\/strong><\/a><strong id=\"\"> | <\/strong><a id=\"\" href=\"https:\/\/www.contabeis.com.br\/noticias\/53874\/indice-mostra-recuo-das-pmes-em-outubro-mas-media-acima-de-2021\/\" target=\"_blank\" rel=\"noopener\"><strong id=\"\">Portal Cont\u00e1beis<\/strong><\/a><\/p><\/blockquote>\n<p id=\"\">\u200d<\/p>\n<h2 id=\"\">Linker<\/h2>\n<p id=\"\"><strong id=\"\">100 ferramentas para sua empresa crescer em 2023<\/strong><\/p>\n<p id=\"\">O banco digital Linker, empresa adquirida pela Omie no final de 2021, foi indicada como uma das ferramentas ideais de finan\u00e7as que uma empresa precisa ter para se tornar uma empresa mais \u00e1gil, eficiente e lucrativa no pr\u00f3ximo ano<\/p>\n<blockquote id=\"\"><p><strong id=\"\">Leia mais: <\/strong><a id=\"\" href=\"https:\/\/extranet.cservice.io\/viewnews.html?newsId%3d29372391%26channelId%3d1934%26customerId%3dTZWiGDfKabSx4c9%2bFAVqtg%3d%3d%26newsletterId%3ded1445ff-4570-46d0-8740-5c5f78dd74ff\" target=\"_blank\" rel=\"noopener\"><strong id=\"\">PEGN<\/strong><\/a><\/p><\/blockquote>\n<p id=\"\">\u200d<\/p>\n<h2 id=\"\">Vagas\/RH<\/h2>\n<p id=\"\"><strong id=\"\">De olho no mercado de trabalho<\/strong>?<\/p>\n<p id=\"\">A Omie ganhou destaque em uma lista do Valor Investe sobre empresas com oportunidades em aberto para interessados em trabalhar na scale-up, al\u00e9m de mencionar a nova p\u00e1gina de carreiras da empresa.<strong id=\"\">\u200d<\/strong><\/p>\n<blockquote id=\"\"><p><strong id=\"\">Leia mais: <\/strong><a id=\"\" href=\"https:\/\/valorinveste.globo.com\/objetivo\/empreenda-se\/noticia\/2022\/11\/28\/de-olho-no-mercado-de-trabalho-confira-estas-130-oportunidades-que-estao-abertas.ghtml\" target=\"_blank\" rel=\"noopener\"><strong id=\"\">Valor Investe<\/strong><\/a><strong id=\"\"> | <\/strong><a id=\"\" href=\"https:\/\/jcconcursos.com.br\/noticia\/empregos\/omie-abre-56-novas-vagas-de-emprego-no-brasil-veja-cargos-104400\" target=\"_blank\" rel=\"noopener\"><strong id=\"\">JC Concursos (UOL)<\/strong><\/a><\/p><\/blockquote>\n<p id=\"\"><strong id=\"\">\u00a0<\/strong><\/p>\n<h2 id=\"\">Omie.Academy<\/h2>\n<p id=\"\"><strong id=\"\">Cursos gr\u00e1tis de tecnologia<\/strong><\/p>\n<p id=\"\">A Omie.Academy, pilar educacional da Omie, ganhou destaque como uma das institui\u00e7\u00f5es que oferecem cursos de capacita\u00e7\u00e3o gratuitos sobre tecnologia.<\/p>\n<blockquote id=\"\"><p>\u200d<strong id=\"\">Leia mais: <\/strong><a id=\"\" href=\"https:\/\/canaltech.com.br\/cursos\/cursos-gratis-de-tecnologia-capacitacao-para-pessoas-negras-e-pardas\/\" target=\"_blank\" rel=\"noopener\"><strong id=\"\">Canaltech<\/strong><\/a><strong id=\"\"> | <\/strong><a id=\"\" href=\"https:\/\/www.terra.com.br\/byte\/cursos-gratis-de-tecnologia-capacitacao-para-pessoas-negras-e-pardas,85ef6d87c87afb958e8f011a5313515e4irhp2hd.html\" target=\"_blank\" rel=\"noopener\"><strong id=\"\">Terra<\/strong><\/a><strong id=\"\"> | <\/strong><a id=\"\" href=\"https:\/\/br.financas.yahoo.com\/noticias\/cursos-gr%C3%A1tis-tecnologia-capacita%C3%A7%C3%A3o-para-150000131.html\" target=\"_blank\" rel=\"noopener\"><strong id=\"\">Yahoo Finan\u00e7as<\/strong><\/a><\/p><\/blockquote>\n<p id=\"\">\u200d<\/p>\n<h2 id=\"\">Omie conecta<\/h2>\n<p id=\"\"><strong id=\"\">Servi\u00e7os financeiros: captando e fidelizando clientes<\/strong><\/p>\n<p id=\"\">O gerente de sucesso do contador da Omie, Edgar Luna, convida especialistas cont\u00e1beis para mostrar quanto os servi\u00e7os financeiros s\u00e3o importantes na capta\u00e7\u00e3o e fideliza\u00e7\u00e3o dos clientes.<\/p>\n<blockquote id=\"\"><p><strong id=\"\">Ou\u00e7a em: <\/strong><a id=\"\" href=\"https:\/\/www.contabeis.com.br\/noticias\/53947\/servicos-financeiros-captando-e-fidelizando-clientes\/\" target=\"_blank\" rel=\"noopener\"><strong id=\"\">Portal Cont\u00e1beis<\/strong><\/a><\/p><\/blockquote>\n<h2 id=\"\">\u200d<br \/>\nInstitucional<\/h2>\n<p id=\"\"><strong id=\"\">Bol\u00e3o na Copa do Mundo<\/strong><\/p>\n<p id=\"\">Com objetivo de engajar seus colaboradores, a Omie est\u00e1 promovendo um bol\u00e3o para a Copa do Mundo 2022 que acontece dentro de seus canais de rede social corporativos e conta com ajuda da Ag\u00eancia DALE e o super app Dialog, colaborando para n\u00e3o haver enfraquecimento na comunica\u00e7\u00e3o interna.<a id=\"\" href=\"https:\/\/miriangasparin.com.br\/2022\/11\/engajando-os-colaboradores-bolao-da-copa-do-mundo-e-realizado-dentro-de-rede-social-corporativa\/\" target=\"_blank\" rel=\"noopener\"><strong id=\"\">\u200d<\/strong><\/a><\/p>\n<blockquote id=\"\"><p><strong id=\"\">Leia mais: <\/strong><a id=\"\" href=\"https:\/\/miriangasparin.com.br\/2022\/11\/engajando-os-colaboradores-bolao-da-copa-do-mundo-e-realizado-dentro-de-rede-social-corporativa\/\" target=\"_blank\" rel=\"noopener\"><strong id=\"\">Mirian Gasparin<br \/>\n<\/strong><\/a><\/p><\/blockquote>\n","protected":false},"excerpt":{"rendered":"<p>Confira os principais releases da Omie na imprensa nas \u00faltimas semanas.<\/p>\n","protected":false},"author":10,"featured_media":7359,"comment_status":"closed","ping_status":"closed","sticky":false,"template":"","format":"standard","meta":{"footnotes":""},"categories":[406],"tags":[],"class_list":["post-6981","post","type-post","status-publish","format-standard","has-post-thumbnail","hentry","category-imprensa"],"_links":{"self":[{"href":"https:\/\/www.omie.com.br\/blog\/wp-json\/wp\/v2\/posts\/6981","targetHints":{"allow":["GET"]}}],"collection":[{"href":"https:\/\/www.omie.com.br\/blog\/wp-json\/wp\/v2\/posts"}],"about":[{"href":"https:\/\/www.omie.com.br\/blog\/wp-json\/wp\/v2\/types\/post"}],"author":[{"embeddable":true,"href":"https:\/\/www.omie.com.br\/blog\/wp-json\/wp\/v2\/users\/10"}],"replies":[{"embeddable":true,"href":"https:\/\/www.omie.com.br\/blog\/wp-json\/wp\/v2\/comments?post=6981"}],"version-history":[{"count":1,"href":"https:\/\/www.omie.com.br\/blog\/wp-json\/wp\/v2\/posts\/6981\/revisions"}],"predecessor-version":[{"id":19007,"href":"https:\/\/www.omie.com.br\/blog\/wp-json\/wp\/v2\/posts\/6981\/revisions\/19007"}],"wp:featuredmedia":[{"embeddable":true,"href":"https:\/\/www.omie.com.br\/blog\/wp-json\/wp\/v2\/media\/7359"}],"wp:attachment":[{"href":"https:\/\/www.omie.com.br\/blog\/wp-json\/wp\/v2\/media?parent=6981"}],"wp:term":[{"taxonomy":"category","embeddable":true,"href":"https:\/\/www.omie.com.br\/blog\/wp-json\/wp\/v2\/categories?post=6981"},{"taxonomy":"post_tag","embeddable":true,"href":"https:\/\/www.omie.com.br\/blog\/wp-json\/wp\/v2\/tags?post=6981"}],"curies":[{"name":"wp","href":"https:\/\/api.w.org\/{rel}","templated":true}]}}